{"id":653,"date":"2011-08-25T21:45:40","date_gmt":"2011-08-25T21:45:40","guid":{"rendered":"http:\/\/miltonmarchioli.com.br\/blog\/?p=653"},"modified":"2022-01-03T09:53:33","modified_gmt":"2022-01-03T12:53:33","slug":"genetica-clinica-reuniao-de-integracao-clinica-na-famema","status":"publish","type":"post","link":"https:\/\/miltonmarchioli.com.br\/blog\/genetica-clinica-reuniao-de-integracao-clinica-na-famema\/","title":{"rendered":"Gen\u00e9tica Cl\u00ednica &#8211; Reuni\u00e3o de Integra\u00e7\u00e3o Cl\u00ednica na Famema"},"content":{"rendered":"<p><a href=\"https:\/\/miltonmarchioli.com.br\/blog\/wp-content\/uploads\/caso-clinico-5.jpg\"><img loading=\"lazy\" decoding=\"async\" class=\"alignleft wp-image-10247\" src=\"https:\/\/miltonmarchioli.com.br\/blog\/wp-content\/uploads\/caso-clinico-5-300x225.jpg\" alt=\"caso clinico 5\" width=\"250\" height=\"188\" srcset=\"https:\/\/miltonmarchioli.com.br\/blog\/wp-content\/uploads\/caso-clinico-5-300x225.jpg 300w, https:\/\/miltonmarchioli.com.br\/blog\/wp-content\/uploads\/caso-clinico-5.jpg 480w\" sizes=\"auto, (max-width: 250px) 100vw, 250px\" \/><\/a>Semin\u00e1rio de S\u00edndromes Gen\u00e9ticas\u00a0 discorrendo os exames f\u00edsicos, cari\u00f3tipos, e fisiopatogenia cada S\u00edndrome Gen\u00e9tica.<\/p>\n<p>As s\u00edndromes gen\u00e9ticas foram apresentadas em duas sess\u00f5es na aula magna de apresenta\u00e7\u00e3o do Prof. Dr. Daher Sabbag Filho.<\/p>\n<h6><a href=\"https:\/\/miltonmarchioli.com.br\/blog\/wp-content\/uploads\/aula-de-gen\u00e9tica-reuni\u00e3o-de-integra\u00e7\u00e3o-2011-PRIMEIRA-PARTE.pdf\"><span style=\"color: #339966;\">PARTE 1- S\u00cdNDROMES GEN\u00c9TICAS<\/span><\/a><\/h6>\n<h6><a href=\"https:\/\/miltonmarchioli.com.br\/blog\/wp-content\/uploads\/aula-de-gen\u00e9tica-reuni\u00e3o-de-integra\u00e7\u00e3o-2011-SEGUNDA-PARTE.pdf\"><span style=\"color: #3366ff;\">PARTE 2 &#8211; S\u00cdNDROMES GEN\u00c9TICAS<\/span><\/a><\/h6>\n<p>As doen\u00e7as gen\u00e9ticas s\u00e3o de extrema import\u00e2ncia para a forma\u00e7\u00e3o m\u00e9dica, e nesse semin\u00e1rio houve s\u00edntese das principais\u00a0 apresenta\u00e7\u00f5es cl\u00ednicas\u00a0 que\u00a0ocorrem no Ambulat\u00f3rio de Gen\u00e9tica Cl\u00ednica, o qual \u00e9 coordenado pelo professor Sabbag.<\/p>\n<p>Infelizmente esse semin\u00e1rio n\u00e3o \u00e9 apresentado dentro da grade curricular do 4\u00ba ano do curso de medicina, e n\u00e3o sabemos por que a Coordenadoria do Curso de Medicina da Famema n\u00e3o convida o docente para tal exposi\u00e7\u00e3o em aula magna.<\/p>\n<p>Em defesa do ensino superior com qualidade !<\/p>\n<p>Em defesa de aulas e semin\u00e1rios em cursos de medicina.<\/p>\n<p><a href=\"https:\/\/miltonmarchioli.com.br\/blog\/wp-content\/uploads\/caso-clinico-4.jpg\"><img loading=\"lazy\" decoding=\"async\" class=\"alignleft size-full wp-image-10248\" src=\"https:\/\/miltonmarchioli.com.br\/blog\/wp-content\/uploads\/caso-clinico-4.jpg\" alt=\"caso clinico 4\" width=\"600\" height=\"396\" srcset=\"https:\/\/miltonmarchioli.com.br\/blog\/wp-content\/uploads\/caso-clinico-4.jpg 600w, https:\/\/miltonmarchioli.com.br\/blog\/wp-content\/uploads\/caso-clinico-4-300x198.jpg 300w\" sizes=\"auto, (max-width: 600px) 100vw, 600px\" \/><\/a><\/p>\n","protected":false},"excerpt":{"rendered":"<p>Semin\u00e1rio de S\u00edndromes Gen\u00e9ticas\u00a0 discorrendo os exames f\u00edsicos, cari\u00f3tipos, e fisiopatogenia cada S\u00edndrome Gen\u00e9tica. As s\u00edndromes gen\u00e9ticas foram apresentadas em duas sess\u00f5es na aula magna de apresenta\u00e7\u00e3o do Prof. Dr. Daher Sabbag Filho. PARTE 1- S\u00cdNDROMES GEN\u00c9TICAS PARTE 2 &#8211; S\u00cdNDROMES GEN\u00c9TICAS As doen\u00e7as gen\u00e9ticas s\u00e3o de extrema import\u00e2ncia para a forma\u00e7\u00e3o m\u00e9dica, e nesse &hellip; <a href=\"https:\/\/miltonmarchioli.com.br\/blog\/genetica-clinica-reuniao-de-integracao-clinica-na-famema\/\" class=\"more-link\">Continue lendo <span class=\"screen-reader-text\">Gen\u00e9tica Cl\u00ednica &#8211; Reuni\u00e3o de Integra\u00e7\u00e3o Cl\u00ednica na Famema<\/span> <span class=\"meta-nav\">&rarr;<\/span><\/a><\/p>\n","protected":false},"author":2,"featured_media":0,"comment_status":"open","ping_status":"open","sticky":false,"template":"","format":"standard","meta":{"rop_custom_images_group":[],"rop_custom_messages_group":[],"rop_publish_now":"initial","rop_publish_now_accounts":[],"rop_publish_now_history":[],"rop_publish_now_status":"pending","footnotes":""},"categories":[332,67,13,9],"tags":[669,193,668],"class_list":["post-653","post","type-post","status-publish","format-standard","hentry","category-educacao","category-genetica-clinica","category-opiniao","category-saude-publica","tag-daher-sabbag-filho","tag-milton-marchioli","tag-reuniao-de-integracao-clinica-famema"],"_links":{"self":[{"href":"https:\/\/miltonmarchioli.com.br\/blog\/wp-json\/wp\/v2\/posts\/653","targetHints":{"allow":["GET"]}}],"collection":[{"href":"https:\/\/miltonmarchioli.com.br\/blog\/wp-json\/wp\/v2\/posts"}],"about":[{"href":"https:\/\/miltonmarchioli.com.br\/blog\/wp-json\/wp\/v2\/types\/post"}],"author":[{"embeddable":true,"href":"https:\/\/miltonmarchioli.com.br\/blog\/wp-json\/wp\/v2\/users\/2"}],"replies":[{"embeddable":true,"href":"https:\/\/miltonmarchioli.com.br\/blog\/wp-json\/wp\/v2\/comments?post=653"}],"version-history":[{"count":24,"href":"https:\/\/miltonmarchioli.com.br\/blog\/wp-json\/wp\/v2\/posts\/653\/revisions"}],"predecessor-version":[{"id":13391,"href":"https:\/\/miltonmarchioli.com.br\/blog\/wp-json\/wp\/v2\/posts\/653\/revisions\/13391"}],"wp:attachment":[{"href":"https:\/\/miltonmarchioli.com.br\/blog\/wp-json\/wp\/v2\/media?parent=653"}],"wp:term":[{"taxonomy":"category","embeddable":true,"href":"https:\/\/miltonmarchioli.com.br\/blog\/wp-json\/wp\/v2\/categories?post=653"},{"taxonomy":"post_tag","embeddable":true,"href":"https:\/\/miltonmarchioli.com.br\/blog\/wp-json\/wp\/v2\/tags?post=653"}],"curies":[{"name":"wp","href":"https:\/\/api.w.org\/{rel}","templated":true}]}}