{"id":6543,"date":"2010-07-22T11:14:07","date_gmt":"2010-07-22T14:14:07","guid":{"rendered":"http:\/\/miltonmarchioli.com.br\/blog\/?p=6543"},"modified":"2022-01-02T11:20:22","modified_gmt":"2022-01-02T14:20:22","slug":"outra-liminar-paralisa-os-trabalhos-dos-vereadores-integrantes-da-cpi-da-fumes","status":"publish","type":"post","link":"https:\/\/miltonmarchioli.com.br\/blog\/outra-liminar-paralisa-os-trabalhos-dos-vereadores-integrantes-da-cpi-da-fumes\/","title":{"rendered":"Outra liminar paralisa os trabalhos dos vereadores integrantes da CPI da Fumes"},"content":{"rendered":"<p><a href=\"https:\/\/miltonmarchioli.com.br\/blog\/wp-content\/uploads\/cpi-saude1.png\"><img loading=\"lazy\" decoding=\"async\" class=\"alignleft size-medium wp-image-10023\" src=\"https:\/\/miltonmarchioli.com.br\/blog\/wp-content\/uploads\/cpi-saude1-300x197.png\" alt=\"cpi saude\" width=\"300\" height=\"197\" srcset=\"https:\/\/miltonmarchioli.com.br\/blog\/wp-content\/uploads\/cpi-saude1-300x197.png 300w, https:\/\/miltonmarchioli.com.br\/blog\/wp-content\/uploads\/cpi-saude1.png 454w\" sizes=\"auto, (max-width: 300px) 100vw, 300px\" \/><\/a>Mais uma vez a Diretoria da Famema impediu outra CPI da Fumes de ser realizadas pelos vereadores Eduardo Gimenes, Wilson Damasceno e L\u00e1zaro J\u00fanior.<\/p>\n<p>O editorial do Jornal da Manh\u00e3 em 22-07-2010 assim explanou:<\/p>\n<p><strong>\u00c9 estranho! Mas a dire\u00e7\u00e3o da Famema conseguiu na Justi\u00e7a, mas uma vez, impedir que a C\u00e2mara Municipal de Mar\u00edlia investigue a Funda\u00e7\u00e3o Municipal de Ensino Superior \u2013 Fumes. <\/strong><\/p>\n<p><strong>Diante de liminar concedida pelo juiz da 5\u00aa Vara C\u00edvel da Comarca de Mar\u00edlia, Henrique Berlofa Villaverde, a CPI instalada no m\u00eas passado, tendo como presidente o vereador Eduardo Gimenes, ainda n\u00e3o poder\u00e1 ser levada adiante.<\/strong><\/p>\n<p><strong>O mesmo aconteceu com a primeira CPI instalada no ano passado e que foi barrada, tamb\u00e9m por liminar, mas da 4\u00aa Vara C\u00edvel. A dire\u00e7\u00e3o da Famema insiste em que n\u00e3o h\u00e1 motivos para investiga\u00e7\u00f5es e a tese utilizada pela defesa, aceita pelo juiz Henrique Berlofa Villaverde, \u00e9 de que \u201ca CPI instaurada n\u00e3o indica um fato certo e determinado a ser apurado, visa, em verdade, levantar toda a aplica\u00e7\u00e3o do or\u00e7amento repassado a Fumes de v\u00e1rios anos, o que inviabiliza a pr\u00f3pria investiga\u00e7\u00e3o\u201d.<\/strong><\/p>\n<p><strong>Mais uma vez fica inevit\u00e1vel a pergunta: por que a dire\u00e7\u00e3o da Famema tem tanto medo de uma investiga\u00e7\u00e3o da CPI? Afinal de contas, quem n\u00e3o deve, n\u00e3o teme!<\/strong><\/p>\n<p><strong>\u00c9 bom que fique bem claro: a liminar n\u00e3o extingue a CPI, j\u00e1 que ainda h\u00e1 necessidade do julgamento do m\u00e9rito dessa a\u00e7\u00e3o. O presidente da CPI, Eduardo Gimenes, deixou bem claro que h\u00e1 motivos de sobra para uma investiga\u00e7\u00e3o e n\u00e3o s\u00f3 n\u00e3o enxerga quem n\u00e3o quer. <\/strong><\/p>\n<p><strong>A CPI deveria verificar d\u00edvidas relativas ao Fundo de Garantia por Tempo de Servi\u00e7o e ao Instituto Nacional de Seguridade Social (INSS) dos funcion\u00e1rios da autarquia. Segundo o vereador Gimenes \u201ca Fumes quer transferir mais de 2 mil cargos para a Prefeitura, que acabar\u00e1 assumindo a d\u00edvida do FGTS e INSS, caso a C\u00e2mara Municipal aprove projeto de lei que est\u00e1 em tramita\u00e7\u00e3o\u201d. <\/strong><\/p>\n<p><strong>Os vereadores precisam ter muito cuidado, para n\u00e3o serem responsabilizados futuramente caso aprovem este projeto. <\/strong><\/p>\n<p><strong>Ao mesmo tempo a dire\u00e7\u00e3o da Famema quer extinguir a Fumes (sem qualquer investiga\u00e7\u00e3o) e tornar de utilidade p\u00fablica uma outra entidade, a Famar, que passaria a receber os recursos do munic\u00edpio. \u201cH\u00e1 algo de podre no reino da Dinamarca\u201d (William Shakespeare, em Hamlet).<\/strong><\/p>\n<p><strong>Cabe, legitimamente, \u00e0 Comiss\u00e3o Parlamentar de Inqu\u00e9rito saber de que forma, por quem e onde est\u00e3o sendo ou foram utilizados os recursos repassados pelo Governo \u00e0 Fumes. S\u00f3 neste ano o or\u00e7amento prev\u00ea R$ 86,7 milh\u00f5es. <\/strong><\/p>\n<p><strong>Afinal de contas, \u00e9 o dinheiro do contribuinte que est\u00e1 em jogo e que pode ir para a sepultura junto com a Fumes. E dinheiro p\u00fablico \u00e9 coisa s\u00e9ria. A Justi\u00e7a deveria ser a primeira interessada em ver tudo muito bem apurado. Afinal de contas, se n\u00e3o h\u00e1 nada de errado, por que n\u00e3o deixar investigar? <\/strong><\/p>\n<p><strong>Se a CPI investigar e concluir que tudo est\u00e1 correto, ent\u00e3o ser\u00e1 praticamente um atestado de idoneidade \u00e0 Famema. <\/strong><\/p>\n<p><strong>Ou n\u00e3o?<\/strong><\/p>\n<p>Em defesa da CPI da Fumes-Famar para se avaliar os contratos milion\u00e1rios terceirizados na institui\u00e7\u00e3o !<\/p>\n<p><a href=\"https:\/\/miltonmarchioli.com.br\/blog\/wp-content\/uploads\/cpi.jpg\"><img loading=\"lazy\" decoding=\"async\" class=\"aligncenter size-full wp-image-9379\" src=\"https:\/\/miltonmarchioli.com.br\/blog\/wp-content\/uploads\/cpi.jpg\" alt=\"cpi\" width=\"600\" height=\"321\" srcset=\"https:\/\/miltonmarchioli.com.br\/blog\/wp-content\/uploads\/cpi.jpg 600w, https:\/\/miltonmarchioli.com.br\/blog\/wp-content\/uploads\/cpi-300x161.jpg 300w\" sizes=\"auto, (max-width: 600px) 100vw, 600px\" \/><\/a><\/p>\n","protected":false},"excerpt":{"rendered":"<p>Mais uma vez a Diretoria da Famema impediu outra CPI da Fumes de ser realizadas pelos vereadores Eduardo Gimenes, Wilson Damasceno e L\u00e1zaro J\u00fanior. O editorial do Jornal da Manh\u00e3 em 22-07-2010 assim explanou: \u00c9 estranho! Mas a dire\u00e7\u00e3o da Famema conseguiu na Justi\u00e7a, mas uma vez, impedir que a C\u00e2mara Municipal de Mar\u00edlia investigue &hellip; <a href=\"https:\/\/miltonmarchioli.com.br\/blog\/outra-liminar-paralisa-os-trabalhos-dos-vereadores-integrantes-da-cpi-da-fumes\/\" class=\"more-link\">Continue lendo <span class=\"screen-reader-text\">Outra liminar paralisa os trabalhos dos vereadores integrantes da CPI da Fumes<\/span> <span class=\"meta-nav\">&rarr;<\/span><\/a><\/p>\n","protected":false},"author":2,"featured_media":0,"comment_status":"open","ping_status":"open","sticky":false,"template":"","format":"standard","meta":{"rop_custom_images_group":[],"rop_custom_messages_group":[],"rop_publish_now":"initial","rop_publish_now_accounts":[],"rop_publish_now_history":[],"rop_publish_now_status":"pending","footnotes":""},"categories":[18,8,13,366],"tags":[87],"class_list":["post-6543","post","type-post","status-publish","format-standard","hentry","category-direito","category-direito-e-saude","category-opiniao","category-politica","tag-cpi-fumes"],"_links":{"self":[{"href":"https:\/\/miltonmarchioli.com.br\/blog\/wp-json\/wp\/v2\/posts\/6543","targetHints":{"allow":["GET"]}}],"collection":[{"href":"https:\/\/miltonmarchioli.com.br\/blog\/wp-json\/wp\/v2\/posts"}],"about":[{"href":"https:\/\/miltonmarchioli.com.br\/blog\/wp-json\/wp\/v2\/types\/post"}],"author":[{"embeddable":true,"href":"https:\/\/miltonmarchioli.com.br\/blog\/wp-json\/wp\/v2\/users\/2"}],"replies":[{"embeddable":true,"href":"https:\/\/miltonmarchioli.com.br\/blog\/wp-json\/wp\/v2\/comments?post=6543"}],"version-history":[{"count":9,"href":"https:\/\/miltonmarchioli.com.br\/blog\/wp-json\/wp\/v2\/posts\/6543\/revisions"}],"predecessor-version":[{"id":13362,"href":"https:\/\/miltonmarchioli.com.br\/blog\/wp-json\/wp\/v2\/posts\/6543\/revisions\/13362"}],"wp:attachment":[{"href":"https:\/\/miltonmarchioli.com.br\/blog\/wp-json\/wp\/v2\/media?parent=6543"}],"wp:term":[{"taxonomy":"category","embeddable":true,"href":"https:\/\/miltonmarchioli.com.br\/blog\/wp-json\/wp\/v2\/categories?post=6543"},{"taxonomy":"post_tag","embeddable":true,"href":"https:\/\/miltonmarchioli.com.br\/blog\/wp-json\/wp\/v2\/tags?post=6543"}],"curies":[{"name":"wp","href":"https:\/\/api.w.org\/{rel}","templated":true}]}}