{"id":6572,"date":"2010-02-07T19:12:41","date_gmt":"2010-02-07T21:12:41","guid":{"rendered":"http:\/\/miltonmarchioli.com.br\/blog\/?p=6572"},"modified":"2022-01-07T11:42:03","modified_gmt":"2022-01-07T14:42:03","slug":"por-que-surgiu-a-famar","status":"publish","type":"post","link":"https:\/\/miltonmarchioli.com.br\/blog\/por-que-surgiu-a-famar\/","title":{"rendered":"Por que surgiu a Famar ? Onde est\u00e1 sediada a Famar?"},"content":{"rendered":"<div id=\"gallery\">\n<div id=\"noticia\">\n<p><a href=\"https:\/\/miltonmarchioli.com.br\/blog\/wp-content\/uploads\/FAMAR-1.jpg\"><img loading=\"lazy\" decoding=\"async\" class=\"alignleft size-medium wp-image-6575\" title=\"FAMAR- 1\" src=\"https:\/\/miltonmarchioli.com.br\/blog\/wp-content\/uploads\/FAMAR-1-300x164.jpg\" alt=\"\" width=\"300\" height=\"164\" srcset=\"https:\/\/miltonmarchioli.com.br\/blog\/wp-content\/uploads\/FAMAR-1-300x164.jpg 300w, https:\/\/miltonmarchioli.com.br\/blog\/wp-content\/uploads\/FAMAR-1.jpg 656w\" sizes=\"auto, (max-width: 300px) 100vw, 300px\" \/><\/a>Sem a necessidade de passar por processo de aprova\u00e7\u00e3o na C\u00e2mara\u00a0 Municipal de Mar\u00edlia, a rec\u00e9m- criada Funda\u00e7\u00e3o de Apoio \u00e0 Faculdade de Medicina de Mar\u00edlia (Famar) mant\u00e9m h\u00e1 24 meses as atividades da Funda\u00e7\u00e3o Municipal de Ensino Superior de Mar\u00edlia (Fumes) com verbas do Sistema \u00danico de Sa\u00fade (SUS) para gerir o Complexo Famema.<\/p>\n<p>A mudan\u00e7a na gest\u00e3o financeira do Complexo Famema foi autorizada em conv\u00eanio v\u00e1lido por 60 meses &#8211; v\u00e1lido at\u00e9 2.012 &#8211; assinado em 11 de janeiro de 2008 entre Secretaria da Sa\u00fade do Estado de S\u00e3o Paulo e a autarquia Famema, representada pela Famar.<\/p>\n<p>A proposta da cria\u00e7\u00e3o da Famar foi feita pelo Diretor de Departamento Regional de Sa\u00fade IX do Estado de S\u00e3o Paulo , Maur\u00edcio Egydio Bertolino, e confirmada pelo Secret\u00e1rio Estadual da Sa\u00fade, Luiz Roberto Barradas Barata, no processo de conv\u00eanio da Famar-SUS.<\/p>\n<p>Quest\u00f5es cruciais a serem respondidas:<\/p>\n<p><strong>Inabilitada a Fumes para receber verbas SUS.<\/strong><\/p>\n<p>Inabilitada pela Secretaria de Estado da Sa\u00fade (SES) para receber os recursos do SUS desde janeiro de 2007, a Fumes n\u00e3o deixou de participar do novo conv\u00eanio de assist\u00eancia \u00e0 Sa\u00fade.<\/p>\n<p>Ainda no nome da Fumes est\u00e3o as licen\u00e7as de funcionamento e os relat\u00f3rios de inspe\u00e7\u00e3o de depend\u00eancias hospitalares da Vigil\u00e2ncia Sanit\u00e1ria e as listas patrimoniais, de funcion\u00e1rios e servi\u00e7os prestados e encaminhado \u00e0 SES.<\/p>\n<p>A Famar, criada em agosto de 2007, apenas quatro meses antes da celebra\u00e7\u00e3o do conv\u00eanio em 2008, restou apenas anexar as certid\u00f5es negativas de d\u00e9bitos relativos \u00e0s contribui\u00e7\u00f5es previdenci\u00e1rias e de terceiros na Receita Federal, na Caixa Econ\u00f4mica Federal (CEF) e no Minist\u00e9rio da Fazenda.<\/p>\n<p><strong>Verba garantida para a Famar<\/strong><\/p>\n<p>Assinado o conv\u00eanio, a Famar garantiu o fluxo de dinheiro p\u00fablico aos seus cofres. Pelo conv\u00eanio, o governo estadual comprometeu-se em repassar mensalmente do Fundo Nacional de Sa\u00fade quase R$ 2,5 milh\u00f5es.<\/p>\n<p>Os valores foram corrigidos ap\u00f3s um processo de \u2018reti-ratifica\u00e7\u00e3o\u2019, que incrementou mais R$ 1,5 milh\u00e3o \u00e0 soma anterior, reservados \u00e0s a\u00e7\u00f5es de m\u00e9dia complexidade, cujas cifras saltaram de R$ 1.498.258,23 para R$ 3.002.685,37 por m\u00eas.<\/p>\n<p>Segundo o Or\u00e7amento Geral do Munic\u00edpio de Mar\u00edlia para o exerc\u00edcio financeiro de 2.010 (projeto de lei 167\/2009, a Fumes &#8211; e n\u00e3o a Famar &#8211; receber\u00e1 pelo menos R$ 86.761.200,00.<\/p>\n<p>Por que a Fumes, e n\u00e3o a Famar, recebeu verbas do Or\u00e7amento Geral do Munic\u00edpio em 2010 ?<\/p>\n<p>A Prefeitura\u00a0 Municipal de Mar\u00edlia n\u00e3o reconhece a Famar como mantenedora do complexo administrado pela Fumes &#8211; Ambulat\u00f3rio de Sa\u00fade Mental, Centro de Atendimento Psicoter\u00e1pico, Hemocentro e as Unidades I e II do Hospital das Cl\u00ednicas.<\/p>\n<p>Certid\u00e3o expedida em em 2009 pela Secretaria Municipal da Administra\u00e7\u00e3o informa que \u201cn\u00e3o h\u00e1 qualquer legisla\u00e7\u00e3o municipal que esteja vinculada \u00e0 Famar, seja relacionada a autoriza\u00e7\u00e3o para celebra\u00e7\u00e3o de conv\u00eanio ou qualquer outra finalidade\u201d.<\/p>\n<p>A inabilita\u00e7\u00e3o da Fumes e a cria\u00e7\u00e3o da Famar para substitu\u00ed-la levou a C\u00e2mara a criar uma Comiss\u00e3o Parlamentar de Inqu\u00e9rito (CPI), em outubro de 2009, para fiscalizar as entidades.<\/p>\n<p>A a\u00e7\u00e3o durou pouco: uma liminar favor\u00e1vel \u00e0 Famar interrompeu a CPI, que recorreu da decis\u00e3o.<\/p>\n<p>A Famar tem sua sede na Rua Carlos Botelho 246, Jardim Maria\u00a0 Izabel, na cidade de Mar\u00edlia, e segundo o Google Maps trata-se de um consult\u00f3rio m\u00e9dico em pleno funcionamento e atividades de consulta m\u00e9dica.<\/p>\n<p><a href=\"https:\/\/miltonmarchioli.com.br\/blog\/wp-content\/uploads\/FAMAR-31.jpg\"><img loading=\"lazy\" decoding=\"async\" class=\"aligncenter wp-image-6574\" title=\"FAMAR - 3\" src=\"https:\/\/miltonmarchioli.com.br\/blog\/wp-content\/uploads\/FAMAR-31.jpg\" alt=\"\" width=\"585\" height=\"364\" srcset=\"https:\/\/miltonmarchioli.com.br\/blog\/wp-content\/uploads\/FAMAR-31.jpg 620w, https:\/\/miltonmarchioli.com.br\/blog\/wp-content\/uploads\/FAMAR-31-300x186.jpg 300w\" sizes=\"auto, (max-width: 585px) 100vw, 585px\" \/><\/a><\/p>\n<\/div>\n<\/div>\n","protected":false},"excerpt":{"rendered":"<p>Sem a necessidade de passar por processo de aprova\u00e7\u00e3o na C\u00e2mara\u00a0 Municipal de Mar\u00edlia, a rec\u00e9m- criada Funda\u00e7\u00e3o de Apoio \u00e0 Faculdade de Medicina de Mar\u00edlia (Famar) mant\u00e9m h\u00e1 24 meses as atividades da Funda\u00e7\u00e3o Municipal de Ensino Superior de Mar\u00edlia (Fumes) com verbas do Sistema \u00danico de Sa\u00fade (SUS) para gerir o Complexo Famema. &hellip; <a href=\"https:\/\/miltonmarchioli.com.br\/blog\/por-que-surgiu-a-famar\/\" class=\"more-link\">Continue lendo <span class=\"screen-reader-text\">Por que surgiu a Famar ? Onde est\u00e1 sediada a Famar?<\/span> <span class=\"meta-nav\">&rarr;<\/span><\/a><\/p>\n","protected":false},"author":2,"featured_media":0,"comment_status":"open","ping_status":"open","sticky":false,"template":"","format":"standard","meta":{"rop_custom_images_group":[],"rop_custom_messages_group":[],"rop_publish_now":"initial","rop_publish_now_accounts":[],"rop_publish_now_history":[],"rop_publish_now_status":"pending","footnotes":""},"categories":[8,366,9],"tags":[697,632,633],"class_list":["post-6572","post","type-post","status-publish","format-standard","hentry","category-direito-e-saude","category-politica","category-saude-publica","tag-famar","tag-fundacao-de-apoio-a-faculdade-de-medicina-de-marilia","tag-sede-da-famar-rua-carlos-botelho-246"],"_links":{"self":[{"href":"https:\/\/miltonmarchioli.com.br\/blog\/wp-json\/wp\/v2\/posts\/6572","targetHints":{"allow":["GET"]}}],"collection":[{"href":"https:\/\/miltonmarchioli.com.br\/blog\/wp-json\/wp\/v2\/posts"}],"about":[{"href":"https:\/\/miltonmarchioli.com.br\/blog\/wp-json\/wp\/v2\/types\/post"}],"author":[{"embeddable":true,"href":"https:\/\/miltonmarchioli.com.br\/blog\/wp-json\/wp\/v2\/users\/2"}],"replies":[{"embeddable":true,"href":"https:\/\/miltonmarchioli.com.br\/blog\/wp-json\/wp\/v2\/comments?post=6572"}],"version-history":[{"count":9,"href":"https:\/\/miltonmarchioli.com.br\/blog\/wp-json\/wp\/v2\/posts\/6572\/revisions"}],"predecessor-version":[{"id":13502,"href":"https:\/\/miltonmarchioli.com.br\/blog\/wp-json\/wp\/v2\/posts\/6572\/revisions\/13502"}],"wp:attachment":[{"href":"https:\/\/miltonmarchioli.com.br\/blog\/wp-json\/wp\/v2\/media?parent=6572"}],"wp:term":[{"taxonomy":"category","embeddable":true,"href":"https:\/\/miltonmarchioli.com.br\/blog\/wp-json\/wp\/v2\/categories?post=6572"},{"taxonomy":"post_tag","embeddable":true,"href":"https:\/\/miltonmarchioli.com.br\/blog\/wp-json\/wp\/v2\/tags?post=6572"}],"curies":[{"name":"wp","href":"https:\/\/api.w.org\/{rel}","templated":true}]}}