{"id":659,"date":"2011-08-25T21:55:22","date_gmt":"2011-08-25T21:55:22","guid":{"rendered":"http:\/\/miltonmarchioli.com.br\/blog\/?p=659"},"modified":"2022-01-03T09:55:27","modified_gmt":"2022-01-03T12:55:27","slug":"tratamento-da-enxaqueca-seminario-curso-de-medicina-da-famema","status":"publish","type":"post","link":"https:\/\/miltonmarchioli.com.br\/blog\/tratamento-da-enxaqueca-seminario-curso-de-medicina-da-famema\/","title":{"rendered":"Tratamento da Enxaqueca. Semin\u00e1rio. Curso de Medicina da Famema"},"content":{"rendered":"<p><a href=\"https:\/\/miltonmarchioli.com.br\/blog\/wp-content\/uploads\/enxaqueca-vermelho.jpg\"><img loading=\"lazy\" decoding=\"async\" class=\"alignleft wp-image-10252\" src=\"https:\/\/miltonmarchioli.com.br\/blog\/wp-content\/uploads\/enxaqueca-vermelho-300x199.jpg\" alt=\"enxaqueca - vermelho\" width=\"280\" height=\"186\" srcset=\"https:\/\/miltonmarchioli.com.br\/blog\/wp-content\/uploads\/enxaqueca-vermelho-300x199.jpg 300w, https:\/\/miltonmarchioli.com.br\/blog\/wp-content\/uploads\/enxaqueca-vermelho.jpg 620w\" sizes=\"auto, (max-width: 280px) 100vw, 280px\" \/><\/a>Semin\u00e1rio apresentado pelos acad\u00eamicos de medicina do 4\u00ba ano do curso de medicina da Famema &#8211;\u00a0 Cintia Delbem Albino, Caroline Alberghini e\u00a0 Felipe\u00a0 Lacerda- Ambulat\u00f3rio de Cefaleia- Ambulat\u00f3rio M\u00e1rio Covas- disciplinas\u00a0 Neurologia e Educa\u00e7\u00e3o em Ci\u00eancias da Sa\u00fade. Excelente revis\u00e3o dos principais f\u00e1rmacos envolvidos na <a href=\"https:\/\/miltonmarchioli.com.br\/blog\/wp-content\/uploads\/Tratamento-da-enxaqueca-Cintia-Felipe-Caroline.ppt\">profilaxia e tratamento da crise de enxaqueca<\/a>.<\/p>\n<p>A compreens\u00e3o dos f\u00e1rmacos principalmente em\u00a0farmacocin\u00e9tica e farmacodin\u00e2mica \u00e9 de fundamental import\u00e2ncia no sucesso do tratamento na cefaleias prim\u00e1rias.<\/p>\n<p>Associa\u00e7\u00f5es de f\u00e1rmacos de mecanismos de a\u00e7\u00e3o semelhantes n\u00e3o aumentam a efic\u00e1cia do tratamento, e \u00e0s vezes surge at\u00e9 a cefaleia secund\u00e1ria pelo uso abusivo de analg\u00e9sicos em tratamento ineficaz, ou a pr\u00f3pria automedica\u00e7\u00e3o que adv\u00e9m do pr\u00f3prio paciente na busca do al\u00edvio da dor.<\/p>\n<p>A enxaqueca tem preval\u00eancia\u00a0 em m\u00e9dia, variando um pouco de 15% da popula\u00e7\u00e3o, e \u00e9 uma doen\u00e7a extremamente debilitante, com muitas perdas laborais em crises migranosas.<\/p>\n<p>A OMS (Organiza\u00e7\u00e3o Mundial de Sa\u00fade) apontou a enxaqueca como a quarta doen\u00e7a cr\u00f4nica mais incapacitante no mundo, atr\u00e1s apenas da tetraplegia, psicose e dem\u00eancia.<\/p>\n<p>A\u00a0 enxaqueca \u00e9 de causa gen\u00e9tica.<\/p>\n<p>A dor intensa de cabe\u00e7a, que pode vir associada a outros sintomas, \u00e9 t\u00e3o perturbadora que, nos Estados Unidos, o governo calcula perder milh\u00f5es de d\u00f3lares por ano com funcion\u00e1rios que faltam ao trabalho por causa da doen\u00e7a.<\/p>\n<p>A enxaqueca \u00e9 uma cefaleia benigna, isto \u00e9, n\u00e3o est\u00e1 relacionada a tumores ou outras mol\u00e9stias graves.<\/p>\n<p>Na crise, o paciente pode sentir intoler\u00e2ncia \u00e0 luz e a cheiros, n\u00e1useas ou v\u00f4mito e vertigem.<\/p>\n<p>A dor \u00e9 puls\u00e1til ou latejante, ocorrendo de um lado da cabe\u00e7a, ou alternando de um lado para outro durante os epis\u00f3dios. A dura\u00e7\u00e3o vai de quatro a 72 horas e costuma piorar com esfor\u00e7o f\u00edsico e melhorar com repouso e sono.<\/p>\n<p>Algumas pessoas, antes de a dor chegar, podem sofrer com perturba\u00e7\u00f5es visuais (enxergar pontos luminosos, por exemplo) ou formigamentos em alguma parte do corpo.<\/p>\n<p>A Sociedade Internacional de Cefaleia reconhece mais de 150 modalidades de dor de cabe\u00e7a, e a enxaqueca \u00e9 uma delas.<\/p>\n<p>Em cerca de 15% dos casos, o quadro de dor \u00e9 precedido por uma aura premonit\u00f3ria que envolve sinais neurol\u00f3gicos \u2013 como as altera\u00e7\u00f5es visuais.<\/p>\n<p>O tratamento mais eficaz \u00e9 multidisciplinar e a maioria dos m\u00e9dicos defende que medidas preventivas devem ser institu\u00eddas quando acontecem pelo menos dois ataques por m\u00eas, ou quando h\u00e1 aumento na incid\u00eancia das crises.<\/p>\n<p>Neuromoduladores, betabloqueadores, antidepressivos tric\u00edclicos, anticonvulsivantes\u00a0 s\u00e3o empregados na profilaxia.<\/p>\n<p>Na crise triptanos ou anti-inflamat\u00f3rios\u00a0 mais analg\u00e9sico s\u00e3o op\u00e7\u00f5es interessantes.<\/p>\n<p>Como doen\u00e7a neurol\u00f3gica gen\u00e9tica, n\u00e3o h\u00e1 cura.<\/p>\n<p>O Ambulat\u00f3rio de Cefaleia \u00a0 tem recebido encaminhamento dos usu\u00e1rios do Departamento Regional de Sa\u00fade IX para atendimento e tratamento.<\/p>\n<p>Lutemos por uma Sa\u00fade P\u00fablica com qualidade !<\/p>\n<p><img loading=\"lazy\" decoding=\"async\" class=\"aligncenter size-full wp-image-11744\" src=\"https:\/\/miltonmarchioli.com.br\/blog\/wp-content\/uploads\/enxaqueca-mulher-m\u00e3os-na-cabe\u00e7a.jpg\" alt=\"enxaqueca- mulher m\u00e3os na cabe\u00e7a\" width=\"300\" height=\"451\" srcset=\"https:\/\/miltonmarchioli.com.br\/blog\/wp-content\/uploads\/enxaqueca-mulher-m\u00e3os-na-cabe\u00e7a.jpg 300w, https:\/\/miltonmarchioli.com.br\/blog\/wp-content\/uploads\/enxaqueca-mulher-m\u00e3os-na-cabe\u00e7a-200x300.jpg 200w\" sizes=\"auto, (max-width: 300px) 100vw, 300px\" \/><\/p>\n","protected":false},"excerpt":{"rendered":"<p>Semin\u00e1rio apresentado pelos acad\u00eamicos de medicina do 4\u00ba ano do curso de medicina da Famema &#8211;\u00a0 Cintia Delbem Albino, Caroline Alberghini e\u00a0 Felipe\u00a0 Lacerda- Ambulat\u00f3rio de Cefaleia- Ambulat\u00f3rio M\u00e1rio Covas- disciplinas\u00a0 Neurologia e Educa\u00e7\u00e3o em Ci\u00eancias da Sa\u00fade. Excelente revis\u00e3o dos principais f\u00e1rmacos envolvidos na profilaxia e tratamento da crise de enxaqueca. A compreens\u00e3o dos &hellip; <a href=\"https:\/\/miltonmarchioli.com.br\/blog\/tratamento-da-enxaqueca-seminario-curso-de-medicina-da-famema\/\" class=\"more-link\">Continue lendo <span class=\"screen-reader-text\">Tratamento da Enxaqueca. Semin\u00e1rio. Curso de Medicina da Famema<\/span> <span class=\"meta-nav\">&rarr;<\/span><\/a><\/p>\n","protected":false},"author":2,"featured_media":0,"comment_status":"open","ping_status":"open","sticky":false,"template":"","format":"standard","meta":{"rop_custom_images_group":[],"rop_custom_messages_group":[],"rop_publish_now":"initial","rop_publish_now_accounts":[],"rop_publish_now_history":[],"rop_publish_now_status":"pending","footnotes":""},"categories":[332,4,13,9],"tags":[657,193],"class_list":["post-659","post","type-post","status-publish","format-standard","hentry","category-educacao","category-neurologia","category-opiniao","category-saude-publica","tag-ambulatorio-de-cefaleia-ambulatorio-mario-covas-famema","tag-milton-marchioli"],"_links":{"self":[{"href":"https:\/\/miltonmarchioli.com.br\/blog\/wp-json\/wp\/v2\/posts\/659","targetHints":{"allow":["GET"]}}],"collection":[{"href":"https:\/\/miltonmarchioli.com.br\/blog\/wp-json\/wp\/v2\/posts"}],"about":[{"href":"https:\/\/miltonmarchioli.com.br\/blog\/wp-json\/wp\/v2\/types\/post"}],"author":[{"embeddable":true,"href":"https:\/\/miltonmarchioli.com.br\/blog\/wp-json\/wp\/v2\/users\/2"}],"replies":[{"embeddable":true,"href":"https:\/\/miltonmarchioli.com.br\/blog\/wp-json\/wp\/v2\/comments?post=659"}],"version-history":[{"count":24,"href":"https:\/\/miltonmarchioli.com.br\/blog\/wp-json\/wp\/v2\/posts\/659\/revisions"}],"predecessor-version":[{"id":13392,"href":"https:\/\/miltonmarchioli.com.br\/blog\/wp-json\/wp\/v2\/posts\/659\/revisions\/13392"}],"wp:attachment":[{"href":"https:\/\/miltonmarchioli.com.br\/blog\/wp-json\/wp\/v2\/media?parent=659"}],"wp:term":[{"taxonomy":"category","embeddable":true,"href":"https:\/\/miltonmarchioli.com.br\/blog\/wp-json\/wp\/v2\/categories?post=659"},{"taxonomy":"post_tag","embeddable":true,"href":"https:\/\/miltonmarchioli.com.br\/blog\/wp-json\/wp\/v2\/tags?post=659"}],"curies":[{"name":"wp","href":"https:\/\/api.w.org\/{rel}","templated":true}]}}