{"id":67,"date":"2011-03-09T03:16:35","date_gmt":"2011-03-09T03:16:35","guid":{"rendered":"http:\/\/miltonmarchioli.com.br\/blog\/?p=67"},"modified":"2022-01-07T11:32:17","modified_gmt":"2022-01-07T14:32:17","slug":"fisiopatogenia-da-enxaqueca-seminario-curso-de-medicina-da-famema-3","status":"publish","type":"post","link":"https:\/\/miltonmarchioli.com.br\/blog\/fisiopatogenia-da-enxaqueca-seminario-curso-de-medicina-da-famema-3\/","title":{"rendered":"Fisiopatogenia da Enxaqueca. Semin\u00e1rio. Curso de Medicina da Famema"},"content":{"rendered":"<p><a href=\"http:\/\/www.miltonmarchioli.com.br\/blog\/wp-content\/uploads\/enxaqueca-1.jpg\"><img loading=\"lazy\" decoding=\"async\" class=\"alignleft size-medium wp-image-13495\" src=\"http:\/\/www.miltonmarchioli.com.br\/blog\/wp-content\/uploads\/enxaqueca-1-300x200.jpg\" alt=\"enxaqueca\" width=\"300\" height=\"200\" srcset=\"https:\/\/miltonmarchioli.com.br\/blog\/wp-content\/uploads\/enxaqueca-1-300x200.jpg 300w, https:\/\/miltonmarchioli.com.br\/blog\/wp-content\/uploads\/enxaqueca-1.jpg 626w\" sizes=\"auto, (max-width: 300px) 100vw, 300px\" \/><\/a>A fisiopatogenia da enxaqueca\u00a0 foi inicialmente\u00a0 observada pelo pesquisador brasileiro Aristides Le\u00e3o, ao observar\u00a0 uma &#8220;onda de despolariza\u00e7\u00e3o&#8221;\u00a0 na c\u00f3rtex cerebral\u00a0 em exame de eletroencefalograma, e que ap\u00f3s essa constata\u00e7\u00e3o segue-se a dor de cabe\u00e7a.<\/p>\n<p>Em 1944, ao trabalhar em sua tese de doutorado pela Universidade de Harvard, o neurofisiologista\u00a0 brasileiro Aristides Le\u00e3o descobriu uma rea\u00e7\u00e3o ocorrida no c\u00f3rtex cerebral e ainda n\u00e3o observada.<\/p>\n<p>O fen\u00f4meno foi batizado como &#8220;depress\u00e3o alastrante de Le\u00e3o&#8221;, mas tamb\u00e9m ficou conhecido como &#8220;A Onda de Le\u00e3o&#8221;.<\/p>\n<p>De acordo com as investiga\u00e7\u00f5es posteriores de Le\u00e3o, a &#8220;depress\u00e3o alastrante&#8221; n\u00e3o ocorre apenas no c\u00e9rebro, mas tamb\u00e9m em outras estruturas do sistema nervoso.<\/p>\n<p>O termo depress\u00e3o alastrante (ou em ingl\u00eas, cortical spreading depression) refere-se a um fen\u00f4meno que ocorre no c\u00e9rebro em certas situa\u00e7\u00f5es fisiol\u00f3gicas, e em certas doen\u00e7as, como a enxaqueca.<\/p>\n<p>A depress\u00e3o alastrante (identificada pela sigla DA) \u00e9 uma onda de altera\u00e7\u00f5es el\u00e9tricas nos neur\u00f4nios e nas suas c\u00e9lulas de suporte, as c\u00e9lulas da glia, que segue a parte mais externa do c\u00e9rebro onde est\u00e3o os corpos celulares dos neur\u00f4nios, a subst\u00e2ncia cinzenta ou c\u00f3rtex cerebral.<\/p>\n<p>Esta onda el\u00e9trica causa uma despolariza\u00e7\u00e3o celular, ou seja, uma altera\u00e7\u00e3o da carga el\u00e9trica da c\u00e9lula, tipicamente negativa em repouso para positiva quando ativada.<\/p>\n<p>Ap\u00f3s esta ativa\u00e7\u00e3o, sobrev\u00e9m uma onda de desativa\u00e7\u00e3o ou inibi\u00e7\u00e3o, que dura mais tempo e que leva a altera\u00e7\u00f5es profundas nas concentra\u00e7\u00f5es de certas subst\u00e2ncias (\u00edons ou \u00e1tomos com carga el\u00e9trica). Esta onda se propaga pelo c\u00e9rebro a uma taxa de 3 a 6 mm (mil\u00edmetros) por minuto.<\/p>\n<p>A DA foi descrita por um brasileiro, Aristides Le\u00e3o, em 1943, e \u00e9 muitas vezes chamada de depress\u00e3o alastrante de Le\u00e3o.<\/p>\n<p>A DA pode ocorrer em crises epil\u00e9pticas, crises de enxaqueca, ou pode ser induzida por les\u00f5es cerebrais, como traumas cranianos, hemorragias, como a hemorragia subaracnoidea dos aneurismas cerebrais e como os derrames hemorr\u00e1gicos, e derrames cerebrais isqu\u00eamicos.<\/p>\n<p>V\u00e1rios estudos sugerem que esta onda de ativa\u00e7\u00e3o e inibi\u00e7\u00e3o celular que percorre o c\u00f3rtex cerebral est\u00e1 por baixo dos sintomas apresentados nas enxaquecas (ou migr\u00e2neas) com auras, aquelas que s\u00e3o precedidas por altera\u00e7\u00f5es visuais (como raios, espectros e arco-\u00edris), ou formigamentos nos membros que duram, tipicamente, minutos (de 10 a 60 minutos em geral).<\/p>\n<p>Lutemos por uma Sa\u00fade P\u00fablica com qualidade !<\/p>\n<p>&nbsp;<\/p>\n<p><a href=\"http:\/\/www.miltonmarchioli.com.br\/blog\/wp-content\/uploads\/dor-de-cabe\u00e7a.jpg\"><img loading=\"lazy\" decoding=\"async\" class=\"aligncenter size-full wp-image-13496\" src=\"http:\/\/www.miltonmarchioli.com.br\/blog\/wp-content\/uploads\/dor-de-cabe\u00e7a.jpg\" alt=\"dor de cabe\u00e7a\" width=\"626\" height=\"417\" srcset=\"https:\/\/miltonmarchioli.com.br\/blog\/wp-content\/uploads\/dor-de-cabe\u00e7a.jpg 626w, https:\/\/miltonmarchioli.com.br\/blog\/wp-content\/uploads\/dor-de-cabe\u00e7a-300x200.jpg 300w\" sizes=\"auto, (max-width: 626px) 100vw, 626px\" \/><\/a><\/p>\n","protected":false},"excerpt":{"rendered":"<p>A fisiopatogenia da enxaqueca\u00a0 foi inicialmente\u00a0 observada pelo pesquisador brasileiro Aristides Le\u00e3o, ao observar\u00a0 uma &#8220;onda de despolariza\u00e7\u00e3o&#8221;\u00a0 na c\u00f3rtex cerebral\u00a0 em exame de eletroencefalograma, e que ap\u00f3s essa constata\u00e7\u00e3o segue-se a dor de cabe\u00e7a. Em 1944, ao trabalhar em sua tese de doutorado pela Universidade de Harvard, o neurofisiologista\u00a0 brasileiro Aristides Le\u00e3o descobriu uma &hellip; <a href=\"https:\/\/miltonmarchioli.com.br\/blog\/fisiopatogenia-da-enxaqueca-seminario-curso-de-medicina-da-famema-3\/\" class=\"more-link\">Continue lendo <span class=\"screen-reader-text\">Fisiopatogenia da Enxaqueca. Semin\u00e1rio. Curso de Medicina da Famema<\/span> <span class=\"meta-nav\">&rarr;<\/span><\/a><\/p>\n","protected":false},"author":2,"featured_media":0,"comment_status":"open","ping_status":"open","sticky":false,"template":"","format":"standard","meta":{"rop_custom_images_group":[],"rop_custom_messages_group":[],"rop_publish_now":"initial","rop_publish_now_accounts":[],"rop_publish_now_history":[],"rop_publish_now_status":"pending","footnotes":""},"categories":[332,4,13,9],"tags":[124,202],"class_list":["post-67","post","type-post","status-publish","format-standard","hentry","category-educacao","category-neurologia","category-opiniao","category-saude-publica","tag-ambulatorio-cefaleia-ambulatorio-mario-covas","tag-famema"],"_links":{"self":[{"href":"https:\/\/miltonmarchioli.com.br\/blog\/wp-json\/wp\/v2\/posts\/67","targetHints":{"allow":["GET"]}}],"collection":[{"href":"https:\/\/miltonmarchioli.com.br\/blog\/wp-json\/wp\/v2\/posts"}],"about":[{"href":"https:\/\/miltonmarchioli.com.br\/blog\/wp-json\/wp\/v2\/types\/post"}],"author":[{"embeddable":true,"href":"https:\/\/miltonmarchioli.com.br\/blog\/wp-json\/wp\/v2\/users\/2"}],"replies":[{"embeddable":true,"href":"https:\/\/miltonmarchioli.com.br\/blog\/wp-json\/wp\/v2\/comments?post=67"}],"version-history":[{"count":23,"href":"https:\/\/miltonmarchioli.com.br\/blog\/wp-json\/wp\/v2\/posts\/67\/revisions"}],"predecessor-version":[{"id":13497,"href":"https:\/\/miltonmarchioli.com.br\/blog\/wp-json\/wp\/v2\/posts\/67\/revisions\/13497"}],"wp:attachment":[{"href":"https:\/\/miltonmarchioli.com.br\/blog\/wp-json\/wp\/v2\/media?parent=67"}],"wp:term":[{"taxonomy":"category","embeddable":true,"href":"https:\/\/miltonmarchioli.com.br\/blog\/wp-json\/wp\/v2\/categories?post=67"},{"taxonomy":"post_tag","embeddable":true,"href":"https:\/\/miltonmarchioli.com.br\/blog\/wp-json\/wp\/v2\/tags?post=67"}],"curies":[{"name":"wp","href":"https:\/\/api.w.org\/{rel}","templated":true}]}}