{"id":6717,"date":"2014-03-31T16:15:27","date_gmt":"2014-03-31T19:15:27","guid":{"rendered":"http:\/\/miltonmarchioli.com.br\/blog\/?p=6717"},"modified":"2022-01-25T20:36:44","modified_gmt":"2022-01-25T23:36:44","slug":"acidente-vascular-cerebral-isquemico-seminario-curso-de-medicina-da-famema-5","status":"publish","type":"post","link":"https:\/\/miltonmarchioli.com.br\/blog\/acidente-vascular-cerebral-isquemico-seminario-curso-de-medicina-da-famema-5\/","title":{"rendered":"Acidente Vascular Cerebral Isqu\u00eamico. Semin\u00e1rio. Curso de Medicina da Famema"},"content":{"rendered":"<p><a href=\"https:\/\/miltonmarchioli.com.br\/blog\/wp-content\/uploads\/avc-cone.jpg\"><img loading=\"lazy\" decoding=\"async\" class=\"alignleft wp-image-10941\" src=\"https:\/\/miltonmarchioli.com.br\/blog\/wp-content\/uploads\/avc-cone-255x300.jpg\" alt=\"avc- cone\" width=\"252\" height=\"296\" srcset=\"https:\/\/miltonmarchioli.com.br\/blog\/wp-content\/uploads\/avc-cone-255x300.jpg 255w, https:\/\/miltonmarchioli.com.br\/blog\/wp-content\/uploads\/avc-cone-870x1024.jpg 870w, https:\/\/miltonmarchioli.com.br\/blog\/wp-content\/uploads\/avc-cone.jpg 900w\" sizes=\"auto, (max-width: 252px) 100vw, 252px\" \/><\/a><a href=\"https:\/\/miltonmarchioli.com.br\/blog\/wp-content\/uploads\/AVE-31-03-2014.pptx\">Semin\u00e1rio apresentado pelos alunos\u00a0 Bruna Eiko Nagano, Carina Tamy Sugai, Eduardo Piazza Queiroz, Fl\u00e1vio Martin Conti, e Hamilton Rocha J\u00fanior no Ambulat\u00f3rio Neurovascular- Ambulat\u00f3rio M\u00e1rio Covas-Famema.<\/a><\/p>\n<p>Em escala mundial, o acidente vascular cerebral(AVC) \u00e9 a segunda principal causa de morte.<\/p>\n<p>\u00c9 uma doen\u00e7a que ocorre predominantemente em adultos de meia-idade e idosos.<\/p>\n<p>Nas \u00faltimas d\u00e9cadas, o Brasil vem mudando o seu perfil de morbimortalidade, com as doen\u00e7as cr\u00f4nicas n\u00e3o transmiss\u00edveis liderando as principais causas de morte.<\/p>\n<p>Entre as mais importantes doen\u00e7as cr\u00f4nicas est\u00e3o o AVC, que \u00e9 uma das principais causas de interna\u00e7\u00f5es e mortalidade, causando na grande maioria dos pacientes defici\u00eancia, seja parcial ou completa.<\/p>\n<p>No Brasil, foram registradas 160.621 interna\u00e7\u00f5es por doen\u00e7as c\u00e9rebro-vasculares em 2009, segundo os dados de dom\u00ednio p\u00fablico do Sistema \u00danico de Sa\u00fade (DATASUS), do Minist\u00e9rio da Sa\u00fade.<\/p>\n<p>A taxa de mortalidade foi de 51,8 a cada grupo de 100.000 habitantes.<\/p>\n<p>O grupo acima de 80 anos representou quase 35% dos 99.174 \u00f3bitos.<\/p>\n<p>O ambulat\u00f3rio Neurovascular &#8211; Ambulat\u00f3rio M\u00e1rio Covas &#8211; Famema recebe encaminhamentos do Departamento Regional de Sa\u00fade IX do Estado de S\u00e3o Paulo.<\/p>\n<p><a href=\"https:\/\/miltonmarchioli.com.br\/blog\/wp-content\/uploads\/avc-eu-me-importo-1.jpg\"><img loading=\"lazy\" decoding=\"async\" class=\"aligncenter size-full wp-image-12169\" src=\"https:\/\/miltonmarchioli.com.br\/blog\/wp-content\/uploads\/avc-eu-me-importo-1.jpg\" alt=\"avc -eu me importo\" width=\"660\" height=\"295\" srcset=\"https:\/\/miltonmarchioli.com.br\/blog\/wp-content\/uploads\/avc-eu-me-importo-1.jpg 660w, https:\/\/miltonmarchioli.com.br\/blog\/wp-content\/uploads\/avc-eu-me-importo-1-300x134.jpg 300w\" sizes=\"auto, (max-width: 660px) 100vw, 660px\" \/><\/a><\/p>\n","protected":false},"excerpt":{"rendered":"<p>Semin\u00e1rio apresentado pelos alunos\u00a0 Bruna Eiko Nagano, Carina Tamy Sugai, Eduardo Piazza Queiroz, Fl\u00e1vio Martin Conti, e Hamilton Rocha J\u00fanior no Ambulat\u00f3rio Neurovascular- Ambulat\u00f3rio M\u00e1rio Covas-Famema. Em escala mundial, o acidente vascular cerebral(AVC) \u00e9 a segunda principal causa de morte. \u00c9 uma doen\u00e7a que ocorre predominantemente em adultos de meia-idade e idosos. Nas \u00faltimas d\u00e9cadas, &hellip; <a href=\"https:\/\/miltonmarchioli.com.br\/blog\/acidente-vascular-cerebral-isquemico-seminario-curso-de-medicina-da-famema-5\/\" class=\"more-link\">Continue lendo <span class=\"screen-reader-text\">Acidente Vascular Cerebral Isqu\u00eamico. Semin\u00e1rio. Curso de Medicina da Famema<\/span> <span class=\"meta-nav\">&rarr;<\/span><\/a><\/p>\n","protected":false},"author":2,"featured_media":0,"comment_status":"open","ping_status":"open","sticky":false,"template":"","format":"standard","meta":{"rop_custom_images_group":[],"rop_custom_messages_group":[],"rop_publish_now":"initial","rop_publish_now_accounts":[],"rop_publish_now_history":[],"rop_publish_now_status":"pending","footnotes":""},"categories":[8,4,13,9],"tags":[254],"class_list":["post-6717","post","type-post","status-publish","format-standard","hentry","category-direito-e-saude","category-neurologia","category-opiniao","category-saude-publica","tag-anticoagulacao-ambulatorio-neurovascular-famema"],"_links":{"self":[{"href":"https:\/\/miltonmarchioli.com.br\/blog\/wp-json\/wp\/v2\/posts\/6717","targetHints":{"allow":["GET"]}}],"collection":[{"href":"https:\/\/miltonmarchioli.com.br\/blog\/wp-json\/wp\/v2\/posts"}],"about":[{"href":"https:\/\/miltonmarchioli.com.br\/blog\/wp-json\/wp\/v2\/types\/post"}],"author":[{"embeddable":true,"href":"https:\/\/miltonmarchioli.com.br\/blog\/wp-json\/wp\/v2\/users\/2"}],"replies":[{"embeddable":true,"href":"https:\/\/miltonmarchioli.com.br\/blog\/wp-json\/wp\/v2\/comments?post=6717"}],"version-history":[{"count":16,"href":"https:\/\/miltonmarchioli.com.br\/blog\/wp-json\/wp\/v2\/posts\/6717\/revisions"}],"predecessor-version":[{"id":13735,"href":"https:\/\/miltonmarchioli.com.br\/blog\/wp-json\/wp\/v2\/posts\/6717\/revisions\/13735"}],"wp:attachment":[{"href":"https:\/\/miltonmarchioli.com.br\/blog\/wp-json\/wp\/v2\/media?parent=6717"}],"wp:term":[{"taxonomy":"category","embeddable":true,"href":"https:\/\/miltonmarchioli.com.br\/blog\/wp-json\/wp\/v2\/categories?post=6717"},{"taxonomy":"post_tag","embeddable":true,"href":"https:\/\/miltonmarchioli.com.br\/blog\/wp-json\/wp\/v2\/tags?post=6717"}],"curies":[{"name":"wp","href":"https:\/\/api.w.org\/{rel}","templated":true}]}}