{"id":677,"date":"2011-09-16T02:58:48","date_gmt":"2011-09-16T02:58:48","guid":{"rendered":"http:\/\/miltonmarchioli.com.br\/blog\/?p=677"},"modified":"2022-01-03T10:07:28","modified_gmt":"2022-01-03T13:07:28","slug":"caso-clinico-reuniao-de-integracao","status":"publish","type":"post","link":"https:\/\/miltonmarchioli.com.br\/blog\/caso-clinico-reuniao-de-integracao\/","title":{"rendered":"Caso Cl\u00ednico &#8211; Reuni\u00e3o de Integra\u00e7\u00e3o Cl\u00ednica na Famema"},"content":{"rendered":"<p><a href=\"https:\/\/miltonmarchioli.com.br\/blog\/wp-content\/uploads\/casos-clinicos.jpg\"><img loading=\"lazy\" decoding=\"async\" class=\"alignleft wp-image-10258\" src=\"https:\/\/miltonmarchioli.com.br\/blog\/wp-content\/uploads\/casos-clinicos.jpg\" alt=\"casos clinicos\" width=\"284\" height=\"133\" srcset=\"https:\/\/miltonmarchioli.com.br\/blog\/wp-content\/uploads\/casos-clinicos.jpg 323w, https:\/\/miltonmarchioli.com.br\/blog\/wp-content\/uploads\/casos-clinicos-300x140.jpg 300w\" sizes=\"auto, (max-width: 284px) 100vw, 284px\" \/><\/a><a href=\"https:\/\/miltonmarchioli.com.br\/blog\/wp-content\/uploads\/CASO-CLINICO-REUNI\u00c3O-DE-INTEGRA\u00c7\u00c3O.pdf\">Caso cl\u00ednico discutido pelo docente da disciplina de cirurgia infantil &#8211; Dr. Antonio Henrique sobre afec\u00e7\u00f5es cir\u00fargicas na Inf\u00e2ncia\u00a0 em Reuni\u00e3o de Integra\u00e7\u00e3o supervisionada pelo\u00a0 Prof. Dr.\u00a0 Daher Sabbag Filho.<\/a><\/p>\n<p>Importante tema a ser discutido com os alunos da 4\u00aa s\u00e9rie do curso de medicina, pois s\u00e3o patologias frequentes em ambulat\u00f3rios de pediatria, enfermarias de pediatria, e ambulat\u00f3rios de cirurgia infantil.<\/p>\n<p>A reuni\u00e3o de integra\u00e7\u00e3o \u00e9 uma possibilidade que a mesma seja\u00a0o projeto piloto da reuni\u00e3o an\u00e1tomo-cl\u00ednica, a qual n\u00e3o existe mais na Famema.<\/p>\n<p>N\u00e3o sabemos do porqu\u00ea foi abandonada.<\/p>\n<p>Lament\u00e1vel pensar que ensinar por meio de aulas magnas e ou semin\u00e1rios seja um modelo de ensino-aprendizagem ultrapassado.<\/p>\n<p>Transferir a aprendizagem\u00a0para o aluno \u00e9 correto sim !<\/p>\n<p>Reuni\u00e3o an\u00e1tomo-cl\u00ednica \u00e9 necess\u00e1ria para os alunos, e para os docentes se reciclarem.<\/p>\n<p>Os pensadores do &#8220;PBL made in Brasil&#8221;, talvez pensem que n\u00e3o seja necess\u00e1rio as reuni\u00f5es cl\u00ednicas.<\/p>\n<p>Sem coment\u00e1rios !<\/p>\n<p><a href=\"https:\/\/miltonmarchioli.com.br\/blog\/wp-content\/uploads\/casoclinico-2.jpg\"><img loading=\"lazy\" decoding=\"async\" class=\"aligncenter wp-image-9421\" src=\"https:\/\/miltonmarchioli.com.br\/blog\/wp-content\/uploads\/casoclinico-2.jpg\" alt=\"casoclinico 2\" width=\"398\" height=\"265\" srcset=\"https:\/\/miltonmarchioli.com.br\/blog\/wp-content\/uploads\/casoclinico-2.jpg 1000w, https:\/\/miltonmarchioli.com.br\/blog\/wp-content\/uploads\/casoclinico-2-300x200.jpg 300w\" sizes=\"auto, (max-width: 398px) 100vw, 398px\" \/><\/a><\/p>\n","protected":false},"excerpt":{"rendered":"<p>Caso cl\u00ednico discutido pelo docente da disciplina de cirurgia infantil &#8211; Dr. Antonio Henrique sobre afec\u00e7\u00f5es cir\u00fargicas na Inf\u00e2ncia\u00a0 em Reuni\u00e3o de Integra\u00e7\u00e3o supervisionada pelo\u00a0 Prof. Dr.\u00a0 Daher Sabbag Filho. Importante tema a ser discutido com os alunos da 4\u00aa s\u00e9rie do curso de medicina, pois s\u00e3o patologias frequentes em ambulat\u00f3rios de pediatria, enfermarias de &hellip; <a href=\"https:\/\/miltonmarchioli.com.br\/blog\/caso-clinico-reuniao-de-integracao\/\" class=\"more-link\">Continue lendo <span class=\"screen-reader-text\">Caso Cl\u00ednico &#8211; Reuni\u00e3o de Integra\u00e7\u00e3o Cl\u00ednica na Famema<\/span> <span class=\"meta-nav\">&rarr;<\/span><\/a><\/p>\n","protected":false},"author":2,"featured_media":0,"comment_status":"open","ping_status":"open","sticky":false,"template":"","format":"standard","meta":{"rop_custom_images_group":[],"rop_custom_messages_group":[],"rop_publish_now":"initial","rop_publish_now_accounts":[],"rop_publish_now_history":[],"rop_publish_now_status":"pending","footnotes":""},"categories":[73,332,13,9],"tags":[193,668],"class_list":["post-677","post","type-post","status-publish","format-standard","hentry","category-cirurgia-infantil","category-educacao","category-opiniao","category-saude-publica","tag-milton-marchioli","tag-reuniao-de-integracao-clinica-famema"],"_links":{"self":[{"href":"https:\/\/miltonmarchioli.com.br\/blog\/wp-json\/wp\/v2\/posts\/677","targetHints":{"allow":["GET"]}}],"collection":[{"href":"https:\/\/miltonmarchioli.com.br\/blog\/wp-json\/wp\/v2\/posts"}],"about":[{"href":"https:\/\/miltonmarchioli.com.br\/blog\/wp-json\/wp\/v2\/types\/post"}],"author":[{"embeddable":true,"href":"https:\/\/miltonmarchioli.com.br\/blog\/wp-json\/wp\/v2\/users\/2"}],"replies":[{"embeddable":true,"href":"https:\/\/miltonmarchioli.com.br\/blog\/wp-json\/wp\/v2\/comments?post=677"}],"version-history":[{"count":26,"href":"https:\/\/miltonmarchioli.com.br\/blog\/wp-json\/wp\/v2\/posts\/677\/revisions"}],"predecessor-version":[{"id":13398,"href":"https:\/\/miltonmarchioli.com.br\/blog\/wp-json\/wp\/v2\/posts\/677\/revisions\/13398"}],"wp:attachment":[{"href":"https:\/\/miltonmarchioli.com.br\/blog\/wp-json\/wp\/v2\/media?parent=677"}],"wp:term":[{"taxonomy":"category","embeddable":true,"href":"https:\/\/miltonmarchioli.com.br\/blog\/wp-json\/wp\/v2\/categories?post=677"},{"taxonomy":"post_tag","embeddable":true,"href":"https:\/\/miltonmarchioli.com.br\/blog\/wp-json\/wp\/v2\/tags?post=677"}],"curies":[{"name":"wp","href":"https:\/\/api.w.org\/{rel}","templated":true}]}}