{"id":69,"date":"2011-03-09T03:21:17","date_gmt":"2011-03-09T03:21:17","guid":{"rendered":"http:\/\/miltonmarchioli.com.br\/blog\/?p=69"},"modified":"2022-01-07T11:27:53","modified_gmt":"2022-01-07T14:27:53","slug":"neuropatias-perifericas-seminario-curso-de-medicina-da-famema","status":"publish","type":"post","link":"https:\/\/miltonmarchioli.com.br\/blog\/neuropatias-perifericas-seminario-curso-de-medicina-da-famema\/","title":{"rendered":"Neuropatias Perif\u00e9ricas. Semin\u00e1rio. Curso de Medicina da Famema"},"content":{"rendered":"<p><a href=\"https:\/\/miltonmarchioli.com.br\/blog\/wp-content\/uploads\/neuropatia-periferica-2.jpg\"><img loading=\"lazy\" decoding=\"async\" class=\"alignleft wp-image-10047\" src=\"https:\/\/miltonmarchioli.com.br\/blog\/wp-content\/uploads\/neuropatia-periferica-2-300x279.jpg\" alt=\"neuropatia periferica 2\" width=\"258\" height=\"240\" srcset=\"https:\/\/miltonmarchioli.com.br\/blog\/wp-content\/uploads\/neuropatia-periferica-2-300x279.jpg 300w, https:\/\/miltonmarchioli.com.br\/blog\/wp-content\/uploads\/neuropatia-periferica-2.jpg 684w\" sizes=\"auto, (max-width: 258px) 100vw, 258px\" \/><\/a>Semin\u00e1rio apresentado no Ambulat\u00f3rio de Cefaleia-\u00a0 Ambulat\u00f3rio Mario Covas &#8211; disciplinas Neurologia e Educa\u00e7\u00e3o em Ci\u00eancias da Sa\u00fade &#8211; sobre <a href=\"https:\/\/miltonmarchioli.com.br\/blog\/wp-content\/uploads\/REVIS\u00c3O-DE-NEUROPATIAS-2010-WERNER-GARCIA-DE-SOUZA.ppt\">Neuropatias Perif\u00e9ricas\u00a0 residente em Neurologia Werner Garcia de Souza.<\/a><\/p>\n<p>As neuropatias s\u00e3o doen\u00e7as frequentes em Ambulat\u00f3rios de\u00a0Neurologia, pois se apresentam com manifesta\u00e7\u00f5es sensitivas, motoras ou ambas, e o progn\u00f3stico depender\u00e1 da causa das mesmas.<\/p>\n<p>H\u00e1 necessidade no servi\u00e7o de neurologia de um ambulat\u00f3rio especializado nessa s\u00edndrome, pois o diagn\u00f3stico precoce e tratamento adequados podem mudar a hist\u00f3ria\u00a0 natural das mesmas.<\/p>\n<p>A demora no diagn\u00f3stico retarda o tratamento adequado.<\/p>\n<p>Infelizmente, no nosso pa\u00eds existe uma car\u00eancia de profissionais\u00a0e ambulat\u00f3rios\u00a0 especializados para atendimento dessas patologias.<\/p>\n<p>O Ambulat\u00f3rio de\u00a0 Cefaleia \u00e9\u00a0 refer\u00eancia para atendimento de casos encaminhados\u00a0pelo Departamento Regional de Sa\u00fade\u00a0 IX do Estado de S\u00e3o Paulo.<\/p>\n<p>Lutemos por uma Sa\u00fade P\u00fablica com qualidade !<\/p>\n<p><a href=\"https:\/\/miltonmarchioli.com.br\/blog\/wp-content\/uploads\/neuroapatia.jpg\"><img loading=\"lazy\" decoding=\"async\" class=\"aligncenter size-full wp-image-10046\" src=\"https:\/\/miltonmarchioli.com.br\/blog\/wp-content\/uploads\/neuroapatia.jpg\" alt=\"neuroapatia\" width=\"610\" height=\"326\" srcset=\"https:\/\/miltonmarchioli.com.br\/blog\/wp-content\/uploads\/neuroapatia.jpg 610w, https:\/\/miltonmarchioli.com.br\/blog\/wp-content\/uploads\/neuroapatia-300x160.jpg 300w\" sizes=\"auto, (max-width: 610px) 100vw, 610px\" \/><\/a><\/p>\n","protected":false},"excerpt":{"rendered":"<p>Semin\u00e1rio apresentado no Ambulat\u00f3rio de Cefaleia-\u00a0 Ambulat\u00f3rio Mario Covas &#8211; disciplinas Neurologia e Educa\u00e7\u00e3o em Ci\u00eancias da Sa\u00fade &#8211; sobre Neuropatias Perif\u00e9ricas\u00a0 residente em Neurologia Werner Garcia de Souza. As neuropatias s\u00e3o doen\u00e7as frequentes em Ambulat\u00f3rios de\u00a0Neurologia, pois se apresentam com manifesta\u00e7\u00f5es sensitivas, motoras ou ambas, e o progn\u00f3stico depender\u00e1 da causa das mesmas. H\u00e1 &hellip; <a href=\"https:\/\/miltonmarchioli.com.br\/blog\/neuropatias-perifericas-seminario-curso-de-medicina-da-famema\/\" class=\"more-link\">Continue lendo <span class=\"screen-reader-text\">Neuropatias Perif\u00e9ricas. Semin\u00e1rio. Curso de Medicina da Famema<\/span> <span class=\"meta-nav\">&rarr;<\/span><\/a><\/p>\n","protected":false},"author":2,"featured_media":0,"comment_status":"open","ping_status":"open","sticky":false,"template":"","format":"standard","meta":{"rop_custom_images_group":[],"rop_custom_messages_group":[],"rop_publish_now":"initial","rop_publish_now_accounts":[],"rop_publish_now_history":[],"rop_publish_now_status":"pending","footnotes":""},"categories":[332,4,13,9],"tags":[591,640],"class_list":["post-69","post","type-post","status-publish","format-standard","hentry","category-educacao","category-neurologia","category-opiniao","category-saude-publica","tag-ambulatorio-cefaleia-ambulatorio-mario-covas-famema","tag-werner-garcia-de-souza"],"_links":{"self":[{"href":"https:\/\/miltonmarchioli.com.br\/blog\/wp-json\/wp\/v2\/posts\/69","targetHints":{"allow":["GET"]}}],"collection":[{"href":"https:\/\/miltonmarchioli.com.br\/blog\/wp-json\/wp\/v2\/posts"}],"about":[{"href":"https:\/\/miltonmarchioli.com.br\/blog\/wp-json\/wp\/v2\/types\/post"}],"author":[{"embeddable":true,"href":"https:\/\/miltonmarchioli.com.br\/blog\/wp-json\/wp\/v2\/users\/2"}],"replies":[{"embeddable":true,"href":"https:\/\/miltonmarchioli.com.br\/blog\/wp-json\/wp\/v2\/comments?post=69"}],"version-history":[{"count":30,"href":"https:\/\/miltonmarchioli.com.br\/blog\/wp-json\/wp\/v2\/posts\/69\/revisions"}],"predecessor-version":[{"id":13493,"href":"https:\/\/miltonmarchioli.com.br\/blog\/wp-json\/wp\/v2\/posts\/69\/revisions\/13493"}],"wp:attachment":[{"href":"https:\/\/miltonmarchioli.com.br\/blog\/wp-json\/wp\/v2\/media?parent=69"}],"wp:term":[{"taxonomy":"category","embeddable":true,"href":"https:\/\/miltonmarchioli.com.br\/blog\/wp-json\/wp\/v2\/categories?post=69"},{"taxonomy":"post_tag","embeddable":true,"href":"https:\/\/miltonmarchioli.com.br\/blog\/wp-json\/wp\/v2\/tags?post=69"}],"curies":[{"name":"wp","href":"https:\/\/api.w.org\/{rel}","templated":true}]}}