{"id":6931,"date":"2014-05-02T11:11:28","date_gmt":"2014-05-02T14:11:28","guid":{"rendered":"http:\/\/miltonmarchioli.com.br\/blog\/?p=6931"},"modified":"2022-01-25T20:39:59","modified_gmt":"2022-01-25T23:39:59","slug":"cuidados-gerais-e-tratamento-das-complicacoes-agudas-no-avci-seminario-curso-de-medicina-da-famema","status":"publish","type":"post","link":"https:\/\/miltonmarchioli.com.br\/blog\/cuidados-gerais-e-tratamento-das-complicacoes-agudas-no-avci-seminario-curso-de-medicina-da-famema\/","title":{"rendered":"Cuidados Gerais e Tratamento das Complica\u00e7\u00f5es Agudas no AVCI. Semin\u00e1rio. Curso de Medicina da Famema"},"content":{"rendered":"<p><a href=\"https:\/\/miltonmarchioli.com.br\/blog\/wp-content\/uploads\/AVC-ARVORE.jpg\"><img loading=\"lazy\" decoding=\"async\" class=\"alignleft wp-image-10948\" src=\"https:\/\/miltonmarchioli.com.br\/blog\/wp-content\/uploads\/AVC-ARVORE.jpg\" alt=\"AVC- ARVORE\" width=\"270\" height=\"180\" \/><\/a><a href=\"https:\/\/miltonmarchioli.com.br\/blog\/wp-content\/uploads\/STROKE-2013-SEMIN\u00c1RIO-RICARDO-GREGOLIN.pptx\">Semin\u00e1rio apresentado dia 16 de abril pelo Residente de Neurologia &#8211; Ricardo Gregolin Neto &#8211; Faculdade de Medicina de Mar\u00edlia &#8211; abordando o tema: <strong>Cuidados Gerais e Tratamento das Complica\u00e7\u00f5es Agudas no AVCI.<\/strong><\/a><\/p>\n<p>O atendimento inicial ao paciente com suspeita de AVC isqu\u00eamico dever\u00e1 ser realizado de forma sistem\u00e1tica, din\u00e2mica e \u00e1gil, com o aux\u00edlio integrado de v\u00e1rios profissionais e setores espec\u00edficos da unidade de emerg\u00eancia.<\/p>\n<p>\u00c9 importante que haja integra\u00e7\u00e3o dos servi\u00e7os de atendimento pr\u00e9-hospitalar e o hospital, para que todos os profissionais envolvidos no atendimento do paciente estejam preparados para as medidas iniciais.<\/p>\n<p>As medidas iniciais dever\u00e3o ser realizadas com o objetivo de controlar poss\u00edveis fatores agravantes da les\u00e3o isqu\u00eamica. Entre essas medidas incluem-se manuten\u00e7\u00e3o das vias a\u00e9reas, ventila\u00e7\u00e3o adequada e manuten\u00e7\u00e3o da circula\u00e7\u00e3o.<\/p>\n<p>O Ambulat\u00f3rio Neurovascular &#8211; Ambulat\u00f3rio M\u00e1rio Covas &#8211; atende encaminhamentos do Departamento Regional de Sa\u00fade IX do Estado de S\u00e3o Paulo.<\/p>\n<p>Em defesa do SUS!<\/p>\n<p><a href=\"https:\/\/miltonmarchioli.com.br\/blog\/wp-content\/uploads\/AVC-1-EM-6-B.jpg\"><img loading=\"lazy\" decoding=\"async\" class=\"aligncenter size-full wp-image-10949\" src=\"https:\/\/miltonmarchioli.com.br\/blog\/wp-content\/uploads\/AVC-1-EM-6-B.jpg\" alt=\"AVC- 1 EM 6 B\" width=\"630\" height=\"312\" srcset=\"https:\/\/miltonmarchioli.com.br\/blog\/wp-content\/uploads\/AVC-1-EM-6-B.jpg 630w, https:\/\/miltonmarchioli.com.br\/blog\/wp-content\/uploads\/AVC-1-EM-6-B-300x149.jpg 300w\" sizes=\"auto, (max-width: 630px) 100vw, 630px\" \/><\/a><\/p>\n","protected":false},"excerpt":{"rendered":"<p>Semin\u00e1rio apresentado dia 16 de abril pelo Residente de Neurologia &#8211; Ricardo Gregolin Neto &#8211; Faculdade de Medicina de Mar\u00edlia &#8211; abordando o tema: Cuidados Gerais e Tratamento das Complica\u00e7\u00f5es Agudas no AVCI. O atendimento inicial ao paciente com suspeita de AVC isqu\u00eamico dever\u00e1 ser realizado de forma sistem\u00e1tica, din\u00e2mica e \u00e1gil, com o aux\u00edlio &hellip; <a href=\"https:\/\/miltonmarchioli.com.br\/blog\/cuidados-gerais-e-tratamento-das-complicacoes-agudas-no-avci-seminario-curso-de-medicina-da-famema\/\" class=\"more-link\">Continue lendo <span class=\"screen-reader-text\">Cuidados Gerais e Tratamento das Complica\u00e7\u00f5es Agudas no AVCI. Semin\u00e1rio. Curso de Medicina da Famema<\/span> <span class=\"meta-nav\">&rarr;<\/span><\/a><\/p>\n","protected":false},"author":2,"featured_media":0,"comment_status":"open","ping_status":"open","sticky":false,"template":"","format":"standard","meta":{"rop_custom_images_group":[],"rop_custom_messages_group":[],"rop_publish_now":"initial","rop_publish_now_accounts":[],"rop_publish_now_history":[],"rop_publish_now_status":"pending","footnotes":""},"categories":[4,9],"tags":[554,202,390],"class_list":["post-6931","post","type-post","status-publish","format-standard","hentry","category-neurologia","category-saude-publica","tag-ambulatorio-neurovascular-milton-marchioli","tag-famema","tag-ricardo-gregolin-neto"],"_links":{"self":[{"href":"https:\/\/miltonmarchioli.com.br\/blog\/wp-json\/wp\/v2\/posts\/6931","targetHints":{"allow":["GET"]}}],"collection":[{"href":"https:\/\/miltonmarchioli.com.br\/blog\/wp-json\/wp\/v2\/posts"}],"about":[{"href":"https:\/\/miltonmarchioli.com.br\/blog\/wp-json\/wp\/v2\/types\/post"}],"author":[{"embeddable":true,"href":"https:\/\/miltonmarchioli.com.br\/blog\/wp-json\/wp\/v2\/users\/2"}],"replies":[{"embeddable":true,"href":"https:\/\/miltonmarchioli.com.br\/blog\/wp-json\/wp\/v2\/comments?post=6931"}],"version-history":[{"count":13,"href":"https:\/\/miltonmarchioli.com.br\/blog\/wp-json\/wp\/v2\/posts\/6931\/revisions"}],"predecessor-version":[{"id":13738,"href":"https:\/\/miltonmarchioli.com.br\/blog\/wp-json\/wp\/v2\/posts\/6931\/revisions\/13738"}],"wp:attachment":[{"href":"https:\/\/miltonmarchioli.com.br\/blog\/wp-json\/wp\/v2\/media?parent=6931"}],"wp:term":[{"taxonomy":"category","embeddable":true,"href":"https:\/\/miltonmarchioli.com.br\/blog\/wp-json\/wp\/v2\/categories?post=6931"},{"taxonomy":"post_tag","embeddable":true,"href":"https:\/\/miltonmarchioli.com.br\/blog\/wp-json\/wp\/v2\/tags?post=6931"}],"curies":[{"name":"wp","href":"https:\/\/api.w.org\/{rel}","templated":true}]}}