{"id":6953,"date":"2014-05-07T22:04:59","date_gmt":"2014-05-08T01:04:59","guid":{"rendered":"http:\/\/miltonmarchioli.com.br\/blog\/?p=6953"},"modified":"2022-01-25T20:41:00","modified_gmt":"2022-01-25T23:41:00","slug":"acidente-vascular-cerebral-isquemico-seminario-curso-de-medicina-da-famema-6","status":"publish","type":"post","link":"https:\/\/miltonmarchioli.com.br\/blog\/acidente-vascular-cerebral-isquemico-seminario-curso-de-medicina-da-famema-6\/","title":{"rendered":"Acidente Vascular Cerebral Isqu\u00eamico. Semin\u00e1rio. Curso de Medicina da Famema"},"content":{"rendered":"<p><a href=\"https:\/\/miltonmarchioli.com.br\/blog\/wp-content\/uploads\/avc-mini-logo.png\"><img loading=\"lazy\" decoding=\"async\" class=\"alignleft size-full wp-image-10953\" src=\"https:\/\/miltonmarchioli.com.br\/blog\/wp-content\/uploads\/avc-mini-logo.png\" alt=\"avc- mini logo\" width=\"219\" height=\"235\" \/><\/a><a href=\"https:\/\/miltonmarchioli.com.br\/blog\/wp-content\/uploads\/AVCI-FAMEMA-05-05-2014.pptx\">Semin\u00e1rio apresentado pelos alunos do 4\u00ba ano do curso de medicina da Famema -Alessandra Nikaido Fujinami, Bruno Rodrigues de Palma, Daniel Sonnewend\u00a0 Proen\u00e7a, Fernanda de Almeida Andriotti e\u00a0 Geiza M\u00e1ximo- sobre o tema: Acidente Vascular Cerebral Isqu\u00eamico.<\/a><\/p>\n<p>O Minist\u00e9rio da Sa\u00fade deve investir at\u00e9 o final de 2014, R$ 437 milh\u00f5es para ampliar a assist\u00eancia a v\u00edtimas de Acidente Vascular Cerebral.<\/p>\n<p>Cerca de R$ 370 milh\u00f5es ser\u00e1 destinado ao financiamento de leitos hospitalares em 151 cidades.<\/p>\n<p>O restante vai ser aplicado no tratamento trombol\u00edtico (uso de medica\u00e7\u00e3o para desfazer o co\u00e1gulo e normalizar o fluxo sangu\u00edneo que chega ao c\u00e9rebro).<\/p>\n<p>O AVC decorre da insufici\u00eancia no fluxo sangu\u00edneo em uma determinada \u00e1rea do c\u00e9rebro e tem diferentes causas: malforma\u00e7\u00e3o arterial cerebral (aneurisma), hipertens\u00e3o arterial, cardiopatia, tromboembolia.<\/p>\n<p>No Brasil, s\u00e3o registradas cerca de 68 mil mortes por AVC anualmente. Um n\u00famero ligeiramente inferior ao registrado no ano de 2013 : 68,9 mil.<\/p>\n<p>A doen\u00e7a representa a primeira causa de morte e incapacidade no Pa\u00eds, o que gera grande impacto econ\u00f4mico e social.<\/p>\n<p>O diagn\u00f3stico \u00e9 feito por meio de exames de imagem, que permitem identificar a \u00e1rea do c\u00e9rebro afetada e o tipo do derrame cerebral. H\u00e1 dois principais tipos de AVC: o isqu\u00eamico (85% dos casos), quando h\u00e1 parada do sangue que chega ao c\u00e9rebro, provocado pela obstru\u00e7\u00e3o dos vasos sangu\u00edneos; e o hemorr\u00e1gico, ligado a quadros de hipertens\u00e3o arterial que causa hemorragia dentro do tecido cerebral.<\/p>\n<p>O Minist\u00e9rio da Sa\u00fade\u00a0 elaborou\u00a0 \u201cA Linha de Cuidado do AVC\u201d na Rede de Aten\u00e7\u00e3o \u00e0s Urg\u00eancias.<\/p>\n<p>Deve incluir a rede b\u00e1sica de sa\u00fade, SAMU, unidades hospitalares de emerg\u00eancia e leitos de retaguarda, reabilita\u00e7\u00e3o ambulatorial, programas de aten\u00e7\u00e3o domiciliar, entre outros aspectos.<\/p>\n<p>O risco de AVC aumenta com a idade, sobretudo ap\u00f3s os 55 anos. O aparecimento da doen\u00e7a em pessoas mais jovens est\u00e1 mais associado a altera\u00e7\u00f5es gen\u00e9ticas.<\/p>\n<p>Pessoas da ra\u00e7a negra e com hist\u00f3rico familiar de doen\u00e7as cardiovasculares tamb\u00e9m t\u00eam mais chances de ter um derrame.<\/p>\n<p>O Ambulat\u00f3rio Neurovascular recebe encaminhamentos do Departamento Regional de Sa\u00fade IX do Estado de S\u00e3o Paulo.<\/p>\n<p><a href=\"https:\/\/miltonmarchioli.com.br\/blog\/wp-content\/uploads\/avc-chamada-agressiva.jpg\"><img loading=\"lazy\" decoding=\"async\" class=\"aligncenter size-full wp-image-10952\" src=\"https:\/\/miltonmarchioli.com.br\/blog\/wp-content\/uploads\/avc-chamada-agressiva.jpg\" alt=\"avc- chamada agressiva\" width=\"1102\" height=\"576\" srcset=\"https:\/\/miltonmarchioli.com.br\/blog\/wp-content\/uploads\/avc-chamada-agressiva.jpg 1102w, https:\/\/miltonmarchioli.com.br\/blog\/wp-content\/uploads\/avc-chamada-agressiva-300x157.jpg 300w, https:\/\/miltonmarchioli.com.br\/blog\/wp-content\/uploads\/avc-chamada-agressiva-1024x535.jpg 1024w\" sizes=\"auto, (max-width: 1102px) 100vw, 1102px\" \/><\/a><\/p>\n","protected":false},"excerpt":{"rendered":"<p>Semin\u00e1rio apresentado pelos alunos do 4\u00ba ano do curso de medicina da Famema -Alessandra Nikaido Fujinami, Bruno Rodrigues de Palma, Daniel Sonnewend\u00a0 Proen\u00e7a, Fernanda de Almeida Andriotti e\u00a0 Geiza M\u00e1ximo- sobre o tema: Acidente Vascular Cerebral Isqu\u00eamico. O Minist\u00e9rio da Sa\u00fade deve investir at\u00e9 o final de 2014, R$ 437 milh\u00f5es para ampliar a assist\u00eancia &hellip; <a href=\"https:\/\/miltonmarchioli.com.br\/blog\/acidente-vascular-cerebral-isquemico-seminario-curso-de-medicina-da-famema-6\/\" class=\"more-link\">Continue lendo <span class=\"screen-reader-text\">Acidente Vascular Cerebral Isqu\u00eamico. Semin\u00e1rio. Curso de Medicina da Famema<\/span> <span class=\"meta-nav\">&rarr;<\/span><\/a><\/p>\n","protected":false},"author":2,"featured_media":0,"comment_status":"open","ping_status":"open","sticky":false,"template":"","format":"standard","meta":{"rop_custom_images_group":[],"rop_custom_messages_group":[],"rop_publish_now":"initial","rop_publish_now_accounts":[],"rop_publish_now_history":[],"rop_publish_now_status":"pending","footnotes":""},"categories":[8,332,4,13,366,9],"tags":[392],"class_list":["post-6953","post","type-post","status-publish","format-standard","hentry","category-direito-e-saude","category-educacao","category-neurologia","category-opiniao","category-politica","category-saude-publica","tag-ambulatorio-neurovascular-ambulatorio-mario-covas"],"_links":{"self":[{"href":"https:\/\/miltonmarchioli.com.br\/blog\/wp-json\/wp\/v2\/posts\/6953","targetHints":{"allow":["GET"]}}],"collection":[{"href":"https:\/\/miltonmarchioli.com.br\/blog\/wp-json\/wp\/v2\/posts"}],"about":[{"href":"https:\/\/miltonmarchioli.com.br\/blog\/wp-json\/wp\/v2\/types\/post"}],"author":[{"embeddable":true,"href":"https:\/\/miltonmarchioli.com.br\/blog\/wp-json\/wp\/v2\/users\/2"}],"replies":[{"embeddable":true,"href":"https:\/\/miltonmarchioli.com.br\/blog\/wp-json\/wp\/v2\/comments?post=6953"}],"version-history":[{"count":22,"href":"https:\/\/miltonmarchioli.com.br\/blog\/wp-json\/wp\/v2\/posts\/6953\/revisions"}],"predecessor-version":[{"id":13739,"href":"https:\/\/miltonmarchioli.com.br\/blog\/wp-json\/wp\/v2\/posts\/6953\/revisions\/13739"}],"wp:attachment":[{"href":"https:\/\/miltonmarchioli.com.br\/blog\/wp-json\/wp\/v2\/media?parent=6953"}],"wp:term":[{"taxonomy":"category","embeddable":true,"href":"https:\/\/miltonmarchioli.com.br\/blog\/wp-json\/wp\/v2\/categories?post=6953"},{"taxonomy":"post_tag","embeddable":true,"href":"https:\/\/miltonmarchioli.com.br\/blog\/wp-json\/wp\/v2\/tags?post=6953"}],"curies":[{"name":"wp","href":"https:\/\/api.w.org\/{rel}","templated":true}]}}