{"id":6978,"date":"2014-05-10T11:51:11","date_gmt":"2014-05-10T14:51:11","guid":{"rendered":"http:\/\/miltonmarchioli.com.br\/blog\/?p=6978"},"modified":"2022-01-25T20:41:55","modified_gmt":"2022-01-25T23:41:55","slug":"cefaleias-primarias-seminario-curso-de-medicina-da-famema-18","status":"publish","type":"post","link":"https:\/\/miltonmarchioli.com.br\/blog\/cefaleias-primarias-seminario-curso-de-medicina-da-famema-18\/","title":{"rendered":"Cefaleias Prim\u00e1rias. Semin\u00e1rio. Curso de Medicina da Famema"},"content":{"rendered":"<p><a href=\"https:\/\/miltonmarchioli.com.br\/blog\/wp-content\/uploads\/enxaqueca-laranja.jpg\"><img loading=\"lazy\" decoding=\"async\" class=\"alignleft wp-image-12177\" src=\"https:\/\/miltonmarchioli.com.br\/blog\/wp-content\/uploads\/enxaqueca-laranja-300x225.jpg\" alt=\"enxaqueca- laranja\" width=\"251\" height=\"188\" srcset=\"https:\/\/miltonmarchioli.com.br\/blog\/wp-content\/uploads\/enxaqueca-laranja-300x225.jpg 300w, https:\/\/miltonmarchioli.com.br\/blog\/wp-content\/uploads\/enxaqueca-laranja.jpg 619w\" sizes=\"auto, (max-width: 251px) 100vw, 251px\" \/><\/a><a href=\"https:\/\/miltonmarchioli.com.br\/blog\/wp-content\/uploads\/Cefaleias-Prim\u00e1rias-08-05-2014-FAMEMA.pptx\">Semin\u00e1rio apresentado pelos alunos do 4\u00ba ano do curso de medicina da Famema &#8211; Caio de A. Staut, Carolina F. S. Vianna, Felipe A. Nozaki, Gabriella M. Russo e Henrique C. Kirzner &#8211; discorrendo sobre o tema: Cefaleias\u00a0 Prim\u00e1rias.<\/a><\/p>\n<p>O reconhecimento de fatores precipitantes pode ajudar no estabelecimento do diagn\u00f3stico da cefaleia, como \u00e9 o desencadeamento instant\u00e2neo de crises de cefaleia em salvas ap\u00f3s a ingest\u00e3o de \u00e1lcool, ou \u00e0quelas desencadeadas por consumo de queijos, vinhos (migr\u00e2nea).<\/p>\n<p>Algumas cefaleias podem ser acompanhadas de sintomas que antecedem a dor propriamente dita, como altera\u00e7\u00f5es visuais de curta dura\u00e7\u00e3o (aura visual), pontos luminosos na vis\u00e3o, altera\u00e7\u00e3o de humor, astenia e depress\u00e3o.<\/p>\n<p>A dor pode ser puls\u00e1til, latejante, &#8220;press\u00e3o&#8221;, aperto e ou lancinante, al\u00e9m de fraca, moderada e ou intensa, constante ou em salvas.<\/p>\n<p>Pode ser unilateral, bilateral, holocraniana, frontal, retro-ocular e occipital ou mesmo seguindo o padr\u00e3o de distribui\u00e7\u00e3o da primeira divis\u00e3o do nervo trig\u00eamio (V par).<\/p>\n<p>As dores de cabe\u00e7a tamb\u00e9m podem se manifestar associadas \u00e0 sintomatologia auton\u00f4mica (n\u00e1useas, v\u00f4mitos, hiperemia ocular, lacrimejamento, obstru\u00e7\u00e3o nasal, sensibilidade \u00e0 luz e ao som) ou mesmo sist\u00eamica, como perda de peso recente, febre, mal-estar, cansa\u00e7o e inapet\u00eancia.<\/p>\n<p>As cefaleias prim\u00e1rias n\u00e3o apresentam uma causa especifica, podendo a mesma ser de natureza multifatorial e de car\u00e1ter heredit\u00e1rio, ao contr\u00e1rio das cefaleias secund\u00e1rias, que apresentam uma causa patol\u00f3gica evidente.<\/p>\n<p>As dores de cabe\u00e7a podem se manifestar de modo s\u00fabito, subagudo ou cr\u00f4nico.<\/p>\n<p>As cefaleias de in\u00edcio agudo ou s\u00fabito geralmente constituem manifesta\u00e7\u00e3o de uma patologia intracraniana como hemorragia subaracn\u00f3ide ou de outras doen\u00e7as c\u00e9rebro-vasculares ou infecciosas (meningites \/ encefalites).<\/p>\n<p>Podem ocorrer ap\u00f3s pun\u00e7\u00e3o lombar para diagn\u00f3stico de enfermidades neurol\u00f3gicas ou mesmo durante manobras fisiol\u00f3gicas que possam aumentar a press\u00e3o intra-abdominal, e consequentemente a intracraniana, como exerc\u00edcios f\u00edsicos intensos e rela\u00e7\u00f5es sexuais.<\/p>\n<p>\u00c0quelas de manifesta\u00e7\u00e3o subaguda, podem ser resultantes de enfermidades inflamat\u00f3rias do tecido conjuntivo, como artrite de c\u00e9lulas gigantes, ou mesmo de processos tumorais intracranianos (tumores cerebrais, abscessos cerebrais, met\u00e1stases cerebrais, hematomas subdurais), al\u00e9m de hipertens\u00e3o intracraniana benigna (pseudotumor cerebral), e crise hipertensiva.<\/p>\n<p>As cefaleias cr\u00f4nicas, geralmente s\u00e3o de natureza prim\u00e1ria, e s\u00e3o resultantes, na maioria das vezes, das enxaquecas, cefaleias tensionais e cefaleias em salvas.<\/p>\n<p>A alta preval\u00eancia das cefaleias colaborou para que se criasse na popula\u00e7\u00e3o o costume de consumir indiscriminadamente analg\u00e9sicos.<\/p>\n<p>Em busca do al\u00edvio imediato da dor, as pessoas ingerem analg\u00e9sicos sem prescri\u00e7\u00e3o ou acompanhamento m\u00e9dico.<\/p>\n<p>As doses progressivamente altas desses medicamentos, ao inv\u00e9s de eliminar a dor, contribuem para o agravamento da cefaleia.<\/p>\n<p>Se utilizadas frequentemente em quantidades excessivas, separadamente ou em combina\u00e7\u00e3o, esses analg\u00e9sicos e outras medica\u00e7\u00f5es para dor podem perpetuar a cefaleia, tornando-se um problema cr\u00f4nico di\u00e1rio, como tem sido constatado por diversos estudos em cefaliatria.<\/p>\n<p>De acordo com alguns estudos as pessoas podem chegar a consumir de 14 a 30 comprimidos por semana e alguns, de 10 a 12 por dia.Cada indiv\u00edduo chegando a usar em m\u00e9dia dois a cinco tipos de medicamentos sintom\u00e1ticos: cafe\u00edna; paracetamol; anti-inflamat\u00f3rios; antiespasm\u00f3dicos; aspirina; descongestionante nasal e anti-histam\u00ednicos; propoxifeno; butalbital; ergotamina; triptanos e narc\u00f3ticos.<\/p>\n<p>A falta de resposta ao tratamento \u00e9 uma das principais caracter\u00edsticas das cefaleias induzidas por sintom\u00e1ticos.<\/p>\n<p>\u00c9 constatado que pacientes que consumem simultaneamente medica\u00e7\u00f5es analg\u00e9sicas e profil\u00e1ticas continuam sofrendo de cefaleia di\u00e1ria ou quase di\u00e1ria, ficando assim indicado que os medicamentos profil\u00e1ticos s\u00e3o ineficazes na preven\u00e7\u00e3o das cefaleias, quando associadas aos analg\u00e9sicos.<\/p>\n<p>Os estudiosos definem a cefaleia induzida por drogas ou relacionadas, como uma cefaleia di\u00e1ria ou quase di\u00e1ria, refrat\u00e1ria a tratamento com as seguintes caracter\u00edsticas:<\/p>\n<ul>\n<li>ocorrem em pacientes com cefaleias prim\u00e1rias que utilizam medicamentos sintom\u00e1ticos com muita frequ\u00eancia, geralmente em quantidades excessivas;<\/li>\n<li>desenvolvimento de toler\u00e2ncia aos analg\u00e9sicos e piora da dor com a continuidade do uso dessas drogas;<\/li>\n<li>os pacientes podem apresentar sinais de abstin\u00eancia com a interrup\u00e7\u00e3o da medica\u00e7\u00e3o, manifestando piora da cefaleia por per\u00edodo de tempo vari\u00e1vel (em m\u00e9dia tr\u00eas a quatro semanas);<\/li>\n<li>a cefaleia melhora efetivamente ap\u00f3s a interrup\u00e7\u00e3o dos medicamentos, embora a cefaleia prim\u00e1ria torne necess\u00e1ria a manuten\u00e7\u00e3o de um tratamento profil\u00e1tico.<\/li>\n<\/ul>\n<p>Portanto as cefaleias induzidas por medicamentos sintom\u00e1ticos representam um grande desafio pela complexidade do quadro cl\u00ednico, envolvendo o uso de m\u00faltiplos medicamentos, al\u00e9m de anomalias comportamentais e psicol\u00f3gicas.<\/p>\n<p>Procure um especialista para o diagn\u00f3stico de sua cefaleia.<\/p>\n<p>O Ambulat\u00f3rio de Cefaleia &#8211;\u00a0 Ambulat\u00f3rio Mario Covas- atende encaminhamentos do Departamento Regional de Sa\u00fade IX do Estado de S\u00e3o Paulo.<\/p>\n<div><a href=\"https:\/\/miltonmarchioli.com.br\/blog\/wp-content\/uploads\/PICASSO.jpg\"><img loading=\"lazy\" decoding=\"async\" class=\"aligncenter wp-image-6981\" title=\"PICASSO\" src=\"https:\/\/miltonmarchioli.com.br\/blog\/wp-content\/uploads\/PICASSO.jpg\" alt=\"\" width=\"424\" height=\"513\" srcset=\"https:\/\/miltonmarchioli.com.br\/blog\/wp-content\/uploads\/PICASSO.jpg 486w, https:\/\/miltonmarchioli.com.br\/blog\/wp-content\/uploads\/PICASSO-247x300.jpg 247w\" sizes=\"auto, (max-width: 424px) 100vw, 424px\" \/><\/a><\/div>\n","protected":false},"excerpt":{"rendered":"<p>Semin\u00e1rio apresentado pelos alunos do 4\u00ba ano do curso de medicina da Famema &#8211; Caio de A. Staut, Carolina F. S. Vianna, Felipe A. Nozaki, Gabriella M. Russo e Henrique C. Kirzner &#8211; discorrendo sobre o tema: Cefaleias\u00a0 Prim\u00e1rias. O reconhecimento de fatores precipitantes pode ajudar no estabelecimento do diagn\u00f3stico da cefaleia, como \u00e9 o &hellip; <a href=\"https:\/\/miltonmarchioli.com.br\/blog\/cefaleias-primarias-seminario-curso-de-medicina-da-famema-18\/\" class=\"more-link\">Continue lendo <span class=\"screen-reader-text\">Cefaleias Prim\u00e1rias. Semin\u00e1rio. Curso de Medicina da Famema<\/span> <span class=\"meta-nav\">&rarr;<\/span><\/a><\/p>\n","protected":false},"author":2,"featured_media":0,"comment_status":"open","ping_status":"open","sticky":false,"template":"","format":"standard","meta":{"rop_custom_images_group":[],"rop_custom_messages_group":[],"rop_publish_now":"initial","rop_publish_now_accounts":[],"rop_publish_now_history":[],"rop_publish_now_status":"pending","footnotes":""},"categories":[332,4,13,9],"tags":[304],"class_list":["post-6978","post","type-post","status-publish","format-standard","hentry","category-educacao","category-neurologia","category-opiniao","category-saude-publica","tag-ambulatorio-de-cefaleia-famema-milton-marchioli"],"_links":{"self":[{"href":"https:\/\/miltonmarchioli.com.br\/blog\/wp-json\/wp\/v2\/posts\/6978","targetHints":{"allow":["GET"]}}],"collection":[{"href":"https:\/\/miltonmarchioli.com.br\/blog\/wp-json\/wp\/v2\/posts"}],"about":[{"href":"https:\/\/miltonmarchioli.com.br\/blog\/wp-json\/wp\/v2\/types\/post"}],"author":[{"embeddable":true,"href":"https:\/\/miltonmarchioli.com.br\/blog\/wp-json\/wp\/v2\/users\/2"}],"replies":[{"embeddable":true,"href":"https:\/\/miltonmarchioli.com.br\/blog\/wp-json\/wp\/v2\/comments?post=6978"}],"version-history":[{"count":13,"href":"https:\/\/miltonmarchioli.com.br\/blog\/wp-json\/wp\/v2\/posts\/6978\/revisions"}],"predecessor-version":[{"id":13740,"href":"https:\/\/miltonmarchioli.com.br\/blog\/wp-json\/wp\/v2\/posts\/6978\/revisions\/13740"}],"wp:attachment":[{"href":"https:\/\/miltonmarchioli.com.br\/blog\/wp-json\/wp\/v2\/media?parent=6978"}],"wp:term":[{"taxonomy":"category","embeddable":true,"href":"https:\/\/miltonmarchioli.com.br\/blog\/wp-json\/wp\/v2\/categories?post=6978"},{"taxonomy":"post_tag","embeddable":true,"href":"https:\/\/miltonmarchioli.com.br\/blog\/wp-json\/wp\/v2\/tags?post=6978"}],"curies":[{"name":"wp","href":"https:\/\/api.w.org\/{rel}","templated":true}]}}