{"id":702,"date":"2011-09-26T01:34:36","date_gmt":"2011-09-26T01:34:36","guid":{"rendered":"http:\/\/miltonmarchioli.com.br\/blog\/?p=702"},"modified":"2022-01-03T10:19:52","modified_gmt":"2022-01-03T13:19:52","slug":"cefaleias-primarias-seminario-curso-de-medicina-da-famema","status":"publish","type":"post","link":"https:\/\/miltonmarchioli.com.br\/blog\/cefaleias-primarias-seminario-curso-de-medicina-da-famema\/","title":{"rendered":"Cefaleias Prim\u00e1rias. Semin\u00e1rio. Curso de Medicina da Famema"},"content":{"rendered":"<p><img loading=\"lazy\" decoding=\"async\" class=\"alignleft wp-image-11758\" src=\"https:\/\/miltonmarchioli.com.br\/blog\/wp-content\/uploads\/cefaleia-depress\u00e3o-300x174.jpg\" alt=\"cefaleia - depress\u00e3o\" width=\"278\" height=\"161\" srcset=\"https:\/\/miltonmarchioli.com.br\/blog\/wp-content\/uploads\/cefaleia-depress\u00e3o-300x174.jpg 300w, https:\/\/miltonmarchioli.com.br\/blog\/wp-content\/uploads\/cefaleia-depress\u00e3o.jpg 528w\" sizes=\"auto, (max-width: 278px) 100vw, 278px\" \/><a href=\"https:\/\/miltonmarchioli.com.br\/blog\/wp-content\/uploads\/Cefal\u00e9ias-Prim\u00e1rias-Frederico-e-Hugo.ppt\">Semin\u00e1rio apresentado pelos alunos\u00a0 Frederico Santana e Hugo Rodrigues Rosa no dia\u00a0 23\/09\/2011 no Ambulat\u00f3rio de Cefaleia- Ambulat\u00f3rio M\u00e1rio Covas- disciplinas\u00a0 Neurologia e Educa\u00e7\u00e3o em Ci\u00eancias da Sa\u00fade &#8211; Famema sobre Cefaleias Prim\u00e1rias.<\/a><\/p>\n<p>As Cefaleias Prim\u00e1rias devem ser de conhecimento de todos os alunos de medicina, independentemente, de ao final do curso,\u00a0\u00a0fizerem outras especialidades m\u00e9dicas.<\/p>\n<p>Em rela\u00e7\u00e3o as cefaleias prim\u00e1rias a enxaqueca, a cefaleia tensional e a cefaleia em salvas s\u00e3o as mais frequentes nos ambulat\u00f3rios de neurologia.<\/p>\n<p>Por\u00e9m, alguns sinais quando presentes devem alertar o m\u00e9dico para uma anamnese mais detalhada:<\/p>\n<p><strong>1-\u00a0\u00a0\u00a0\u00a0\u00a0\u00a0<\/strong><strong>DOR DE CABE\u00c7A S\u00daBITA<\/strong><\/p>\n<p>Um dor de cabe\u00e7a repentina, explosiva, que atinge seu \u00e1pice de intensidade em poucos segundos, \u00e9 muito preocupante. Pode-se imaginar ruptura ou distens\u00e3o de um aneurisma cerebral.\u00a0 As dores mais comuns e benignas geralmente come\u00e7am mais leves, e a intensidade aumenta progressivamente em minutos a horas.<\/p>\n<p><strong>2-\u00a0\u00a0\u00a0\u00a0\u00a0 DOR DE CABE\u00c7A COM SINTOMAS NEUROL\u00d3GICOS ASSOCIADOS<\/strong><\/p>\n<p>Sempre que a dor vier acompanhada de outro sintoma neurol\u00f3gico focal o atendimento deve ser imediato. Atentar para fraqueza muscular em alguma parte do corpo, altera\u00e7\u00e3o de sensibilidade, confus\u00e3o mental, altera\u00e7\u00e3o visual ou dificuldade para falar ou deambular.<\/p>\n<p><strong>3-\u00a0\u00a0\u00a0\u00a0\u00a0\u00a0<\/strong><strong>DOR DE CABE\u00c7A COM SINAIS DE INFEC\u00c7\u00c3O<\/strong><\/p>\n<p>Acompanhada de febre, dores no corpo, n\u00e1useas, dificuldade de movimentar o pesco\u00e7o, manchas pelo corpo ou mesmo calafrios.\u00a0 Esse tipo de associa\u00e7\u00e3o pode significar uma meningite, encefalite, abscesso cerebral, e sinusite.<\/p>\n<p><strong>4-\u00a0\u00a0\u00a0\u00a0\u00a0\u00a0<\/strong><strong>DOR DE CABE\u00c7A QUE SURGE DURANTE ESFOR\u00c7O F\u00cdSICO OU ATIVIDADE SEXUAL<\/strong><\/p>\n<p>Se a dor iniciou durante o esfor\u00e7o ou atividade sexual novamente surge o temor da distens\u00e3o ou ruptura de um aneurisma cerebral.<\/p>\n<p><strong>5-\u00a0\u00a0\u00a0\u00a0\u00a0\u00a0<\/strong><strong>DOR DE CABE\u00c7A EM PESSOAS MAIS DEBILITADAS<\/strong><\/p>\n<p>Dores em pessoas acima de 60 anos, antecedente de tumores, dist\u00farbios da coagula\u00e7\u00e3o, imunidade\u00a0 comprometida, gestantes,\u00a0 e crian\u00e7as merecem uma aten\u00e7\u00e3o redobrada.<\/p>\n<p><strong>6-\u00a0\u00a0\u00a0\u00a0\u00a0\u00a0<\/strong><strong>DOR DE CABE\u00c7A PROGRESSIVA<\/strong><\/p>\n<p>A dor que acomete o paciente diariamente e que mostra-se pior a cada dia \u00e9, sem sombra de d\u00favida, um bom motivo para procurar rapidamente um neurologista. \u00c9 t\u00edpico de les\u00f5es como tumores, trombose venosa, hidrocefalia e abscesso.<\/p>\n<p><strong>7-\u00a0\u00a0\u00a0\u00a0\u00a0\u00a0<\/strong><strong>DOR DE CABE\u00c7A AP\u00d3S TRAUMATISMO CRANIANO<\/strong><\/p>\n<p>Dores que surgem ap\u00f3s traumatismo relevante na cabe\u00e7a.\u00a0 Idosos, crian\u00e7as\u00a0 e os alco\u00f3latras s\u00e3o os mais vulner\u00e1veis.<\/p>\n<p>Lutemos por uma Sa\u00fade P\u00fablica com qualidade !<\/p>\n<p><img loading=\"lazy\" decoding=\"async\" class=\"aligncenter size-full wp-image-11759\" src=\"https:\/\/miltonmarchioli.com.br\/blog\/wp-content\/uploads\/dor-de-cabe\u00e7a-ad\u00e3o.jpg\" alt=\"dor de cabe\u00e7a - ad\u00e3o\" width=\"318\" height=\"400\" srcset=\"https:\/\/miltonmarchioli.com.br\/blog\/wp-content\/uploads\/dor-de-cabe\u00e7a-ad\u00e3o.jpg 318w, https:\/\/miltonmarchioli.com.br\/blog\/wp-content\/uploads\/dor-de-cabe\u00e7a-ad\u00e3o-239x300.jpg 239w\" sizes=\"auto, (max-width: 318px) 100vw, 318px\" \/><\/p>\n","protected":false},"excerpt":{"rendered":"<p>Semin\u00e1rio apresentado pelos alunos\u00a0 Frederico Santana e Hugo Rodrigues Rosa no dia\u00a0 23\/09\/2011 no Ambulat\u00f3rio de Cefaleia- Ambulat\u00f3rio M\u00e1rio Covas- disciplinas\u00a0 Neurologia e Educa\u00e7\u00e3o em Ci\u00eancias da Sa\u00fade &#8211; Famema sobre Cefaleias Prim\u00e1rias. As Cefaleias Prim\u00e1rias devem ser de conhecimento de todos os alunos de medicina, independentemente, de ao final do curso,\u00a0\u00a0fizerem outras especialidades m\u00e9dicas. &hellip; <a href=\"https:\/\/miltonmarchioli.com.br\/blog\/cefaleias-primarias-seminario-curso-de-medicina-da-famema\/\" class=\"more-link\">Continue lendo <span class=\"screen-reader-text\">Cefaleias Prim\u00e1rias. Semin\u00e1rio. Curso de Medicina da Famema<\/span> <span class=\"meta-nav\">&rarr;<\/span><\/a><\/p>\n","protected":false},"author":2,"featured_media":0,"comment_status":"open","ping_status":"open","sticky":false,"template":"","format":"standard","meta":{"rop_custom_images_group":[],"rop_custom_messages_group":[],"rop_publish_now":"initial","rop_publish_now_accounts":[],"rop_publish_now_history":[],"rop_publish_now_status":"pending","footnotes":""},"categories":[332,4,13,9],"tags":[671],"class_list":["post-702","post","type-post","status-publish","format-standard","hentry","category-educacao","category-neurologia","category-opiniao","category-saude-publica","tag-ambualtorio-de-cefaleia-famema-milton-marchioli"],"_links":{"self":[{"href":"https:\/\/miltonmarchioli.com.br\/blog\/wp-json\/wp\/v2\/posts\/702","targetHints":{"allow":["GET"]}}],"collection":[{"href":"https:\/\/miltonmarchioli.com.br\/blog\/wp-json\/wp\/v2\/posts"}],"about":[{"href":"https:\/\/miltonmarchioli.com.br\/blog\/wp-json\/wp\/v2\/types\/post"}],"author":[{"embeddable":true,"href":"https:\/\/miltonmarchioli.com.br\/blog\/wp-json\/wp\/v2\/users\/2"}],"replies":[{"embeddable":true,"href":"https:\/\/miltonmarchioli.com.br\/blog\/wp-json\/wp\/v2\/comments?post=702"}],"version-history":[{"count":17,"href":"https:\/\/miltonmarchioli.com.br\/blog\/wp-json\/wp\/v2\/posts\/702\/revisions"}],"predecessor-version":[{"id":13401,"href":"https:\/\/miltonmarchioli.com.br\/blog\/wp-json\/wp\/v2\/posts\/702\/revisions\/13401"}],"wp:attachment":[{"href":"https:\/\/miltonmarchioli.com.br\/blog\/wp-json\/wp\/v2\/media?parent=702"}],"wp:term":[{"taxonomy":"category","embeddable":true,"href":"https:\/\/miltonmarchioli.com.br\/blog\/wp-json\/wp\/v2\/categories?post=702"},{"taxonomy":"post_tag","embeddable":true,"href":"https:\/\/miltonmarchioli.com.br\/blog\/wp-json\/wp\/v2\/tags?post=702"}],"curies":[{"name":"wp","href":"https:\/\/api.w.org\/{rel}","templated":true}]}}