{"id":7044,"date":"2014-06-02T21:04:01","date_gmt":"2014-06-03T00:04:01","guid":{"rendered":"http:\/\/miltonmarchioli.com.br\/blog\/?p=7044"},"modified":"2022-01-25T20:57:10","modified_gmt":"2022-01-25T23:57:10","slug":"acidente-vascular-cerebral-anticoagulacao-e-antiagregante-plaquetario-seminario-curso-de-medicina-da-famema","status":"publish","type":"post","link":"https:\/\/miltonmarchioli.com.br\/blog\/acidente-vascular-cerebral-anticoagulacao-e-antiagregante-plaquetario-seminario-curso-de-medicina-da-famema\/","title":{"rendered":"Acidente Vascular Cerebral. Anticoagula\u00e7\u00e3o e antiagregante plaquet\u00e1rio. Semin\u00e1rio. Curso de Medicina da Famema"},"content":{"rendered":"<p><a href=\"https:\/\/miltonmarchioli.com.br\/blog\/wp-content\/uploads\/avc-neuronio.jpg\"><img loading=\"lazy\" decoding=\"async\" class=\"alignleft wp-image-7045\" title=\"avc- neuronio\" src=\"https:\/\/miltonmarchioli.com.br\/blog\/wp-content\/uploads\/avc-neuronio.jpg\" alt=\"\" width=\"242\" height=\"232\" \/><\/a><a href=\"https:\/\/miltonmarchioli.com.br\/blog\/wp-content\/uploads\/Apresenta\u00e7\u00e3o-AVC-02-06-14.ppt\">Semin\u00e1rio apresentado pelos alunos do 4\u00ba ano do curso de medicina da Famema &#8211; Aline Ferrari Martins, Bruno de Souza Mendes, Cintia Junko Oshiro, Gabrielle Paulo S\u00e9rvio da Silva e Felipe Ferreira Lima no Ambulat\u00f3rio Neurovascular &#8211; Famema.<\/a><\/p>\n<p>O tratamento do acidente vascular cerebral AVC depende do est\u00e1gio da doen\u00e7a.<\/p>\n<p>H\u00e1 tr\u00eas est\u00e1gios de tratamento para AVC: preven\u00e7\u00e3o, terapia imediatamente ap\u00f3s o AVC, e reabilita\u00e7\u00e3o.<\/p>\n<p>As terapias para AVC incluem medica\u00e7\u00e3o, cirurgia em AVCH (Acidente Vascular Cerebral Hemorr\u00e1gico ) e reabilita\u00e7\u00e3o.<\/p>\n<p>A terapia com medica\u00e7\u00e3o \u00e9 o tratamento mais comum para AVC.<\/p>\n<p>Os tipos de medicamentos mais comuns para prevenir ou tratar AVC s\u00e3o os antiagregantes e trombol\u00edticos.<\/p>\n<p>Ao tratar um AVC que acabou de ocorrer, o tempo conta muito.<\/p>\n<p>AVC isqu\u00eamico, o tipo mais comum, pode ser tratado com medicamentos trombol\u00edticos se atendido at\u00e9 4,5 horas. Esses medicamentos interrompem o AVC ao dissolverem o\u00a0 co\u00e1gulo que est\u00e1 bloqueando o fluxo de sangue ao c\u00e9rebro.<\/p>\n<p>Uma vez que os medicamentos trombol\u00edticos podem elevar o sangramento, devem ser usados somente depois que o m\u00e9dico tiver certeza que o paciente sofre um AVC isqu\u00eamico e n\u00e3o um hemorr\u00e1gico.<\/p>\n<p>Os antiagregantes plaquet\u00e1rios previnem a forma\u00e7\u00e3o de co\u00e1gulos sangu\u00edneos que podem causar um novo AVC.<\/p>\n<p>Ao reduzir o risco de co\u00e1gulos sangu\u00edneos, esses medicamentos diminuem o risco de AVC isqu\u00eamico. Os antiagregantes geralmente s\u00e3o prescritos para preven\u00e7\u00e3o do AVC. Desses tipos de medicamentos, o mais conhecido \u00e9 a aspirina.<\/p>\n<p>Anticoagulantes reduzem o risco de AVC ao diminuir a capacidade de coagula\u00e7\u00e3o do sangue, como na fibrila\u00e7\u00e3o atrial cr\u00f4nica.<\/p>\n<p>Para a maioria dos pacientes de AVC a reabilita\u00e7\u00e3o envolve fisioterapia. O objetivo da fisioterapia \u00e9 fazer o paciente de AVC reaprender atividades motoras simples como caminhar, sentar, ficar em p\u00e9, deitar, e o processo de passar de um movimento para outro. Para conseguir isso, os pacientes de AVC devem trabalhar o fisioterapeuta, o qual usa treinamento, exerc\u00edcios e manipula\u00e7\u00e3o f\u00edsica para restaurar o movimento, equil\u00edbrio e coordena\u00e7\u00e3o.<\/p>\n<p>Outro tipo de terapia para ajudar o paciente a reaprender atividades rotineiras \u00e9 a terapia ocupacional.<\/p>\n<p>Esse tipo de terapia tamb\u00e9m envolve exerc\u00edcios e treinamento. O objetivo \u00e9 ajudar o paciente de AVC a reaprender atividades rotineiras como comer, beber e engolir, vestir, tomar banho, usar o banheiro, ler e escrever.<\/p>\n<p>Desordens de fala e linguagem aparecem quando o dano cerebral ocorre nos centros de linguagem do c\u00e9rebro. Devido \u00e0 grande capacidade do c\u00e9rebro aprender e adaptar-se, outras \u00e1reas podem tomar algumas das fun\u00e7\u00f5es perdidas.<\/p>\n<p>A terapia da fala ajuda pacientes de AVC a reaprender a capacidade de linguagem e da fala.<\/p>\n<p>\u00c9 apropriada para pacientes sem dist\u00farbios cognitivos e de racioc\u00ednio, mas com dificuldade de compreender a fala ou palavras escritas, ou com dificuldade de falar.<\/p>\n<p>Com tempo e paci\u00eancia o sobrevivente de um AVC pode ser capaz de recuperar uma parte e algumas vezes toda a capacidade de fala e linguagem.<\/p>\n<p>O Ambulat\u00f3rio Neurovascular atende usu\u00e1rios do SUS encaminhados pelo IX Departamento Regional de Sa\u00fade do Estado de S\u00e3o Paulo.<\/p>\n<p><a href=\"https:\/\/miltonmarchioli.com.br\/blog\/wp-content\/uploads\/AVC-EU-ME-IMPORTO-21.jpg\"><img loading=\"lazy\" decoding=\"async\" class=\"aligncenter size-full wp-image-10946\" src=\"https:\/\/miltonmarchioli.com.br\/blog\/wp-content\/uploads\/AVC-EU-ME-IMPORTO-21.jpg\" alt=\"AVC- EU ME IMPORTO 2\" width=\"600\" height=\"466\" srcset=\"https:\/\/miltonmarchioli.com.br\/blog\/wp-content\/uploads\/AVC-EU-ME-IMPORTO-21.jpg 600w, https:\/\/miltonmarchioli.com.br\/blog\/wp-content\/uploads\/AVC-EU-ME-IMPORTO-21-300x233.jpg 300w\" sizes=\"auto, (max-width: 600px) 100vw, 600px\" \/><\/a><\/p>\n","protected":false},"excerpt":{"rendered":"<p>Semin\u00e1rio apresentado pelos alunos do 4\u00ba ano do curso de medicina da Famema &#8211; Aline Ferrari Martins, Bruno de Souza Mendes, Cintia Junko Oshiro, Gabrielle Paulo S\u00e9rvio da Silva e Felipe Ferreira Lima no Ambulat\u00f3rio Neurovascular &#8211; Famema. O tratamento do acidente vascular cerebral AVC depende do est\u00e1gio da doen\u00e7a. H\u00e1 tr\u00eas est\u00e1gios de tratamento &hellip; <a href=\"https:\/\/miltonmarchioli.com.br\/blog\/acidente-vascular-cerebral-anticoagulacao-e-antiagregante-plaquetario-seminario-curso-de-medicina-da-famema\/\" class=\"more-link\">Continue lendo <span class=\"screen-reader-text\">Acidente Vascular Cerebral. Anticoagula\u00e7\u00e3o e antiagregante plaquet\u00e1rio. Semin\u00e1rio. Curso de Medicina da Famema<\/span> <span class=\"meta-nav\">&rarr;<\/span><\/a><\/p>\n","protected":false},"author":2,"featured_media":0,"comment_status":"open","ping_status":"open","sticky":false,"template":"","format":"standard","meta":{"rop_custom_images_group":[],"rop_custom_messages_group":[],"rop_publish_now":"initial","rop_publish_now_accounts":[],"rop_publish_now_history":[],"rop_publish_now_status":"pending","footnotes":""},"categories":[8,332,4,9],"tags":[254],"class_list":["post-7044","post","type-post","status-publish","format-standard","hentry","category-direito-e-saude","category-educacao","category-neurologia","category-saude-publica","tag-anticoagulacao-ambulatorio-neurovascular-famema"],"_links":{"self":[{"href":"https:\/\/miltonmarchioli.com.br\/blog\/wp-json\/wp\/v2\/posts\/7044","targetHints":{"allow":["GET"]}}],"collection":[{"href":"https:\/\/miltonmarchioli.com.br\/blog\/wp-json\/wp\/v2\/posts"}],"about":[{"href":"https:\/\/miltonmarchioli.com.br\/blog\/wp-json\/wp\/v2\/types\/post"}],"author":[{"embeddable":true,"href":"https:\/\/miltonmarchioli.com.br\/blog\/wp-json\/wp\/v2\/users\/2"}],"replies":[{"embeddable":true,"href":"https:\/\/miltonmarchioli.com.br\/blog\/wp-json\/wp\/v2\/comments?post=7044"}],"version-history":[{"count":13,"href":"https:\/\/miltonmarchioli.com.br\/blog\/wp-json\/wp\/v2\/posts\/7044\/revisions"}],"predecessor-version":[{"id":13743,"href":"https:\/\/miltonmarchioli.com.br\/blog\/wp-json\/wp\/v2\/posts\/7044\/revisions\/13743"}],"wp:attachment":[{"href":"https:\/\/miltonmarchioli.com.br\/blog\/wp-json\/wp\/v2\/media?parent=7044"}],"wp:term":[{"taxonomy":"category","embeddable":true,"href":"https:\/\/miltonmarchioli.com.br\/blog\/wp-json\/wp\/v2\/categories?post=7044"},{"taxonomy":"post_tag","embeddable":true,"href":"https:\/\/miltonmarchioli.com.br\/blog\/wp-json\/wp\/v2\/tags?post=7044"}],"curies":[{"name":"wp","href":"https:\/\/api.w.org\/{rel}","templated":true}]}}