{"id":7057,"date":"2014-06-08T22:24:48","date_gmt":"2014-06-09T01:24:48","guid":{"rendered":"http:\/\/miltonmarchioli.com.br\/blog\/?p=7057"},"modified":"2022-01-25T20:58:04","modified_gmt":"2022-01-25T23:58:04","slug":"cefaleias-primarias-seminario-curso-de-medicina-da-famema-19","status":"publish","type":"post","link":"https:\/\/miltonmarchioli.com.br\/blog\/cefaleias-primarias-seminario-curso-de-medicina-da-famema-19\/","title":{"rendered":"Cefaleias Prim\u00e1rias. Semin\u00e1rio. Curso de Medicina da Famema"},"content":{"rendered":"<p><img loading=\"lazy\" decoding=\"async\" class=\"alignleft wp-image-11791\" src=\"https:\/\/miltonmarchioli.com.br\/blog\/wp-content\/uploads\/mulher-dor-de-cabe\u00e7a-azul-1.jpg\" alt=\"mulher-dor-de-cabe\u00e7a-azul\" width=\"229\" height=\"272\" \/><a href=\"https:\/\/miltonmarchioli.com.br\/blog\/wp-content\/uploads\/Cefal\u00e9ias-Prim\u00e1rias-05-06-2014.pptx\">Semin\u00e1rio apresentado pelos alunos do 4\u00ba ano do curso de medicina da Famema -Arthur Dias, Bruna Silva, Eduardo Hiroshi, Fernanda Yamamoto e Guilherme Kamano no Ambulat\u00f3rio de Cefaleia abordando o tema Cefaleias Prim\u00e1rias.<\/a><\/p>\n<p>A cefaleia \u00e9 uma condi\u00e7\u00e3o prevalente, incapacitante, muitas vezes sem diagn\u00f3stico e tratamento adequados.<\/p>\n<p>Afeta mais as mulheres, e tem maior frequ\u00eancia nos anos de maior produtividade.<\/p>\n<p>No Brasil, as cefaleias s\u00e3o respons\u00e1veis por 9% das consultas por problemas agudos em aten\u00e7\u00e3o prim\u00e1ria.<\/p>\n<p>A maioria dos indiv\u00edduos experimenta algum epis\u00f3dio de cefaleia durante a vida adulta; entretanto, apenas poucos procuram atendimento m\u00e9dico.<\/p>\n<p>\u00c9 estimado que apenas 16% dos pacientes com cefaleia tensional e 56% dos pacientes com enxaqueca ou migr\u00e2nea procuram atendimento de m\u00e9dico generalista e, destes, 4% e 16%, respectivamente, consultam com especialistas em cefaleias, sendo mais comum as mulheres buscarem assist\u00eancia m\u00e9dica por esse motivo.<\/p>\n<p>No Brasil, num estudo em duas Unidades B\u00e1sicas de Sa\u00fade, foi encontrada preval\u00eancia de 45% de enxaqueca nos pacientes com queixa de cefaleia.<\/p>\n<p>Nos Estados Unidos, o diagn\u00f3stico de enxaqueca n\u00e3o aumentou significativamente na compara\u00e7\u00e3o dos anos de 1989 e 1999, embora os encaminhamentos para avalia\u00e7\u00e3o pelos especialistas de cefaleia tenham triplicado neste per\u00edodo de 10 anos. Tamb\u00e9m nesse pa\u00eds, a enxaqueca afeta aproximadamente 28 milh\u00f5es de indiv\u00edduos, e os m\u00e9dicos de fam\u00edlia t\u00eam papel importante no diagn\u00f3stico e manejo desta afec\u00e7\u00e3o.<\/p>\n<p>Outro fator que corrobora com a import\u00e2ncia desse tema \u00e9 o impacto que a doen\u00e7a tem sobre a vida dos pacientes.<\/p>\n<p>Existe uma correla\u00e7\u00e3o importante entre a gravidade da cefaleia, a qualidade de vida e o impacto desta doen\u00e7a na vida dos indiv\u00edduos e que pode ser avaliado na aten\u00e7\u00e3o prim\u00e1ria \u00e0 sa\u00fade, utilizando o question\u00e1rio Headache Impact Test 6 (HIT- 6) .<\/p>\n<p>A Classifica\u00e7\u00e3o das Cefaleias da International Headache Society (IHS ) tem a inten\u00e7\u00e3o de padronizar, tanto em pesquisas como na cl\u00ednica, a defini\u00e7\u00e3o dos tipos de cefaleias, sendo a cefaleia do tipo tensional a mais prevalente, seguida da enxaqueca (migr\u00e2nea).<\/p>\n<p>No Reino Unido, a incid\u00eancia na aten\u00e7\u00e3o prim\u00e1ria de tumor intracraniano, hemorragia subaracn\u00f3idea e hematoma subdural s\u00e3o, respectivamente 6,1; 4,1 e 1,9 por 100.000, sendo que, dos diagn\u00f3sticos corretos, 70% foram realizados pelos m\u00e9dicos de fam\u00edlia com utiliza\u00e7\u00e3o criteriosa de exames de imagem. Nesse estudo, apenas metade dos pacientes com tumor cerebral, hemorragia subaracn\u00f3idea e hematoma subdural apresentavam cefaleia.<\/p>\n<p>Tendo em vista estes fatores, a educa\u00e7\u00e3o continuada dos m\u00e9dicos de fam\u00edlia e comunidade deveria enfocar o diagn\u00f3stico e\u00a0 manejo terap\u00eautico e o impacto das cefaleias na vida dos pacientes.<\/p>\n<p>O Ambulat\u00f3rio de Cefaleia atende encaminhamentos\u00a0 de 62 munic\u00edpios do Departamento Regional de Sa\u00fade IX do Estado de S\u00e3o Paulo.<\/p>\n<p><a href=\"https:\/\/miltonmarchioli.com.br\/blog\/wp-content\/uploads\/amor-e-dor.jpg\"><img loading=\"lazy\" decoding=\"async\" class=\"aligncenter size-full wp-image-10961\" src=\"https:\/\/miltonmarchioli.com.br\/blog\/wp-content\/uploads\/amor-e-dor.jpg\" alt=\"amor e dor\" width=\"495\" height=\"417\" srcset=\"https:\/\/miltonmarchioli.com.br\/blog\/wp-content\/uploads\/amor-e-dor.jpg 495w, https:\/\/miltonmarchioli.com.br\/blog\/wp-content\/uploads\/amor-e-dor-300x253.jpg 300w\" sizes=\"auto, (max-width: 495px) 100vw, 495px\" \/><\/a><\/p>\n","protected":false},"excerpt":{"rendered":"<p>Semin\u00e1rio apresentado pelos alunos do 4\u00ba ano do curso de medicina da Famema -Arthur Dias, Bruna Silva, Eduardo Hiroshi, Fernanda Yamamoto e Guilherme Kamano no Ambulat\u00f3rio de Cefaleia abordando o tema Cefaleias Prim\u00e1rias. A cefaleia \u00e9 uma condi\u00e7\u00e3o prevalente, incapacitante, muitas vezes sem diagn\u00f3stico e tratamento adequados. Afeta mais as mulheres, e tem maior frequ\u00eancia &hellip; <a href=\"https:\/\/miltonmarchioli.com.br\/blog\/cefaleias-primarias-seminario-curso-de-medicina-da-famema-19\/\" class=\"more-link\">Continue lendo <span class=\"screen-reader-text\">Cefaleias Prim\u00e1rias. Semin\u00e1rio. Curso de Medicina da Famema<\/span> <span class=\"meta-nav\">&rarr;<\/span><\/a><\/p>\n","protected":false},"author":2,"featured_media":0,"comment_status":"open","ping_status":"open","sticky":false,"template":"","format":"standard","meta":{"rop_custom_images_group":[],"rop_custom_messages_group":[],"rop_publish_now":"initial","rop_publish_now_accounts":[],"rop_publish_now_history":[],"rop_publish_now_status":"pending","footnotes":""},"categories":[8,332,4,13,9],"tags":[591,193],"class_list":["post-7057","post","type-post","status-publish","format-standard","hentry","category-direito-e-saude","category-educacao","category-neurologia","category-opiniao","category-saude-publica","tag-ambulatorio-cefaleia-ambulatorio-mario-covas-famema","tag-milton-marchioli"],"_links":{"self":[{"href":"https:\/\/miltonmarchioli.com.br\/blog\/wp-json\/wp\/v2\/posts\/7057","targetHints":{"allow":["GET"]}}],"collection":[{"href":"https:\/\/miltonmarchioli.com.br\/blog\/wp-json\/wp\/v2\/posts"}],"about":[{"href":"https:\/\/miltonmarchioli.com.br\/blog\/wp-json\/wp\/v2\/types\/post"}],"author":[{"embeddable":true,"href":"https:\/\/miltonmarchioli.com.br\/blog\/wp-json\/wp\/v2\/users\/2"}],"replies":[{"embeddable":true,"href":"https:\/\/miltonmarchioli.com.br\/blog\/wp-json\/wp\/v2\/comments?post=7057"}],"version-history":[{"count":7,"href":"https:\/\/miltonmarchioli.com.br\/blog\/wp-json\/wp\/v2\/posts\/7057\/revisions"}],"predecessor-version":[{"id":13744,"href":"https:\/\/miltonmarchioli.com.br\/blog\/wp-json\/wp\/v2\/posts\/7057\/revisions\/13744"}],"wp:attachment":[{"href":"https:\/\/miltonmarchioli.com.br\/blog\/wp-json\/wp\/v2\/media?parent=7057"}],"wp:term":[{"taxonomy":"category","embeddable":true,"href":"https:\/\/miltonmarchioli.com.br\/blog\/wp-json\/wp\/v2\/categories?post=7057"},{"taxonomy":"post_tag","embeddable":true,"href":"https:\/\/miltonmarchioli.com.br\/blog\/wp-json\/wp\/v2\/tags?post=7057"}],"curies":[{"name":"wp","href":"https:\/\/api.w.org\/{rel}","templated":true}]}}