{"id":71,"date":"2011-03-09T03:22:42","date_gmt":"2011-03-09T03:22:42","guid":{"rendered":"http:\/\/miltonmarchioli.com.br\/blog\/?p=71"},"modified":"2022-01-07T11:20:36","modified_gmt":"2022-01-07T14:20:36","slug":"enxaqueca-seminario-curso-de-medicina-da-famema","status":"publish","type":"post","link":"https:\/\/miltonmarchioli.com.br\/blog\/enxaqueca-seminario-curso-de-medicina-da-famema\/","title":{"rendered":"Enxaqueca. Semin\u00e1rio. Curso de Medicina da Famema"},"content":{"rendered":"<p><a href=\"https:\/\/miltonmarchioli.com.br\/blog\/wp-content\/uploads\/enxaqueca-loira.jpg\"><img loading=\"lazy\" decoding=\"async\" class=\"alignleft wp-image-10051\" src=\"https:\/\/miltonmarchioli.com.br\/blog\/wp-content\/uploads\/enxaqueca-loira-300x231.jpg\" alt=\"enxaqueca loira\" width=\"276\" height=\"213\" srcset=\"https:\/\/miltonmarchioli.com.br\/blog\/wp-content\/uploads\/enxaqueca-loira-300x231.jpg 300w, https:\/\/miltonmarchioli.com.br\/blog\/wp-content\/uploads\/enxaqueca-loira.jpg 350w\" sizes=\"auto, (max-width: 276px) 100vw, 276px\" \/><\/a><a href=\"https:\/\/miltonmarchioli.com.br\/blog\/wp-content\/uploads\/REVIS\u00c3O-ENXAQUECA-2010-ALUNA-LIVIA-TAMAI.ppt\">Semin\u00e1rio\u00a0de Enxaqueca apresentado\u00a0 pela acad\u00eamica L\u00edvia Tamai\u00a0 no Ambulat\u00f3rio de Cefaleia -Ambulat\u00f3rio Mario Covas &#8211; disciplinas Neurologia e Educa\u00e7\u00e3o em Ci\u00eancias da Sa\u00fade no ano de 2010.<\/a><\/p>\n<p>Interessante discuss\u00e3o sobre a Enxaqueca ou Migr\u00e2nea com \u00eanfase em epidemiologia, quadro cl\u00ednico, diagn\u00f3stico e tratamento.<\/p>\n<p>Importante dizer que as mulheres apresentam essa doen\u00e7a em preval\u00eancia maior que os homens, independente da faixa et\u00e1ria, e seu componente gen\u00e9tico \u00e9 importante, pois outros membros da fam\u00edlia podem apresentar essa condi\u00e7\u00e3o cl\u00ednica.<\/p>\n<p>N\u00e3o h\u00e1 cura da migr\u00e2nea ou enxaqueca, mas com as novas drogas surgidas nos \u00faltimos anos, e melhor compreens\u00e3o de sua fisiopatogenia, a remiss\u00e3o dos sintomas tem se tornado frequente na \u00faltima d\u00e9cada.<\/p>\n<p>Os anticonvulsivantes t\u00eam mostrado resultados interessantes no arsenal terap\u00eautico para o tratamento com efic\u00e1cia.<\/p>\n<p align=\"justify\"><strong>Defini\u00e7\u00e3o<\/strong><strong><br \/>\n<\/strong>A enxaqueca \u00e9 uma desordem heredit\u00e1ria de descontrole dos mecanismos antinociceptivos presentes no nervo trig\u00eamio.<\/p>\n<p><strong>Preval\u00eancia <\/strong><br \/>\nA preval\u00eancia da enxaqueca nos adultos est\u00e1 estimada entre 2,0 a 10 % em alguns estudos populacionais, com predom\u00ednio no sexo feminino.<\/p>\n<p align=\"justify\">Na popula\u00e7\u00e3o infantil abaixo de 15 anos, a preval\u00eancia \u00e9 em torno de 4% sem diferen\u00e7a entre os sexos nas idades menores.<\/p>\n<p><strong>Classifica\u00e7\u00e3o <\/strong><br \/>\nA classifica\u00e7\u00e3o da enxaqueca tem sido objeto de discuss\u00e3o, mas podemos admitir:<\/p>\n<p><strong>I) <\/strong>Enxaqueca cl\u00e1ssica<br \/>\n<strong><img loading=\"lazy\" decoding=\"async\" src=\"http:\/\/www.brasilmedicina.com.br\/admin\/images\/spacer.gif\" alt=\"\" width=\"13\" height=\"13\" border=\"0\" \/><\/strong><br \/>\n<strong>2)<\/strong> Enxaqueca comum<\/p>\n<p><strong>Quadro Cl\u00ednico<\/strong><\/p>\n<p>A enxaqueca \u00e9 uma s\u00edndrome com sinais e sintomas variados e que quase invariavelmente apresenta a cefaleia recorrente com car\u00e1ter latejante, sintomas auton\u00f4micos acompanhantes como n\u00e1usea ou v\u00f4mitos e palidez,\u00a0 fonofotofobia e fotofobia, e hist\u00f3ria familiar positiva.<\/p>\n<p align=\"justify\">A enxaqueca cl\u00e1ssica \u00e9 aquela em que ocorre desordem neurol\u00f3gica como aura ou que continua ou persiste ap\u00f3s a cefaleia. Quando h\u00e1 fen\u00f4menos visuais como escotomas , hemianopsia, vis\u00f5es espectrais, precedendo a cefaleia em minutos ou at\u00e9 uma hora, \u00e9 a enxaqueca cl\u00e1ssica propriamente dita.<\/p>\n<p align=\"justify\">A enxaqueca comum \u00e9 a cefaleia recorrente durando horas at\u00e9 72 horas, sem aura, associada a dist\u00farbios gastroenterol\u00f3gicos, car\u00e1ter latejante de dor, eventualmente unilateral e acompanhada de fotofonofobia e hist\u00f3ria familiar.<\/p>\n<p align=\"justify\">A enxaqueca basilar \u00e9 aquela onde os sintomas principais s\u00e3o decorrentes de disfun\u00e7\u00e3o do tronco cerebral no territ\u00f3rio vertebrobasilar. Os sintomas s\u00e3o vertigem, ataxia, zumbido, disartria, parestesia nos membros e perioral bilateralmente, vis\u00e3o em t\u00fanel, altera\u00e7\u00e3o de consci\u00eancia inclusive s\u00edncope.<\/p>\n<p align=\"justify\">A enxaqueca hemipl\u00e9gica \u00e9 rara, e em geral tem hist\u00f3ria da ocorr\u00eancia em outros membros da fam\u00edlia em epis\u00f3dios enxaquecosos semelhantes , acompanhados de hemiparesia ou hemiplegia que podem alternar de lado em crises subsequentes; quase sempre regridem ou podem deixar sequelas como epilepsia.<\/p>\n<p align=\"justify\">A enxaqueca oftalmopl\u00e9gica \u00e9 aquela onde ocorre uma paralisia ocular, em geral no III nervo craniano.<\/p>\n<p align=\"justify\">Equivalente de enxaqueca ou enxaqueca abortiva ou dissociada \u00e9 a ocorr\u00eancia de epis\u00f3dio considerado substituto da crise de enxaqueca, desacompanhada de cefaleia. Fazem parte a ocorr\u00eancia em enxaquecosos de dor abdominal recorrente, vertigem parox\u00edstica, pseudoangina, v\u00f4mitos c\u00edclicos, dores do crescimento, estado confusional e amn\u00e9sia global transit\u00f3ria.<\/p>\n<p align=\"justify\"><strong>Etiopatogenia e fisiopatologia <\/strong><br \/>\nA enxaqueca \u00e9 uma afec\u00e7\u00e3o heredit\u00e1ria. A fisiopatologia ainda j\u00e1 est\u00e1 totalmente esclarecida e se admite que ocorram fen\u00f4menos biol\u00f3gicos tais como: vasodilata\u00e7\u00e3o intra e extracraniana, libera\u00e7\u00e3o de serotonina plaquet\u00e1ria, aumento de \u00e1cidos graxos livres no plasma, ativa\u00e7\u00e3o plaquet\u00e1ria, diminui\u00e7\u00e3o da concentra\u00e7\u00e3o plasm\u00e1tica de noradrenalina e da atividade da monoaminooxidase plaquet\u00e1ria, aumento da concentra\u00e7\u00e3o liqu\u00f3rica de gama-aminobutirato. Outros fen\u00f4menos como depress\u00e3o alastrante de Le\u00e3o, altera\u00e7\u00f5es imunol\u00f3gicas, e endorfinas, tamb\u00e9m devem estar implicados .<\/p>\n<p><strong>Tratamento<\/strong><br \/>\nO tratamento da enxaqueca visa abortar as crises ou prevenir sua ocorr\u00eancia.<\/p>\n<p align=\"justify\">O tratamento preventivo \u00e9 preconizado quando a frequ\u00eancia de crises \u00e9 de duas ou mais por m\u00eas ou n\u00e3o h\u00e1 resposta adequada ao tratamento cr\u00edtico e as crises s\u00e3o incapacitantes e prolongadas .<\/p>\n<p align=\"justify\">O Ambulat\u00f3rio de Cefaleia atende encaminhamentos do Departamento Regional de Sa\u00fade IX do Estado de S\u00e3o Paulo.<\/p>\n<p>\u00a0Lutemos por uma Sa\u00fade P\u00fablica com qualidade !<\/p>\n<p><a href=\"https:\/\/miltonmarchioli.com.br\/blog\/wp-content\/uploads\/enxaqueca-laranja-quadro.jpg\"><img loading=\"lazy\" decoding=\"async\" class=\"aligncenter wp-image-6399\" title=\"enxaqueca laranja- quadro\" src=\"https:\/\/miltonmarchioli.com.br\/blog\/wp-content\/uploads\/enxaqueca-laranja-quadro.jpg\" alt=\"\" width=\"379\" height=\"505\" \/><\/a><\/p>\n","protected":false},"excerpt":{"rendered":"<p>Semin\u00e1rio\u00a0de Enxaqueca apresentado\u00a0 pela acad\u00eamica L\u00edvia Tamai\u00a0 no Ambulat\u00f3rio de Cefaleia -Ambulat\u00f3rio Mario Covas &#8211; disciplinas Neurologia e Educa\u00e7\u00e3o em Ci\u00eancias da Sa\u00fade no ano de 2010. Interessante discuss\u00e3o sobre a Enxaqueca ou Migr\u00e2nea com \u00eanfase em epidemiologia, quadro cl\u00ednico, diagn\u00f3stico e tratamento. Importante dizer que as mulheres apresentam essa doen\u00e7a em preval\u00eancia maior que &hellip; <a href=\"https:\/\/miltonmarchioli.com.br\/blog\/enxaqueca-seminario-curso-de-medicina-da-famema\/\" class=\"more-link\">Continue lendo <span class=\"screen-reader-text\">Enxaqueca. Semin\u00e1rio. Curso de Medicina da Famema<\/span> <span class=\"meta-nav\">&rarr;<\/span><\/a><\/p>\n","protected":false},"author":2,"featured_media":0,"comment_status":"open","ping_status":"open","sticky":false,"template":"","format":"standard","meta":{"rop_custom_images_group":[],"rop_custom_messages_group":[],"rop_publish_now":"initial","rop_publish_now_accounts":[],"rop_publish_now_history":[],"rop_publish_now_status":"pending","footnotes":""},"categories":[332,4,13,9],"tags":[591],"class_list":["post-71","post","type-post","status-publish","format-standard","hentry","category-educacao","category-neurologia","category-opiniao","category-saude-publica","tag-ambulatorio-cefaleia-ambulatorio-mario-covas-famema"],"_links":{"self":[{"href":"https:\/\/miltonmarchioli.com.br\/blog\/wp-json\/wp\/v2\/posts\/71","targetHints":{"allow":["GET"]}}],"collection":[{"href":"https:\/\/miltonmarchioli.com.br\/blog\/wp-json\/wp\/v2\/posts"}],"about":[{"href":"https:\/\/miltonmarchioli.com.br\/blog\/wp-json\/wp\/v2\/types\/post"}],"author":[{"embeddable":true,"href":"https:\/\/miltonmarchioli.com.br\/blog\/wp-json\/wp\/v2\/users\/2"}],"replies":[{"embeddable":true,"href":"https:\/\/miltonmarchioli.com.br\/blog\/wp-json\/wp\/v2\/comments?post=71"}],"version-history":[{"count":21,"href":"https:\/\/miltonmarchioli.com.br\/blog\/wp-json\/wp\/v2\/posts\/71\/revisions"}],"predecessor-version":[{"id":13491,"href":"https:\/\/miltonmarchioli.com.br\/blog\/wp-json\/wp\/v2\/posts\/71\/revisions\/13491"}],"wp:attachment":[{"href":"https:\/\/miltonmarchioli.com.br\/blog\/wp-json\/wp\/v2\/media?parent=71"}],"wp:term":[{"taxonomy":"category","embeddable":true,"href":"https:\/\/miltonmarchioli.com.br\/blog\/wp-json\/wp\/v2\/categories?post=71"},{"taxonomy":"post_tag","embeddable":true,"href":"https:\/\/miltonmarchioli.com.br\/blog\/wp-json\/wp\/v2\/tags?post=71"}],"curies":[{"name":"wp","href":"https:\/\/api.w.org\/{rel}","templated":true}]}}