{"id":735,"date":"2011-10-04T12:32:01","date_gmt":"2011-10-04T12:32:01","guid":{"rendered":"http:\/\/miltonmarchioli.com.br\/blog\/?p=735"},"modified":"2022-01-03T10:49:25","modified_gmt":"2022-01-03T13:49:25","slug":"acidente-vascular-cerebral-seminario-curso-de-medicina-da-famema","status":"publish","type":"post","link":"https:\/\/miltonmarchioli.com.br\/blog\/acidente-vascular-cerebral-seminario-curso-de-medicina-da-famema\/","title":{"rendered":"Acidente Vascular Cerebral. Semin\u00e1rio. Curso de Medicina da Famema"},"content":{"rendered":"<p><a href=\"https:\/\/miltonmarchioli.com.br\/blog\/wp-content\/uploads\/avc-vermelho-e-azul.jpg\"><img loading=\"lazy\" decoding=\"async\" class=\"alignleft size-full wp-image-10272\" src=\"https:\/\/miltonmarchioli.com.br\/blog\/wp-content\/uploads\/avc-vermelho-e-azul.jpg\" alt=\"avc- vermelho e azul\" width=\"201\" height=\"201\" srcset=\"https:\/\/miltonmarchioli.com.br\/blog\/wp-content\/uploads\/avc-vermelho-e-azul.jpg 201w, https:\/\/miltonmarchioli.com.br\/blog\/wp-content\/uploads\/avc-vermelho-e-azul-150x150.jpg 150w\" sizes=\"auto, (max-width: 201px) 100vw, 201px\" \/><\/a>Semin\u00e1rio sobre <a href=\"https:\/\/miltonmarchioli.com.br\/blog\/wp-content\/uploads\/Acidente-Vascular-Cerebral-GABI-e-HUGO-2011.ppt\">Acidente Vascular Cerebral \u00a0<\/a>apresentado pelos alunos\u00a0 Gabriela de F\u00e1tima Batista Peloso e\u00a0 Hugo Rodrigues Rosa- alunos do 4\u00ba ano do curso de medicina da Famema no Ambulat\u00f3rio Neurovascular- Ambulat\u00f3rio M\u00e1rio Covas- disciplinas Neurologia e Educa\u00e7\u00e3o em Ci\u00eancias da Sa\u00fade.<\/p>\n<p>O importante \u00e9 enfatizar aos alunos do 4\u00ba ano do curso de medicina que podemos fazer uso do rt-PA at\u00e9 4,5 horas do in\u00edcio dos sintomas.<\/p>\n<p>A Organiza\u00e7\u00e3o Mundial de Sa\u00fade, defende que o AVC \u00e9 provocado por uma interrup\u00e7\u00e3o no suprimento de sangue ao c\u00e9rebro, e ocorre quando uma art\u00e9ria que fornece sangue ao c\u00e9rebro fica bloqueada, ou se rompe.<\/p>\n<p>Se as c\u00e9lulas cerebrais perdem o suprimento de oxig\u00eanio e de nutrientes por consequ\u00eancia podem parar de trabalhar temporariamente ou ent\u00e3o, morrem. A morte resulta em \u00e1reas de necrose localizada que s\u00e3o designadas como infartos cerebrais. Mas existem muitas c\u00e9lulas remanescentes que podem provocar o ressurgimento de movimentos perdidos se o paciente for tratado devidamente.<\/p>\n<p>As causas mais comuns de AVC s\u00e3o os trombos, embolismo ou\u00a0 ainda trombofilias.<\/p>\n<p>Os infartos cerebrais resultam de dois processos patol\u00f3gicos, a trombose, que \u00e9 o bloqueio de uma art\u00e9ria do c\u00e9rebro, causado por um co\u00e1gulo sangu\u00edneo s\u00f3lido ou trombo que se forma dentro do sistema vascular; e a embolia, que \u00e9 um bloqueio causado por um fragmento destacado do trombo que se formou em outro local e \u00e9 levado para o c\u00e9rebro pela corrente sangu\u00ednea .<\/p>\n<p>A terapia trombol\u00edtica \u00e9 a \u00fanica forma de diminuir ou impedir sequelas dessa patologia.<\/p>\n<p>Os usu\u00e1rios do SUS\u00a0 atendidos pelo Hospital das Cl\u00ednicas ainda n\u00e3o\u00a0recebem\u00a0a terapia trombol\u00edtica usada\u00a0em todo\u00a0o mundo,\u00a0e em grandes centros m\u00e9dicos do Brasil (UNESP, USP, UNICAMP, FAMERP),\u00a0 que pode mudar o curso da evolu\u00e7\u00e3o do AVC.<\/p>\n<p>Sem Unidade de AVC, as sequelas ser\u00e3o enormes nos usu\u00e1rios do SUS que procuram o Hospital das Cl\u00ednicas.<\/p>\n<p>O projeto existe com recursos do Minist\u00e9rio da Sa\u00fade.<\/p>\n<p>Em defesa do SUS !<\/p>\n<p><a href=\"https:\/\/miltonmarchioli.com.br\/blog\/wp-content\/uploads\/avc-azul-lado.jpg\"><img loading=\"lazy\" decoding=\"async\" class=\"alignleft size-full wp-image-10271\" src=\"https:\/\/miltonmarchioli.com.br\/blog\/wp-content\/uploads\/avc-azul-lado.jpg\" alt=\"avc- azul-lado\" width=\"600\" height=\"350\" srcset=\"https:\/\/miltonmarchioli.com.br\/blog\/wp-content\/uploads\/avc-azul-lado.jpg 600w, https:\/\/miltonmarchioli.com.br\/blog\/wp-content\/uploads\/avc-azul-lado-300x175.jpg 300w\" sizes=\"auto, (max-width: 600px) 100vw, 600px\" \/><\/a><\/p>\n","protected":false},"excerpt":{"rendered":"<p>Semin\u00e1rio sobre Acidente Vascular Cerebral \u00a0apresentado pelos alunos\u00a0 Gabriela de F\u00e1tima Batista Peloso e\u00a0 Hugo Rodrigues Rosa- alunos do 4\u00ba ano do curso de medicina da Famema no Ambulat\u00f3rio Neurovascular- Ambulat\u00f3rio M\u00e1rio Covas- disciplinas Neurologia e Educa\u00e7\u00e3o em Ci\u00eancias da Sa\u00fade. O importante \u00e9 enfatizar aos alunos do 4\u00ba ano do curso de medicina que &hellip; <a href=\"https:\/\/miltonmarchioli.com.br\/blog\/acidente-vascular-cerebral-seminario-curso-de-medicina-da-famema\/\" class=\"more-link\">Continue lendo <span class=\"screen-reader-text\">Acidente Vascular Cerebral. Semin\u00e1rio. Curso de Medicina da Famema<\/span> <span class=\"meta-nav\">&rarr;<\/span><\/a><\/p>\n","protected":false},"author":2,"featured_media":0,"comment_status":"open","ping_status":"open","sticky":false,"template":"","format":"standard","meta":{"rop_custom_images_group":[],"rop_custom_messages_group":[],"rop_publish_now":"initial","rop_publish_now_accounts":[],"rop_publish_now_history":[],"rop_publish_now_status":"pending","footnotes":""},"categories":[332,4,13,9],"tags":[164,193],"class_list":["post-735","post","type-post","status-publish","format-standard","hentry","category-educacao","category-neurologia","category-opiniao","category-saude-publica","tag-famema-ambulatorio-neurovascular","tag-milton-marchioli"],"_links":{"self":[{"href":"https:\/\/miltonmarchioli.com.br\/blog\/wp-json\/wp\/v2\/posts\/735","targetHints":{"allow":["GET"]}}],"collection":[{"href":"https:\/\/miltonmarchioli.com.br\/blog\/wp-json\/wp\/v2\/posts"}],"about":[{"href":"https:\/\/miltonmarchioli.com.br\/blog\/wp-json\/wp\/v2\/types\/post"}],"author":[{"embeddable":true,"href":"https:\/\/miltonmarchioli.com.br\/blog\/wp-json\/wp\/v2\/users\/2"}],"replies":[{"embeddable":true,"href":"https:\/\/miltonmarchioli.com.br\/blog\/wp-json\/wp\/v2\/comments?post=735"}],"version-history":[{"count":24,"href":"https:\/\/miltonmarchioli.com.br\/blog\/wp-json\/wp\/v2\/posts\/735\/revisions"}],"predecessor-version":[{"id":13407,"href":"https:\/\/miltonmarchioli.com.br\/blog\/wp-json\/wp\/v2\/posts\/735\/revisions\/13407"}],"wp:attachment":[{"href":"https:\/\/miltonmarchioli.com.br\/blog\/wp-json\/wp\/v2\/media?parent=735"}],"wp:term":[{"taxonomy":"category","embeddable":true,"href":"https:\/\/miltonmarchioli.com.br\/blog\/wp-json\/wp\/v2\/categories?post=735"},{"taxonomy":"post_tag","embeddable":true,"href":"https:\/\/miltonmarchioli.com.br\/blog\/wp-json\/wp\/v2\/tags?post=735"}],"curies":[{"name":"wp","href":"https:\/\/api.w.org\/{rel}","templated":true}]}}