{"id":7471,"date":"2014-07-31T18:56:31","date_gmt":"2014-07-31T21:56:31","guid":{"rendered":"http:\/\/miltonmarchioli.com.br\/blog\/?p=7471"},"modified":"2022-01-26T09:17:15","modified_gmt":"2022-01-26T12:17:15","slug":"milton-friedman-um-expoente-do-liberalismo-economico","status":"publish","type":"post","link":"https:\/\/miltonmarchioli.com.br\/blog\/milton-friedman-um-expoente-do-liberalismo-economico\/","title":{"rendered":"Milton Friedman. Um expoente do liberalismo econ\u00f4mico"},"content":{"rendered":"<p><a href=\"https:\/\/miltonmarchioli.com.br\/blog\/wp-content\/uploads\/milton-friedman-2.jpg\"><img loading=\"lazy\" decoding=\"async\" class=\"alignleft size-medium wp-image-7472\" title=\"milton friedman 2\" src=\"https:\/\/miltonmarchioli.com.br\/blog\/wp-content\/uploads\/milton-friedman-2-300x139.jpg\" alt=\"\" width=\"300\" height=\"139\" srcset=\"https:\/\/miltonmarchioli.com.br\/blog\/wp-content\/uploads\/milton-friedman-2-300x139.jpg 300w, https:\/\/miltonmarchioli.com.br\/blog\/wp-content\/uploads\/milton-friedman-2.jpg 619w\" sizes=\"auto, (max-width: 300px) 100vw, 300px\" \/><\/a>No dia 31 de julho de 1912 nascia Milton Friedman, um dos grandes pensadores do liberalismo moderno.<\/p>\n<p>N\u00e3o poderia deixar passar a data em branco.<\/p>\n<p>Morreu em 2006.<\/p>\n<p>Friedman foi um dos maiores economistas do S\u00e9culo XX, e travou uma incans\u00e1vel batalha pela maior liberdade individual.<\/p>\n<p>Seus argumentos muitos claros. A solidez de seus argumentos, raramente encontraram substitutos \u00e0 altura.<\/p>\n<p>Ao lado dos austr\u00edacos como Hayek e Mises s\u00e3o os principais\u00a0 pensadores da economia moderna.<\/p>\n<p>Seus dois livros mais conhecidos s\u00e3o\u00a0<em>Capitalism and Freedom\u00a0<\/em>e\u00a0<em>Free to Chos<\/em>e.<\/p>\n<p>Friedman exp\u00f5e com objetividade seus pensamentos, sempre defendendo os mercados privados em vez de o planejamento central e o controle estatal.<\/p>\n<p>Convencido de que a liberdade econ\u00f4mica era uma condi\u00e7\u00e3o necess\u00e1ria para as liberdades civis e Direitos Fundamentais.<\/p>\n<p>Aduzia que escopo do governo deve ser limitado, e suas fun\u00e7\u00f5es b\u00e1sicas devem ser preservar a lei e a ordem, garantir contratos privados e estimular os mercados competitivos. O poder do governo deve ser disperso, sempre evitando sua centraliza\u00e7\u00e3o.<\/p>\n<p>Lutou, portanto, contra a vis\u00e3o paternalista do Estado, lembrando que o governo n\u00e3o \u00e9 o patr\u00e3o, mas sim o empregado dos cidad\u00e3os.<\/p>\n<p>O pa\u00eds \u00e9 um somat\u00f3rio de indiv\u00edduos, n\u00e3o algo acima deles. A maior amea\u00e7a a liberdade seria a concentra\u00e7\u00e3o de poder, o que \u00e9 comum no Brasil de hoje, o Brasil da esquerda Rolex.<\/p>\n<p>Friedman prop\u00f4s v\u00e1rias ideias concretas, como o fim de subs\u00eddios agr\u00edcolas, das tarifas de importa\u00e7\u00e3o, do controle de pre\u00e7os, do sal\u00e1rio m\u00ednimo, das regulamenta\u00e7\u00f5es detalhadas das ind\u00fastrias, do servi\u00e7o militar compuls\u00f3rio, etc.<\/p>\n<p>Asseverou que no livre mercado as trocas s\u00e3o volunt\u00e1rias, e portanto ambas as partes se beneficiam delas, sendo a coopera\u00e7\u00e3o a regra b\u00e1sica.<\/p>\n<p>Em contrapartida, a interven\u00e7\u00e3o estatal levaria a uma disputa entre as partes, transformando toda negocia\u00e7\u00e3o de troca numa briga pol\u00edtica, fomentando o conflito.<\/p>\n<p>No Brasil de hoje, o Brasil\u00a0 dos Esquerdopatas ou o Brasil da Esquerdofrenia, a confirma\u00e7\u00e3o dessa teoria l\u00f3gica \u00e9 vis\u00edvel diariamente em nosso pa\u00eds.<\/p>\n<p>Governo centralizador e interfere na economia, e sufoca as empresas com alta carga tribut\u00e1ria.<\/p>\n<p>Milton Friedman deu uma grande contribui\u00e7\u00e3o tamb\u00e9m ao interpretar a crise de 1929. Os leigos culpam, sem embasamento, o livre mercado.<\/p>\n<p>Friedman deixa claro a sua conclus\u00e3o: \u201cA depress\u00e3o n\u00e3o foi produzida por uma falha da empresa privada, mas sim pela falha do governo numa \u00e1rea onde ele tinha sido designado como respons\u00e1vel\u201d.<\/p>\n<p>O mais famoso expoente da Escola de Chicago foi tamb\u00e9m conselheiro dos presidentes Nixon, Ford e Reagan.<\/p>\n<p>A m\u00eddia n\u00e3o lembra\u00a0 do anivers\u00e1rio de Milton Friedman.<\/p>\n<p>Com certeza haver\u00e1 uma como\u00e7\u00e3o intestina quando vier a falecer Fidel Castro- o ditador assassino, e muitos pseudointelectuais chorar\u00e3o sua morte em luto universal dos marxistas culturais.<\/p>\n<p>Fidel Castro, o comunista assassino,\u00a0 n\u00e3o conseguiria debater economia com Milton Friedman por cinco minutos.<\/p>\n<p>Friedman massacraria\u00a0 intelectualmente o ditador comunista.<\/p>\n<p>Obrigado Professor Friedman pelos ensinamentos !<\/p>\n<p><a href=\"https:\/\/miltonmarchioli.com.br\/blog\/wp-content\/uploads\/milton-friedman.jpeg\"><img loading=\"lazy\" decoding=\"async\" class=\"aligncenter size-full wp-image-10975\" src=\"https:\/\/miltonmarchioli.com.br\/blog\/wp-content\/uploads\/milton-friedman.jpeg\" alt=\"milton friedman\" width=\"1652\" height=\"1118\" srcset=\"https:\/\/miltonmarchioli.com.br\/blog\/wp-content\/uploads\/milton-friedman.jpeg 1652w, https:\/\/miltonmarchioli.com.br\/blog\/wp-content\/uploads\/milton-friedman-300x203.jpeg 300w, https:\/\/miltonmarchioli.com.br\/blog\/wp-content\/uploads\/milton-friedman-1024x693.jpeg 1024w\" sizes=\"auto, (max-width: 1652px) 100vw, 1652px\" \/><\/a><\/p>\n","protected":false},"excerpt":{"rendered":"<p>No dia 31 de julho de 1912 nascia Milton Friedman, um dos grandes pensadores do liberalismo moderno. N\u00e3o poderia deixar passar a data em branco. Morreu em 2006. Friedman foi um dos maiores economistas do S\u00e9culo XX, e travou uma incans\u00e1vel batalha pela maior liberdade individual. Seus argumentos muitos claros. A solidez de seus argumentos, &hellip; <a href=\"https:\/\/miltonmarchioli.com.br\/blog\/milton-friedman-um-expoente-do-liberalismo-economico\/\" class=\"more-link\">Continue lendo <span class=\"screen-reader-text\">Milton Friedman. Um expoente do liberalismo econ\u00f4mico<\/span> <span class=\"meta-nav\">&rarr;<\/span><\/a><\/p>\n","protected":false},"author":2,"featured_media":0,"comment_status":"open","ping_status":"open","sticky":false,"template":"","format":"standard","meta":{"rop_custom_images_group":[],"rop_custom_messages_group":[],"rop_publish_now":"initial","rop_publish_now_accounts":[],"rop_publish_now_history":[],"rop_publish_now_status":"pending","footnotes":""},"categories":[11,332,13,366],"tags":[579,820,398],"class_list":["post-7471","post","type-post","status-publish","format-standard","hentry","category-economia","category-educacao","category-opiniao","category-politica","tag-governo-do-pt-e-esquerdofrenia","tag-liberalismo-economico","tag-milton-friedman"],"_links":{"self":[{"href":"https:\/\/miltonmarchioli.com.br\/blog\/wp-json\/wp\/v2\/posts\/7471","targetHints":{"allow":["GET"]}}],"collection":[{"href":"https:\/\/miltonmarchioli.com.br\/blog\/wp-json\/wp\/v2\/posts"}],"about":[{"href":"https:\/\/miltonmarchioli.com.br\/blog\/wp-json\/wp\/v2\/types\/post"}],"author":[{"embeddable":true,"href":"https:\/\/miltonmarchioli.com.br\/blog\/wp-json\/wp\/v2\/users\/2"}],"replies":[{"embeddable":true,"href":"https:\/\/miltonmarchioli.com.br\/blog\/wp-json\/wp\/v2\/comments?post=7471"}],"version-history":[{"count":9,"href":"https:\/\/miltonmarchioli.com.br\/blog\/wp-json\/wp\/v2\/posts\/7471\/revisions"}],"predecessor-version":[{"id":13749,"href":"https:\/\/miltonmarchioli.com.br\/blog\/wp-json\/wp\/v2\/posts\/7471\/revisions\/13749"}],"wp:attachment":[{"href":"https:\/\/miltonmarchioli.com.br\/blog\/wp-json\/wp\/v2\/media?parent=7471"}],"wp:term":[{"taxonomy":"category","embeddable":true,"href":"https:\/\/miltonmarchioli.com.br\/blog\/wp-json\/wp\/v2\/categories?post=7471"},{"taxonomy":"post_tag","embeddable":true,"href":"https:\/\/miltonmarchioli.com.br\/blog\/wp-json\/wp\/v2\/tags?post=7471"}],"curies":[{"name":"wp","href":"https:\/\/api.w.org\/{rel}","templated":true}]}}