{"id":7500,"date":"2014-06-30T11:21:58","date_gmt":"2014-06-30T14:21:58","guid":{"rendered":"http:\/\/miltonmarchioli.com.br\/blog\/?p=7500"},"modified":"2022-01-26T09:09:18","modified_gmt":"2022-01-26T12:09:18","slug":"acidente-vascular-encefalico-seminario-curso-de-medicina-da-famema-3","status":"publish","type":"post","link":"https:\/\/miltonmarchioli.com.br\/blog\/acidente-vascular-encefalico-seminario-curso-de-medicina-da-famema-3\/","title":{"rendered":"Acidente Vascular Encef\u00e1lico. Semin\u00e1rio. Curso de Medicina da Famema"},"content":{"rendered":"<p><a href=\"https:\/\/miltonmarchioli.com.br\/blog\/wp-content\/uploads\/avc-placa.jpg\"><img loading=\"lazy\" decoding=\"async\" class=\"alignleft wp-image-10967\" src=\"https:\/\/miltonmarchioli.com.br\/blog\/wp-content\/uploads\/avc-placa-300x195.jpg\" alt=\"avc - placa\" width=\"263\" height=\"171\" srcset=\"https:\/\/miltonmarchioli.com.br\/blog\/wp-content\/uploads\/avc-placa-300x195.jpg 300w, https:\/\/miltonmarchioli.com.br\/blog\/wp-content\/uploads\/avc-placa.jpg 500w\" sizes=\"auto, (max-width: 263px) 100vw, 263px\" \/><\/a><a href=\"https:\/\/miltonmarchioli.com.br\/blog\/wp-content\/uploads\/Apresenta\u00e7\u00e3o-AVC-30.06.14-Grupo-7-VERS\u00c2O-FINAL.pptx\">Semin\u00e1rio apresentado pelos alunos do 4\u00ba ano do curso de medicina da Famema: Bruna Utsunomiya, Carlos Eduardo Costa da Mota, Enrique Caetano, Gabriel Guimar\u00e3es e Heloisa Mandelli-\u00a0 Ambulat\u00f3rio M\u00e1rio Covas &#8211; revisando o tema: Acidente Vascular Encef\u00e1lico.<\/a><\/p>\n<p>O AVE &#8211; Acidente Vascular Encef\u00e1lico &#8211; tamb\u00e9m conhecido como AVC e derrame cerebral, se caracteriza pelo entupimento ou rompimento de algum vaso sangu\u00edneo no c\u00e9rebro, que pode estar relacionado com alguns fatores como hipertens\u00e3o, arritmias, diabetes, o uso de \u00e1lcool e drogas, e o uso de anticoncepcionais em mulheres.<\/p>\n<h4><span style=\"color: #0000ff;\">Sintomas do acidente vascular encef\u00e1lico<\/span><\/h4>\n<p>Os sintomas do acidente vascular encef\u00e1lico podem ser:<\/p>\n<ul>\n<li>Tontura e desequil\u00edbrio<\/li>\n<li>Fraqueza muscular, dificuldade de se levantar da cama ou da cadeira, por exemplo;<\/li>\n<li>Vis\u00e3o emba\u00e7ada;<\/li>\n<li>Fala enrolada;<\/li>\n<li>Dorm\u00eancia;<\/li>\n<li>Crises epil\u00e9pticas.<\/li>\n<\/ul>\n<p>O diagn\u00f3stico do AVE pode ser feito atrav\u00e9s dos sintomas apresentados pelo paciente, e confirmado com exames de imagem como tomografia computadorizada e ou resson\u00e2ncia magn\u00e9tica.<\/p>\n<h4><span style=\"color: #0000ff;\">Tratamento para Acidente Vascular Encef\u00e1lico<\/span><\/h4>\n<p>O tratamento do Acidente Vascular Encef\u00e1lico pode ser feito atrav\u00e9s do uso de fibrinol\u00edticos, AAS, e controle dos fatores ensejadores tais como: HAS, Diabetes, Hipercolesterolemia, tabagismo, e abstin\u00eancia do \u00e1lcool.<\/p>\n<p>Para a reabilita\u00e7\u00e3o do paciente \u00e9 importante fazer fisioterapia para fortalecer os m\u00fasculos, diminuir as contra\u00e7\u00f5es e melhorar a coordena\u00e7\u00e3o motora.<\/p>\n<p>O Ambulat\u00f3rio Neurovascular atende usu\u00e1rios do SUS do Departamento Regional de Sa\u00fade IX do Estado de S\u00e3o Paulo.<\/p>\n<p><a href=\"https:\/\/miltonmarchioli.com.br\/blog\/wp-content\/uploads\/avc-cigarro.jpg\"><img loading=\"lazy\" decoding=\"async\" class=\"aligncenter size-full wp-image-10968\" src=\"https:\/\/miltonmarchioli.com.br\/blog\/wp-content\/uploads\/avc-cigarro.jpg\" alt=\"avc- cigarro\" width=\"630\" height=\"420\" srcset=\"https:\/\/miltonmarchioli.com.br\/blog\/wp-content\/uploads\/avc-cigarro.jpg 630w, https:\/\/miltonmarchioli.com.br\/blog\/wp-content\/uploads\/avc-cigarro-300x200.jpg 300w\" sizes=\"auto, (max-width: 630px) 100vw, 630px\" \/><\/a><\/p>\n","protected":false},"excerpt":{"rendered":"<p>Semin\u00e1rio apresentado pelos alunos do 4\u00ba ano do curso de medicina da Famema: Bruna Utsunomiya, Carlos Eduardo Costa da Mota, Enrique Caetano, Gabriel Guimar\u00e3es e Heloisa Mandelli-\u00a0 Ambulat\u00f3rio M\u00e1rio Covas &#8211; revisando o tema: Acidente Vascular Encef\u00e1lico. O AVE &#8211; Acidente Vascular Encef\u00e1lico &#8211; tamb\u00e9m conhecido como AVC e derrame cerebral, se caracteriza pelo entupimento &hellip; <a href=\"https:\/\/miltonmarchioli.com.br\/blog\/acidente-vascular-encefalico-seminario-curso-de-medicina-da-famema-3\/\" class=\"more-link\">Continue lendo <span class=\"screen-reader-text\">Acidente Vascular Encef\u00e1lico. Semin\u00e1rio. Curso de Medicina da Famema<\/span> <span class=\"meta-nav\">&rarr;<\/span><\/a><\/p>\n","protected":false},"author":2,"featured_media":0,"comment_status":"open","ping_status":"open","sticky":false,"template":"","format":"standard","meta":{"rop_custom_images_group":[],"rop_custom_messages_group":[],"rop_publish_now":"initial","rop_publish_now_accounts":[],"rop_publish_now_history":[],"rop_publish_now_status":"pending","footnotes":""},"categories":[18,8,332,4,9],"tags":[254],"class_list":["post-7500","post","type-post","status-publish","format-standard","hentry","category-direito","category-direito-e-saude","category-educacao","category-neurologia","category-saude-publica","tag-anticoagulacao-ambulatorio-neurovascular-famema"],"_links":{"self":[{"href":"https:\/\/miltonmarchioli.com.br\/blog\/wp-json\/wp\/v2\/posts\/7500","targetHints":{"allow":["GET"]}}],"collection":[{"href":"https:\/\/miltonmarchioli.com.br\/blog\/wp-json\/wp\/v2\/posts"}],"about":[{"href":"https:\/\/miltonmarchioli.com.br\/blog\/wp-json\/wp\/v2\/types\/post"}],"author":[{"embeddable":true,"href":"https:\/\/miltonmarchioli.com.br\/blog\/wp-json\/wp\/v2\/users\/2"}],"replies":[{"embeddable":true,"href":"https:\/\/miltonmarchioli.com.br\/blog\/wp-json\/wp\/v2\/comments?post=7500"}],"version-history":[{"count":8,"href":"https:\/\/miltonmarchioli.com.br\/blog\/wp-json\/wp\/v2\/posts\/7500\/revisions"}],"predecessor-version":[{"id":13746,"href":"https:\/\/miltonmarchioli.com.br\/blog\/wp-json\/wp\/v2\/posts\/7500\/revisions\/13746"}],"wp:attachment":[{"href":"https:\/\/miltonmarchioli.com.br\/blog\/wp-json\/wp\/v2\/media?parent=7500"}],"wp:term":[{"taxonomy":"category","embeddable":true,"href":"https:\/\/miltonmarchioli.com.br\/blog\/wp-json\/wp\/v2\/categories?post=7500"},{"taxonomy":"post_tag","embeddable":true,"href":"https:\/\/miltonmarchioli.com.br\/blog\/wp-json\/wp\/v2\/tags?post=7500"}],"curies":[{"name":"wp","href":"https:\/\/api.w.org\/{rel}","templated":true}]}}