{"id":7510,"date":"2014-07-03T18:03:53","date_gmt":"2014-07-03T21:03:53","guid":{"rendered":"http:\/\/miltonmarchioli.com.br\/blog\/?p=7510"},"modified":"2022-01-26T09:10:59","modified_gmt":"2022-01-26T12:10:59","slug":"cefaleias-primarias-seminario-curso-de-medicina-da-famema-20","status":"publish","type":"post","link":"https:\/\/miltonmarchioli.com.br\/blog\/cefaleias-primarias-seminario-curso-de-medicina-da-famema-20\/","title":{"rendered":"Cefaleias Prim\u00e1rias. Semin\u00e1rio. Curso de Medicina da Famema"},"content":{"rendered":"<p><a href=\"https:\/\/miltonmarchioli.com.br\/blog\/wp-content\/uploads\/cefaleia-garotinha.jpg\"><img loading=\"lazy\" decoding=\"async\" class=\"alignleft wp-image-10971\" src=\"https:\/\/miltonmarchioli.com.br\/blog\/wp-content\/uploads\/cefaleia-garotinha-300x226.jpg\" alt=\"cefaleia - garotinha\" width=\"241\" height=\"182\" srcset=\"https:\/\/miltonmarchioli.com.br\/blog\/wp-content\/uploads\/cefaleia-garotinha-300x226.jpg 300w, https:\/\/miltonmarchioli.com.br\/blog\/wp-content\/uploads\/cefaleia-garotinha.jpg 710w\" sizes=\"auto, (max-width: 241px) 100vw, 241px\" \/><\/a><a href=\"https:\/\/miltonmarchioli.com.br\/blog\/wp-content\/uploads\/Cefal\u00e9ias-Prim\u00e1rias-03-07-2014.pptx\">Semin\u00e1rio apresentado pelos acad\u00eamicos: Andr\u00e9 Cardoso Campello, Cahina Odilon Gobbo da Silva, Graziella Cassador Casteluci , Fernada Wentzcovitch, Davi William Spezzamiglio do 4\u00ba ano do curso de medicina da Famema.<\/a><\/p>\n<p>Cefaleias prim\u00e1rias s\u00e3o aquelas de causa desconhecida, ou seja, cuja origem n\u00e3o pode ser explicada por uma les\u00e3o cerebral ou alguma les\u00e3o em outro lugar do corpo.<\/p>\n<p>Diferencia-se, portanto, das chamadas cefaleias secund\u00e1rias, onde h\u00e1 uma causa identific\u00e1vel para a dor de cabe\u00e7a.<\/p>\n<p>As cefaleias prim\u00e1rias podem ser classificadas em:<\/p>\n<p>As mais comuns s\u00e3o:<\/p>\n<p>1. Cefaleia tensional &#8211; A forma mais comum de cefaleia prim\u00e1ria, onde h\u00e1 dor em press\u00e3o ou aperto holocraniana (na cabe\u00e7a toda).<\/p>\n<p>Costuma ser leve, n\u00e3o atrapalha as atividades da vida di\u00e1ria, e raramente leva o paciente a procurar o m\u00e9dico.<\/p>\n<p>2. Enxaqueca &#8211; A forma mais comum de cefaleia prim\u00e1ria nos consult\u00f3rios e pronto-socorros.<\/p>\n<p>Caracteriza-se por uma dor intensa, latejante, uni ou bilateral (de um ou dos dois lados da cabe\u00e7a), que atrapalha e incomoda, acompanhada de dificuldades com a luz e barulhos, al\u00e9m de n\u00e1useas e ou v\u00f4mitos.<\/p>\n<p>3. Cefaleia em Salvas &#8211; Forma rara de cefaleia prim\u00e1ria, acomete mais homens jovens e de meia-idade.<\/p>\n<p>Caracteriza-se por dor intensa, em facada, ao redor de um olho, em crises que podem vir de madrugada ou o dia todo. Pode haver lacrimejamento, rinorreia,\u00a0 queda de p\u00e1lpebra e olho vermelho, todos do mesmo lado da dor.<\/p>\n<p>As cefaleias prim\u00e1rias e secund\u00e1rias t\u00eam fortes implica\u00e7\u00f5es cl\u00ednicas, uma vez que a grande maioria dos casos de cefaleias que buscam apoio m\u00e9dico s\u00e3o formadas por cefaleias prim\u00e1rias benignas, e cerca de 90% delas fazem parte de um pequeno grupo que inclui as enxaquecas, a cefaleia histam\u00ednica ou em salvas e a cefaleia do tipo tensional.<\/p>\n<p>Em pacientes com sintomas de enxaqueca, cefaleia tensional ou com cefaleia cr\u00f4nica, sem sinais neurol\u00f3gicos anormais, que buscaram apoio m\u00e9dico, o percentual de achados de alguma anormalidade s\u00e9ria no exame de imagem variou de 0 a 0,5%.<\/p>\n<p>Estudos de imagem feitos em pacientes assintom\u00e1ticos e volunt\u00e1rios mostrou taxa de anormalidade de 0,4%.<\/p>\n<p>O Ambulat\u00f3rio de Cefaleia- Mario Covas- atende encaminhamentos de usu\u00e1rios do SUS do Departamento Regional de Sa\u00fade IX do Estado de S\u00e3o Paulo.<\/p>\n<div><a href=\"https:\/\/miltonmarchioli.com.br\/blog\/wp-content\/uploads\/dor-van-Gogh.jpg\"><img loading=\"lazy\" decoding=\"async\" class=\"aligncenter size-full wp-image-10970\" src=\"https:\/\/miltonmarchioli.com.br\/blog\/wp-content\/uploads\/dor-van-Gogh.jpg\" alt=\"dor- van Gogh\" width=\"391\" height=\"249\" srcset=\"https:\/\/miltonmarchioli.com.br\/blog\/wp-content\/uploads\/dor-van-Gogh.jpg 391w, https:\/\/miltonmarchioli.com.br\/blog\/wp-content\/uploads\/dor-van-Gogh-300x191.jpg 300w\" sizes=\"auto, (max-width: 391px) 100vw, 391px\" \/><\/a><\/div>\n","protected":false},"excerpt":{"rendered":"<p>Semin\u00e1rio apresentado pelos acad\u00eamicos: Andr\u00e9 Cardoso Campello, Cahina Odilon Gobbo da Silva, Graziella Cassador Casteluci , Fernada Wentzcovitch, Davi William Spezzamiglio do 4\u00ba ano do curso de medicina da Famema. Cefaleias prim\u00e1rias s\u00e3o aquelas de causa desconhecida, ou seja, cuja origem n\u00e3o pode ser explicada por uma les\u00e3o cerebral ou alguma les\u00e3o em outro lugar &hellip; <a href=\"https:\/\/miltonmarchioli.com.br\/blog\/cefaleias-primarias-seminario-curso-de-medicina-da-famema-20\/\" class=\"more-link\">Continue lendo <span class=\"screen-reader-text\">Cefaleias Prim\u00e1rias. Semin\u00e1rio. Curso de Medicina da Famema<\/span> <span class=\"meta-nav\">&rarr;<\/span><\/a><\/p>\n","protected":false},"author":2,"featured_media":0,"comment_status":"open","ping_status":"open","sticky":false,"template":"","format":"standard","meta":{"rop_custom_images_group":[],"rop_custom_messages_group":[],"rop_publish_now":"initial","rop_publish_now_accounts":[],"rop_publish_now_history":[],"rop_publish_now_status":"pending","footnotes":""},"categories":[332,13,9],"tags":[124],"class_list":["post-7510","post","type-post","status-publish","format-standard","hentry","category-educacao","category-opiniao","category-saude-publica","tag-ambulatorio-cefaleia-ambulatorio-mario-covas"],"_links":{"self":[{"href":"https:\/\/miltonmarchioli.com.br\/blog\/wp-json\/wp\/v2\/posts\/7510","targetHints":{"allow":["GET"]}}],"collection":[{"href":"https:\/\/miltonmarchioli.com.br\/blog\/wp-json\/wp\/v2\/posts"}],"about":[{"href":"https:\/\/miltonmarchioli.com.br\/blog\/wp-json\/wp\/v2\/types\/post"}],"author":[{"embeddable":true,"href":"https:\/\/miltonmarchioli.com.br\/blog\/wp-json\/wp\/v2\/users\/2"}],"replies":[{"embeddable":true,"href":"https:\/\/miltonmarchioli.com.br\/blog\/wp-json\/wp\/v2\/comments?post=7510"}],"version-history":[{"count":7,"href":"https:\/\/miltonmarchioli.com.br\/blog\/wp-json\/wp\/v2\/posts\/7510\/revisions"}],"predecessor-version":[{"id":13747,"href":"https:\/\/miltonmarchioli.com.br\/blog\/wp-json\/wp\/v2\/posts\/7510\/revisions\/13747"}],"wp:attachment":[{"href":"https:\/\/miltonmarchioli.com.br\/blog\/wp-json\/wp\/v2\/media?parent=7510"}],"wp:term":[{"taxonomy":"category","embeddable":true,"href":"https:\/\/miltonmarchioli.com.br\/blog\/wp-json\/wp\/v2\/categories?post=7510"},{"taxonomy":"post_tag","embeddable":true,"href":"https:\/\/miltonmarchioli.com.br\/blog\/wp-json\/wp\/v2\/tags?post=7510"}],"curies":[{"name":"wp","href":"https:\/\/api.w.org\/{rel}","templated":true}]}}