{"id":7534,"date":"2014-08-11T10:28:43","date_gmt":"2014-08-11T13:28:43","guid":{"rendered":"http:\/\/miltonmarchioli.com.br\/blog\/?p=7534"},"modified":"2022-01-26T09:24:53","modified_gmt":"2022-01-26T12:24:53","slug":"acidente-vascular-encefalico-seminario-curso-de-medicina-da-famema-4","status":"publish","type":"post","link":"https:\/\/miltonmarchioli.com.br\/blog\/acidente-vascular-encefalico-seminario-curso-de-medicina-da-famema-4\/","title":{"rendered":"Acidente Vascular  Encef\u00e1lico. Semin\u00e1rio. Curso de Medicina da Famema"},"content":{"rendered":"<p><a href=\"https:\/\/miltonmarchioli.com.br\/blog\/wp-content\/uploads\/avc-1.jpg\"><img loading=\"lazy\" decoding=\"async\" class=\"alignleft wp-image-7535\" title=\"avc 1\" src=\"https:\/\/miltonmarchioli.com.br\/blog\/wp-content\/uploads\/avc-1-300x175.jpg\" alt=\"\" width=\"285\" height=\"166\" srcset=\"https:\/\/miltonmarchioli.com.br\/blog\/wp-content\/uploads\/avc-1-300x175.jpg 300w, https:\/\/miltonmarchioli.com.br\/blog\/wp-content\/uploads\/avc-1.jpg 600w\" sizes=\"auto, (max-width: 285px) 100vw, 285px\" \/><\/a><a href=\"https:\/\/miltonmarchioli.com.br\/blog\/wp-content\/uploads\/SEMIN\u00c1RIO-AVE-11-08-14.pdf\">Semin\u00e1rio apresentado pelos acad\u00eamicos Jo\u00e3o Antonio Galina, Maria Fernanda Birolli, Patr\u00edcia Montes, Sarah Bortolucci e Vanessa Privato sobre Acidente Vascular Encef\u00e1lico no Ambulat\u00f3rio\u00a0 Neurovascular- Ambulat\u00f3rio Mario Covas.<\/a><\/p>\n<h3><span style=\"color: #008080;\">O que \u00e9 AVC?<\/span><\/h3>\n<p>O Acidente Vascular Cerebral (AVC) &#8211; conhecido popularmente como &#8220;derrame cerebral&#8221; &#8211; pode ser dividido em dois tipos:<\/p>\n<ul>\n<li>O\u00a0 Acidente Vascular Cerebral Isqu\u00eamico (AVCI), o mais comum, \u00e9 causado pela falta de sangue em determinada \u00e1rea do c\u00e9rebro, decorrente da obstru\u00e7\u00e3o de uma art\u00e9ria.<\/li>\n<li>O\u00a0 Acidente Vascular Cerebral Hemorr\u00e1gico (AVCH) \u00e9 causado por sangramento devido ao rompimento de um vaso sangu\u00edneo.<\/li>\n<\/ul>\n<p>Nos dois tipos de AVC o sangue, contendo nutrientes e oxig\u00eanio, n\u00e3o chega a determinadas \u00e1reas do c\u00e9rebro, e portanto ocorre a perda das fun\u00e7\u00f5es dos neur\u00f4nios, causando os sinais e sintomas que depender\u00e3o da regi\u00e3o do c\u00e9rebro envolvida.<\/p>\n<p>O AVC atinge pessoas de todas as idades, sendo raro na inf\u00e2ncia.<\/p>\n<p>\u00c9 a causa mais frequente de morte e incapacidades na popula\u00e7\u00e3o adulta brasileira.<\/p>\n<p>Existe outra condi\u00e7\u00e3o chamada &#8220;Ataque Isqu\u00eamico Transit\u00f3rio&#8221; (AIT ou TIA) que consiste na interrup\u00e7\u00e3o tempor\u00e1ria do fluxo sangu\u00edneo, causando sinais e sintomas iguais ao AVC que, por\u00e9m revertem-se espontaneamente em um curto per\u00edodo de tempo &#8211; 24 horas.<\/p>\n<p>O ataque isqu\u00eamico transit\u00f3rio deve ser encarado como um aviso de que existem condi\u00e7\u00f5es vasculares &#8211; placas &#8211; ou arritmias n\u00e3o diagnosticadas.<\/p>\n<h3><span style=\"color: #008080;\">Sinais e sintomas<\/span><\/h3>\n<p>Os sinais e sintomas do AVC se iniciam de forma s\u00fabita e podem ser \u00fanicos ou combinados, de acordo com a lista abaixo:<\/p>\n<ul>\n<li>Enfraquecimento, adormecimento ou paralisa\u00e7\u00e3o da face, bra\u00e7o ou perna de um lado do corpo;<\/li>\n<li>Altera\u00e7\u00e3o de vis\u00e3o: turva\u00e7\u00e3o ou perda da vis\u00e3o, especialmente de um olho; epis\u00f3dio de vis\u00e3o dupla;<\/li>\n<li>Dificuldade para falar ou entender o que os outros est\u00e3o falando, mesmo que sejam as frases mais simples;<\/li>\n<li>Tontura sem causa definida, desequil\u00edbrio, falta de coordena\u00e7\u00e3o no andar ou queda s\u00fabita;<\/li>\n<li>Dores de cabe\u00e7a fortes e persistentes;<\/li>\n<li>Dificuldade para engolir<\/li>\n<\/ul>\n<h3><span style=\"color: #008080;\">Fatores de risco para AVC<\/span><\/h3>\n<h3><span style=\"color: #008080;\">Como podemos prevenir o AVC?<\/span><\/h3>\n<p>Existem condi\u00e7\u00f5es que podem aumentar o risco para o desenvolvimento de um AVC.<\/p>\n<h4><span style=\"color: #008080;\">Hipertens\u00e3o Arterial<\/span><\/h4>\n<p>A hipertens\u00e3o arterial ou press\u00e3o alta \u00e9 o principal fator de risco para o AVC, tanto isqu\u00eamico quanto hemorr\u00e1gico.<\/p>\n<p>Pessoas com hipertens\u00e3o arterial t\u00eam chances de quatro a seis vezes maiores do que n\u00e3o hipertensas de terem um AVC.<\/p>\n<p>Ao longo do tempo, a hipertens\u00e3o leva \u00e0 aterosclerose e ao enrijecimento das art\u00e9rias.<\/p>\n<p>Isso, por sua vez, pode levar a bloqueios ou obstru\u00e7\u00f5es de vasos sangu\u00edneos e tamb\u00e9m ao enfraquecimento das paredes das art\u00e9rias, o que pode resultar em ruptura.<\/p>\n<p>O risco de AVC \u00e9 diretamente proporcional aos n\u00edveis de press\u00e3o arterial.<\/p>\n<h4><span style=\"color: #008080;\">Diabetes<\/span><\/h4>\n<p>Pacientes com diabetes t\u00eam um risco aumentado de apresentarem um AVC.<\/p>\n<p>Estudos demonstraram que diab\u00e9ticos apresentam um risco maior de um AVC quando comparados a n\u00e3o diab\u00e9ticos, independente da presen\u00e7a de outros fatores de risco.<\/p>\n<p>De uma maneira geral, o risco de AVC \u00e9 cerca de duas vezes e meia maior em diab\u00e9ticos do que em pacientes sem diabetes.<\/p>\n<h4><span style=\"color: #008080;\">Altas taxas de colesterol e triglic\u00e9rides<\/span><\/h4>\n<p>O colesterol \u00e9 uma subst\u00e2ncia gordurosa encontrada em sua corrente sangu\u00ednea e nas c\u00e9lulas.<\/p>\n<p>O corpo produz colesterol que \u00e9 necess\u00e1rio para forma\u00e7\u00e3o das membranas das c\u00e9lulas e dos horm\u00f4nios.<\/p>\n<p>Altas taxas de colesterol podem aumentar o risco de AVC indiretamente, aumentando o risco de doen\u00e7as card\u00edacas que por sua vez s\u00e3o importantes fatores de risco para AVC.<\/p>\n<p>Al\u00e9m disso, a forma\u00e7\u00e3o de placas de gordura nas art\u00e9rias car\u00f3tidas pode causar bloqueio do fluxo de sangue para o c\u00e9rebro, e assim causar um AVC isqu\u00eamico.<\/p>\n<h4><span style=\"color: #008080;\">Tabagismo<\/span><\/h4>\n<p>Estudos demonstram que o tabagismo \u00e9 um importante fator de risco para AVC.<\/p>\n<p>A fuma\u00e7a do cigarro pode produzir diversos efeitos nas art\u00e9rias do c\u00e9rebro levando a danos importantes.<\/p>\n<p>Fumar aumenta o risco de forma\u00e7\u00e3o de co\u00e1gulos sangu\u00edneos.<\/p>\n<p>Mulheres que fumam e tomam anticoncepcionais t\u00eam um risco aumentado de AVC.<\/p>\n<h4><span style=\"color: #008080;\">Sedentarismo<\/span><\/h4>\n<p>Sedentarismo \u00e9 um fator de risco para doen\u00e7as cardiovasculares e AVC.<\/p>\n<p>Exerc\u00edcios regulares e moderados ajudam a prevenir doen\u00e7as card\u00edacas e AVC.<\/p>\n<p>A atividade f\u00edsica tamb\u00e9m ajuda a controlar o colesterol, diabetes e a obesidade, e a press\u00e3o arterial.<\/p>\n<h4><span style=\"color: #008080;\">Doen\u00e7as card\u00edacas<\/span><\/h4>\n<p>As doen\u00e7as card\u00edacas, principalmente a doen\u00e7a das art\u00e9rias coron\u00e1rias, t\u00eam v\u00e1rios fatores de riscos comuns no AVC.<\/p>\n<p>Portanto, portadores de doen\u00e7a coronariana apresentam um risco maior de terem um AVC do que pacientes sem doen\u00e7a coronariana.<\/p>\n<p>A fibrila\u00e7\u00e3o atrial aumenta o risco de AVC e sendo diagnosticada deve ser prontamente tratada.<\/p>\n<h3><span style=\"color: #008080;\">Atendimento inicial do paciente com AVC<\/span><\/h3>\n<p>O acidente vascular cerebral (AVC) \u00e9 uma emerg\u00eancia m\u00e9dica\u00a0 e o paciente deve ser encaminhado a um hospital adequado.<\/p>\n<p>O reconhecimento precoce dos sinais e sintomas, avalia\u00e7\u00e3o neurol\u00f3gica r\u00e1pida e realiza\u00e7\u00e3o de um exame de imagem (tomografia) \u00e9 necess\u00e1rio.<\/p>\n<p>Ap\u00f3s a realiza\u00e7\u00e3o do exame de imagem \u00e9 poss\u00edvel definir se o paciente est\u00e1 apresentando um AVC isqu\u00eamico ou hemorr\u00e1gico.<\/p>\n<p>O tratamento do AVC isqu\u00eamico j\u00e1 utilizado em todo o mundo h\u00e1 v\u00e1rios anos pode ser realizado com medicamento trombol\u00edtico, que possui a capacidade de dissolver o co\u00e1gulo sangu\u00edneo que est\u00e1 entupindo a art\u00e9ria cerebral, causando a isquemia.<\/p>\n<p>Este tipo de medicamento pode ser administrado na veia nas primeiras 4 horas e 30 minutos do in\u00edcio dos sintomas.<\/p>\n<p>O tratamento do AVC hemorr\u00e1gico consiste na admiss\u00e3o precoce a uma unidade com capacidade de monitoriza\u00e7\u00e3o neurol\u00f3gica para adequado controle da press\u00e3o arterial e de altera\u00e7\u00f5es do exame neurol\u00f3gico. Em alguns casos \u00e9 importante que seja realizada neurocirurgia, portanto o hospital que trata o paciente com AVC teve ter a capacidade de contar com avalia\u00e7\u00e3o r\u00e1pida de um neurocirurgi\u00e3o.<\/p>\n<p>Tanto o AVC isqu\u00eamico quanto o hemorr\u00e1gico se beneficiam de um adequado e precoce controle dos n\u00edveis de glicemia e preven\u00e7\u00e3o de febre.<\/p>\n<p>Exames complementares como eletrocardiograma, ecocardiograma, ultrassom Doppler de car\u00f3tidas, Doppler transcraniano e exames de laborat\u00f3rio ajudam a identificar a causa do AVC e a iniciar tratamento adequado o mais precocemente. T<\/p>\n<p>Tais exames s\u00e3o frequentemente realizados nas primeiras 48 horas ap\u00f3s um AVC isqu\u00eamico.<\/p>\n<h3><span style=\"color: #008080;\">O que fazer diante da suspeita de AVC?<\/span><\/h3>\n<p>A identifica\u00e7\u00e3o r\u00e1pida dos sintomas \u00e9 muito importante para o diagn\u00f3stico e o tratamento adequado, al\u00e9m de redu\u00e7\u00e3o de incapacidades.<\/p>\n<p>Cada minuto \u00e9 importante, pois quanto mais tempo entre o surgimento dos sintomas e o in\u00edcio do tratamento adequado maior a les\u00e3o no c\u00e9rebro.<\/p>\n<p>O Ambulat\u00f3rio Neurovascular atende encaminhamentos dos usu\u00e1rios do Departamento Regional de Sa\u00fade IX do Estado de S\u00e3o Paulo.<\/p>\n<p><a href=\"https:\/\/miltonmarchioli.com.br\/blog\/wp-content\/uploads\/avc-stroke-demais.jpg\"><img loading=\"lazy\" decoding=\"async\" class=\"aligncenter size-full wp-image-10978\" src=\"https:\/\/miltonmarchioli.com.br\/blog\/wp-content\/uploads\/avc-stroke-demais.jpg\" alt=\"avc- stroke demais\" width=\"1726\" height=\"1653\" srcset=\"https:\/\/miltonmarchioli.com.br\/blog\/wp-content\/uploads\/avc-stroke-demais.jpg 1726w, https:\/\/miltonmarchioli.com.br\/blog\/wp-content\/uploads\/avc-stroke-demais-300x287.jpg 300w, https:\/\/miltonmarchioli.com.br\/blog\/wp-content\/uploads\/avc-stroke-demais-1024x981.jpg 1024w\" sizes=\"auto, (max-width: 1726px) 100vw, 1726px\" \/><\/a><\/p>\n","protected":false},"excerpt":{"rendered":"<p>Semin\u00e1rio apresentado pelos acad\u00eamicos Jo\u00e3o Antonio Galina, Maria Fernanda Birolli, Patr\u00edcia Montes, Sarah Bortolucci e Vanessa Privato sobre Acidente Vascular Encef\u00e1lico no Ambulat\u00f3rio\u00a0 Neurovascular- Ambulat\u00f3rio Mario Covas. O que \u00e9 AVC? O Acidente Vascular Cerebral (AVC) &#8211; conhecido popularmente como &#8220;derrame cerebral&#8221; &#8211; pode ser dividido em dois tipos: O\u00a0 Acidente Vascular Cerebral Isqu\u00eamico (AVCI), &hellip; <a href=\"https:\/\/miltonmarchioli.com.br\/blog\/acidente-vascular-encefalico-seminario-curso-de-medicina-da-famema-4\/\" class=\"more-link\">Continue lendo <span class=\"screen-reader-text\">Acidente Vascular  Encef\u00e1lico. Semin\u00e1rio. Curso de Medicina da Famema<\/span> <span class=\"meta-nav\">&rarr;<\/span><\/a><\/p>\n","protected":false},"author":2,"featured_media":0,"comment_status":"open","ping_status":"open","sticky":false,"template":"","format":"standard","meta":{"rop_custom_images_group":[],"rop_custom_messages_group":[],"rop_publish_now":"initial","rop_publish_now_accounts":[],"rop_publish_now_history":[],"rop_publish_now_status":"pending","footnotes":""},"categories":[332,9],"tags":[164],"class_list":["post-7534","post","type-post","status-publish","format-standard","hentry","category-educacao","category-saude-publica","tag-famema-ambulatorio-neurovascular"],"_links":{"self":[{"href":"https:\/\/miltonmarchioli.com.br\/blog\/wp-json\/wp\/v2\/posts\/7534","targetHints":{"allow":["GET"]}}],"collection":[{"href":"https:\/\/miltonmarchioli.com.br\/blog\/wp-json\/wp\/v2\/posts"}],"about":[{"href":"https:\/\/miltonmarchioli.com.br\/blog\/wp-json\/wp\/v2\/types\/post"}],"author":[{"embeddable":true,"href":"https:\/\/miltonmarchioli.com.br\/blog\/wp-json\/wp\/v2\/users\/2"}],"replies":[{"embeddable":true,"href":"https:\/\/miltonmarchioli.com.br\/blog\/wp-json\/wp\/v2\/comments?post=7534"}],"version-history":[{"count":10,"href":"https:\/\/miltonmarchioli.com.br\/blog\/wp-json\/wp\/v2\/posts\/7534\/revisions"}],"predecessor-version":[{"id":13754,"href":"https:\/\/miltonmarchioli.com.br\/blog\/wp-json\/wp\/v2\/posts\/7534\/revisions\/13754"}],"wp:attachment":[{"href":"https:\/\/miltonmarchioli.com.br\/blog\/wp-json\/wp\/v2\/media?parent=7534"}],"wp:term":[{"taxonomy":"category","embeddable":true,"href":"https:\/\/miltonmarchioli.com.br\/blog\/wp-json\/wp\/v2\/categories?post=7534"},{"taxonomy":"post_tag","embeddable":true,"href":"https:\/\/miltonmarchioli.com.br\/blog\/wp-json\/wp\/v2\/tags?post=7534"}],"curies":[{"name":"wp","href":"https:\/\/api.w.org\/{rel}","templated":true}]}}