{"id":7542,"date":"2014-08-30T15:03:18","date_gmt":"2014-08-30T18:03:18","guid":{"rendered":"http:\/\/miltonmarchioli.com.br\/blog\/?p=7542"},"modified":"2022-01-26T09:29:55","modified_gmt":"2022-01-26T12:29:55","slug":"mst-invasao-de-propriedades-produtivas-como-profissao-ou-seita-marxista","status":"publish","type":"post","link":"https:\/\/miltonmarchioli.com.br\/blog\/mst-invasao-de-propriedades-produtivas-como-profissao-ou-seita-marxista\/","title":{"rendered":"MST. Invas\u00e3o de propriedades produtivas como profiss\u00e3o ou seita marxista ?"},"content":{"rendered":"<p><a href=\"https:\/\/miltonmarchioli.com.br\/blog\/wp-content\/uploads\/MST-Veja1.png\"><img loading=\"lazy\" decoding=\"async\" class=\"alignleft wp-image-7545\" title=\"MST-Veja\" src=\"https:\/\/miltonmarchioli.com.br\/blog\/wp-content\/uploads\/MST-Veja1.png\" alt=\"\" width=\"255\" height=\"258\" srcset=\"https:\/\/miltonmarchioli.com.br\/blog\/wp-content\/uploads\/MST-Veja1.png 457w, https:\/\/miltonmarchioli.com.br\/blog\/wp-content\/uploads\/MST-Veja1-296x300.png 296w\" sizes=\"auto, (max-width: 255px) 100vw, 255px\" \/><\/a>A revista Veja j\u00e1 mostrou uma excelente reportagem sobre a ousadia do MST que, com o apoio de um grupo ligado ao PT, resolveu retomar a invas\u00e3o de fazendas produtivas como<em> modus operandi<\/em> e tamb\u00e9m <em>modus vivendi<\/em>.<\/p>\n<p>Recentemente \u00a0a empresa Araupel, uma das maiores ind\u00fastrias de reflorestamento da regi\u00e3o, que emprega um quarto da for\u00e7a de trabalho na cidade, corre o risco de fechar as portas.<\/p>\n<p>Membros do grupo MST armados com fac\u00f5es, foices \u00a0e alfanges invadiram e ocuparam a fazenda.<\/p>\n<p>Em ano de elei\u00e7\u00f5es querem dividendos para o PT.<\/p>\n<p>O l\u00edder dos invasores, que atende pelo apelido de Cabeludo, \u00e9 filho de assentados e descobriu na invas\u00e3o de propriedades uma \u201cprofiss\u00e3o\u201d \u2013 lucrativa nos dias de hoje.<\/p>\n<p>\u00c9 o dono de um supermercado que vende produtos aos assentados, e n\u00e3o esconde seu desejo de estrangular a empresa porque ela \u201cexporta para os Estados Unidos\u201d, pa\u00eds odiado pela Esquerda Caviar ou Esquerda Rolex.<\/p>\n<p>O l\u00edder do movimento reconhece que o o MST \u00e9 \u201ctipo uma religi\u00e3o\u201d.<\/p>\n<p>\u00c9 verdade.<\/p>\n<p>\u00c9 uma seita marxista cultural, retr\u00f3grada, criminosa, que vive das verbas p\u00fablicas, ou seja, do dinheiro dos nossos impostos.<\/p>\n<p>O PT, sob o comando do ministro Gilberto Carvalho, alimenta esse cord\u00e3o umbilical h\u00e1 anos, fomentando o crime no campo.<\/p>\n<p>Tem enorme simpatia de Diret\u00f3rios Acad\u00eamicos infiltrados de alunos \u00a0marxistas culturais, ou seja: compram roupas de marca, t\u00eam carros do ano, notebooks, tablets, e rel\u00f3gios combinando com t\u00eanis de alto valor.<\/p>\n<p>Falam de socialismo, mas s\u00e3o amantes de tudo que o \u00a0sistema capitalista (que tanto odeiam em seus discursos) oferece como ferramentas para se viver com dignidade no mundo de hoje.<\/p>\n<p>Ah&#8230;<\/p>\n<p>E sempre gostam de viajar para a Europa.<\/p>\n<p>A legi\u00e3o dos sem-terra vive da renda de programas sociais, como o Bolsa Fam\u00edlia.<\/p>\n<p>Agora em Mar\u00edlia, mais um movimento do MST.<a href=\"https:\/\/miltonmarchioli.com.br\/blog\/wp-content\/uploads\/mst-3.jpg\"><img loading=\"lazy\" decoding=\"async\" class=\"alignright wp-image-7547\" title=\"mst 3\" src=\"https:\/\/miltonmarchioli.com.br\/blog\/wp-content\/uploads\/mst-3-300x225.jpg\" alt=\"\" width=\"263\" height=\"198\" srcset=\"https:\/\/miltonmarchioli.com.br\/blog\/wp-content\/uploads\/mst-3-300x225.jpg 300w, https:\/\/miltonmarchioli.com.br\/blog\/wp-content\/uploads\/mst-3.jpg 480w\" sizes=\"auto, (max-width: 263px) 100vw, 263px\" \/><\/a><\/p>\n<p><a href=\"http:\/\/jcorreiomariliense.com.br\/?p=7693\">E tem infelizmente apoio do Diret\u00f3rio Acad\u00eamico Christiano Altenfelder-Famema.<\/a><\/p>\n<p>Alunos de medicina foram prestar &#8220;apoio solid\u00e1rio&#8221; ao &#8220;trabalhadores sem teto e sem terra&#8221; que querem &#8220;simplesmente um peda\u00e7o de terra para trabalhar &#8220;(discurso politicamente correto), pois s\u00e3o &#8220;v\u00edtimas da sociedade capitalista&#8221;.<\/p>\n<p>Ledo engano !<\/p>\n<p>S\u00e3o criminosos que invadem propriedades, destroem casas da fazenda, e sempre armados com foices, fac\u00f5es e enxadas para intimidar o propriet\u00e1rio da fazenda, e a Pol\u00edcia Militar em a\u00e7\u00f5es de reintegra\u00e7\u00e3o de posse.<\/p>\n<p>De fato: nesse Brasil comandado pelo PT, em que o m\u00e9rito \u00e9 punido e a vagabundagem estimulada, o crime e a choradeira p\u00fablica s\u00e3o premiados, e por que trabalhar n\u00e3o \u00e9 mesmo?<\/p>\n<p>O PT, obviamente adota sempre a segunda postura.<\/p>\n<p>Diante de uma recess\u00e3o antecipada pelos economistas s\u00e9rios e causada pelos constantes equ\u00edvocos do governo, o que fazem Dilma e Mantega ?<\/p>\n<p>Culpam as estrelas, a Copa, a seca,e mentem para os ignorantes, afirmando que tudo ser\u00e1 melhor daqui para a frente, quando as elei\u00e7\u00f5es j\u00e1 tiverem passado.<\/p>\n<p>E logo vira a recess\u00e3o econ\u00f4mica nesse governo que estimula o consumo e n\u00e3o ensino o cidad\u00e3o a poupar dinheiro.<\/p>\n<p>Logo vir\u00e1 a inadimpl\u00eancia em massa e o desemprego dos brasileiros que querem trabalhar.<\/p>\n<p>O Brasil s\u00f3 est\u00e1 melhor do que a Ucr\u00e2nia, pa\u00eds praticamente em guerra civil com os separatistas bancados pela R\u00fassia.<\/p>\n<p><a href=\"https:\/\/miltonmarchioli.com.br\/blog\/wp-content\/uploads\/mst-3b.jpg\"><img loading=\"lazy\" decoding=\"async\" class=\"alignleft wp-image-7548\" title=\"mst 3b\" src=\"https:\/\/miltonmarchioli.com.br\/blog\/wp-content\/uploads\/mst-3b-300x174.jpg\" alt=\"\" width=\"240\" height=\"139\" srcset=\"https:\/\/miltonmarchioli.com.br\/blog\/wp-content\/uploads\/mst-3b-300x174.jpg 300w, https:\/\/miltonmarchioli.com.br\/blog\/wp-content\/uploads\/mst-3b.jpg 400w\" sizes=\"auto, (max-width: 240px) 100vw, 240px\" \/><\/a>Parab\u00e9ns, PT!<\/p>\n<p>\u00c9 o resultado de uma ideologia fracassada, de um modelo intervencionista, repleto de truques rudimentares, de empulha\u00e7\u00e3o, dissimula\u00e7\u00e3o, de embuste, de arrog\u00e2ncia.<\/p>\n<p>S\u00e3o os flibusteiros da riqueza do povo brasileiro.<\/p>\n<p>\u00c9 o Brasil da Esquerda Rolex.<\/p>\n<p>A origem social n\u00e3o determina as escolhas.<\/p>\n<p>L\u00eanin, o l\u00edder da revolu\u00e7\u00e3o russa, era filho de um alto funcion\u00e1rio do czar.<\/p>\n<p>O pai de Trotsky era um rico latifundi\u00e1rio.<\/p>\n<p>E os filhos, no entanto, est\u00e3o na origem do terror comunista, que viria a responder por algo em torno de 150 milh\u00f5es de mortos.<\/p>\n<p>Ainda \u00e9 a ideologia que mais matou na hist\u00f3ria da humanidade.<\/p>\n<p>Infelizmente alunos de medicina alienados da Sociologia, da Economia e do Direito Internacional apoiam Dilma Roussef, \u00a0e tem como \u00eddolos: Fidel Castro, Karl Marx, L\u00eanin, Chaves, Ernesto Guevara (terrorista e assassino), e Evo Morales.<\/p>\n<p>Ali\u00e1s, o Diret\u00f3rio \u00a0Acad\u00eamico Christiano Altenfelder &#8211; DACA-\u00a0 t\u00eam a su\u00e1stica de Ernesto Guevara como o baluarte da \u00e9tica internacional.<\/p>\n<p>Um assassino de multid\u00f5es em Cuba.<a href=\"https:\/\/miltonmarchioli.com.br\/blog\/wp-content\/uploads\/mst-5.jpg\"><img loading=\"lazy\" decoding=\"async\" class=\"alignright wp-image-7549\" title=\"mst 5\" src=\"https:\/\/miltonmarchioli.com.br\/blog\/wp-content\/uploads\/mst-5-300x182.jpg\" alt=\"\" width=\"275\" height=\"167\" srcset=\"https:\/\/miltonmarchioli.com.br\/blog\/wp-content\/uploads\/mst-5-300x182.jpg 300w, https:\/\/miltonmarchioli.com.br\/blog\/wp-content\/uploads\/mst-5.jpg 600w\" sizes=\"auto, (max-width: 275px) 100vw, 275px\" \/><\/a><\/p>\n<p>Aquele que fuzilava os opositores ao governo cubano<\/p>\n<p>Guevara \u00a0afirmou, em carta de 5 de fevereiro de 1959, a Luis Paredes L\u00f3pez, de Buenos Aires:<\/p>\n<p><em>&#8220;Os \u00a0fuzilamentos\u00a0n\u00e3o s\u00e3o apenas uma necessidade do povo de Cuba, mas tamb\u00e9m uma imposi\u00e7\u00e3o desse povo.&#8221;<\/em><\/p>\n<p>Pessoalmente, aprovou centenas de execu\u00e7\u00f5es sum\u00e1rias, decretadas pelo tribunal revolucion\u00e1rio de Havana.<\/p>\n<p>Como Procurador-Geral, foi comandante da Pris\u00e3o Fortaleza de San Carlos de La Caba\u00f1a, na qual\u00a0somente \u00a0nos primeiros meses da revolu\u00e7\u00e3o, ocorreram 120 fuzilamentos.<\/p>\n<p>Outrossim, os &#8220;campos de trabalho coletivos&#8221; na pen\u00ednsula de Guanaha foram a cria\u00e7\u00e3o de Ernesto Guevara.<\/p>\n<p>O pr\u00f3prio Ernesto Guevara nunca fez segredo de que acreditava ser a revolu\u00e7\u00e3o armada a solu\u00e7\u00e3o para os problemas que denunciava em sua orat\u00f3ria de psicopata.<\/p>\n<p><a href=\"https:\/\/miltonmarchioli.com.br\/blog\/wp-content\/uploads\/mst-41.jpg\"><img loading=\"lazy\" decoding=\"async\" class=\"alignleft size-medium wp-image-7550\" title=\"mst 4\" src=\"https:\/\/miltonmarchioli.com.br\/blog\/wp-content\/uploads\/mst-41-300x195.jpg\" alt=\"\" width=\"300\" height=\"195\" srcset=\"https:\/\/miltonmarchioli.com.br\/blog\/wp-content\/uploads\/mst-41-300x195.jpg 300w, https:\/\/miltonmarchioli.com.br\/blog\/wp-content\/uploads\/mst-41.jpg 761w\" sizes=\"auto, (max-width: 300px) 100vw, 300px\" \/><\/a>E o Brasil de hoje \u00e9 o Brasil do MST.<\/p>\n<p>Na escolha entre o Brasil e o MST.<\/p>\n<p>O PT ficou com o MST.<\/p>\n<p>Falam os defensores do MST que s\u00e3o v\u00edtimas do modelo capitalista.<\/p>\n<p>Pensamento tosco da Esquerda Rolex.<\/p>\n<p>Pensamento tacanho dos marxistas culturais.<\/p>\n<p>Diret\u00f3rio Acad\u00eamico Cristiano Altenfelder tendo Ernesto Guevara como \u00a0su\u00e1stica e \u00a0l\u00edder a ser seguido, somente aqui no Brasil.<\/p>\n<p>Sugiro outros l\u00edderes a serem seguidos pelos marxistas culturais: Martin Luther King, Abraham Lincoln, Franklin Delano Roosevelt, Winston Churchill&#8230;<\/p>\n<p>Mo\u00e7\u00e3o de Rep\u00fadio ao Diret\u00f3rio Acad\u00eamico Christiano Altenfelder que defende os criminosos do MST.<\/p>\n<p>Os alunos de medicina podem mostrar carinho e afeto visitando idosos nos asilo, crian\u00e7as nas creches, gestantes nos pres\u00eddios, mas jamais apoiar ou solidarizar-se com os membros da organiza\u00e7\u00e3o criminosa do MST.<\/p>\n<p>O Brasil que queremos para os \u00a0nossos filhos n\u00e3o tem espa\u00e7o para MST.<\/p>\n<p>O MST \u00e9 uma organiza\u00e7\u00e3o criminosa que n\u00e3o respeita o ordenamento jur\u00eddico p\u00e1trio.<\/p>\n<p>Uma seita marxista !<\/p>\n<p style=\"text-align: center;\"><a href=\"https:\/\/miltonmarchioli.com.br\/blog\/wp-content\/uploads\/mst-6.jpg\"><img loading=\"lazy\" decoding=\"async\" class=\"aligncenter wp-image-7551\" title=\"mst 6\" src=\"https:\/\/miltonmarchioli.com.br\/blog\/wp-content\/uploads\/mst-6.jpg\" alt=\"\" width=\"568\" height=\"297\" srcset=\"https:\/\/miltonmarchioli.com.br\/blog\/wp-content\/uploads\/mst-6.jpg 956w, https:\/\/miltonmarchioli.com.br\/blog\/wp-content\/uploads\/mst-6-300x156.jpg 300w\" sizes=\"auto, (max-width: 568px) 100vw, 568px\" \/><\/a><\/p>\n","protected":false},"excerpt":{"rendered":"<p>A revista Veja j\u00e1 mostrou uma excelente reportagem sobre a ousadia do MST que, com o apoio de um grupo ligado ao PT, resolveu retomar a invas\u00e3o de fazendas produtivas como modus operandi e tamb\u00e9m modus vivendi. Recentemente \u00a0a empresa Araupel, uma das maiores ind\u00fastrias de reflorestamento da regi\u00e3o, que emprega um quarto da for\u00e7a &hellip; <a href=\"https:\/\/miltonmarchioli.com.br\/blog\/mst-invasao-de-propriedades-produtivas-como-profissao-ou-seita-marxista\/\" class=\"more-link\">Continue lendo <span class=\"screen-reader-text\">MST. Invas\u00e3o de propriedades produtivas como profiss\u00e3o ou seita marxista ?<\/span> <span class=\"meta-nav\">&rarr;<\/span><\/a><\/p>\n","protected":false},"author":2,"featured_media":0,"comment_status":"open","ping_status":"open","sticky":false,"template":"","format":"standard","meta":{"rop_custom_images_group":[],"rop_custom_messages_group":[],"rop_publish_now":"initial","rop_publish_now_accounts":[],"rop_publish_now_history":[],"rop_publish_now_status":"pending","footnotes":""},"categories":[18,13,366],"tags":[1260,821,1259],"class_list":["post-7542","post","type-post","status-publish","format-standard","hentry","category-direito","category-opiniao","category-politica","tag-invasao-de-propriedades-com-apoio-do-governo-pt","tag-mst","tag-seita-marxista"],"_links":{"self":[{"href":"https:\/\/miltonmarchioli.com.br\/blog\/wp-json\/wp\/v2\/posts\/7542","targetHints":{"allow":["GET"]}}],"collection":[{"href":"https:\/\/miltonmarchioli.com.br\/blog\/wp-json\/wp\/v2\/posts"}],"about":[{"href":"https:\/\/miltonmarchioli.com.br\/blog\/wp-json\/wp\/v2\/types\/post"}],"author":[{"embeddable":true,"href":"https:\/\/miltonmarchioli.com.br\/blog\/wp-json\/wp\/v2\/users\/2"}],"replies":[{"embeddable":true,"href":"https:\/\/miltonmarchioli.com.br\/blog\/wp-json\/wp\/v2\/comments?post=7542"}],"version-history":[{"count":25,"href":"https:\/\/miltonmarchioli.com.br\/blog\/wp-json\/wp\/v2\/posts\/7542\/revisions"}],"predecessor-version":[{"id":13757,"href":"https:\/\/miltonmarchioli.com.br\/blog\/wp-json\/wp\/v2\/posts\/7542\/revisions\/13757"}],"wp:attachment":[{"href":"https:\/\/miltonmarchioli.com.br\/blog\/wp-json\/wp\/v2\/media?parent=7542"}],"wp:term":[{"taxonomy":"category","embeddable":true,"href":"https:\/\/miltonmarchioli.com.br\/blog\/wp-json\/wp\/v2\/categories?post=7542"},{"taxonomy":"post_tag","embeddable":true,"href":"https:\/\/miltonmarchioli.com.br\/blog\/wp-json\/wp\/v2\/tags?post=7542"}],"curies":[{"name":"wp","href":"https:\/\/api.w.org\/{rel}","templated":true}]}}