{"id":7607,"date":"2014-09-11T00:46:07","date_gmt":"2014-09-11T03:46:07","guid":{"rendered":"http:\/\/miltonmarchioli.com.br\/blog\/?p=7607"},"modified":"2022-01-26T13:53:37","modified_gmt":"2022-01-26T16:53:37","slug":"roberto-freiria-contesta-os-indicadores-do-ranking-universitario-folha-2014","status":"publish","type":"post","link":"https:\/\/miltonmarchioli.com.br\/blog\/roberto-freiria-contesta-os-indicadores-do-ranking-universitario-folha-2014\/","title":{"rendered":"Roberto da Freiria Estev\u00e3o contesta os indicadores do Ranking Universit\u00e1rio Folha 2014"},"content":{"rendered":"<p><a href=\"https:\/\/miltonmarchioli.com.br\/blog\/wp-content\/uploads\/RUF-FOLHA-2014-13.png\"><img loading=\"lazy\" decoding=\"async\" class=\"alignleft wp-image-7618\" title=\"RUF FOLHA 2014 - 1\" src=\"https:\/\/miltonmarchioli.com.br\/blog\/wp-content\/uploads\/RUF-FOLHA-2014-13.png\" alt=\"\" width=\"228\" height=\"199\" \/><\/a>O professor Roberto da Freiria Estev\u00e3o &#8211; Disciplina Hist\u00f3ria do Direito &#8211;\u00a0 ap\u00f3s ser indagado pelo autor deste blog no dia 10\/09\/2014 de o porqu\u00ea o Curso de Direito do Univem estar na posi\u00e7\u00e3o 280\u00aa-<a href=\"http:\/\/ruf.folha.uol.com.br\/2014\/\"> Ranking Universit\u00e1rio Folha 2014,<\/a> respondeu que n\u00e3o concorda com os indicadores objetivos do Ranking Universit\u00e1rio da Folha.<\/p>\n<p>Contudo, asseverou que os alunos do Univem s\u00e3o os que mais passam em concursos p\u00fablicos, e nos exames da OAB, sendo as faculdades com Cursos de Direito regionais com menos aprova\u00e7\u00f5es comparativamente.<\/p>\n<p>Segundo Freiria, esse \u00e9 um dado que deve ser considerado, e n\u00e3o os indicadores do RUF 2014.<\/p>\n<p>Por fim perguntamos se h\u00e1 revistas eletr\u00f4nicas no Curso de Direito do Univem, pois anteriormente s\u00f3 havia a forma impressa da Revista Em Tempo.<\/p>\n<p>Destarte, no dia 11\/09\/2014 enviamos e-mail para o professor responder se h\u00e1 provas concretas de que os alunos do Univem s\u00e3o os mais aprovados no Exame de Ordem da OAB, e em Concursos P\u00fablicos (Magistratura e Minist\u00e9rio P\u00fablico).<\/p>\n<p>O e-mail enviado pela autoria do blog foi este:<\/p>\n<p><em>Bom Dia Professor Roberto da Freiria Estev\u00e3o<br \/>\n<\/em><\/p>\n<p><em>Ap\u00f3s nosso di\u00e1logo ontem no Univem sobre os crit\u00e9rios do Ranking Universit\u00e1rio Folha e a posi\u00e7\u00e3o da institui\u00e7\u00e3o- Curso de Direito- em face do mesmo.<\/em><\/p>\n<p><em>Indicadores objetivos da avalia\u00e7\u00e3o:<\/em><\/p>\n<p style=\"text-align: center;\"><a href=\"https:\/\/miltonmarchioli.com.br\/blog\/wp-content\/uploads\/INDICADORES-DA-QUALIDADE-DE-ENSINO2.png\"><img loading=\"lazy\" decoding=\"async\" class=\"aligncenter wp-image-7610\" title=\"INDICADORES DA QUALIDADE DE ENSINO\" src=\"https:\/\/miltonmarchioli.com.br\/blog\/wp-content\/uploads\/INDICADORES-DA-QUALIDADE-DE-ENSINO2.png\" alt=\"\" width=\"614\" height=\"183\" srcset=\"https:\/\/miltonmarchioli.com.br\/blog\/wp-content\/uploads\/INDICADORES-DA-QUALIDADE-DE-ENSINO2.png 852w, https:\/\/miltonmarchioli.com.br\/blog\/wp-content\/uploads\/INDICADORES-DA-QUALIDADE-DE-ENSINO2-300x89.png 300w\" sizes=\"auto, (max-width: 614px) 100vw, 614px\" \/><\/a><\/p>\n<p><em>E por fim a posi\u00e7\u00e3o do Curso de Direito do Univem:<\/em><\/p>\n<p><a href=\"https:\/\/miltonmarchioli.com.br\/blog\/wp-content\/uploads\/UNIVEM-DIREITO-20141.png\"><img loading=\"lazy\" decoding=\"async\" class=\"aligncenter wp-image-7611\" title=\"UNIVEM DIREITO 2014\" src=\"https:\/\/miltonmarchioli.com.br\/blog\/wp-content\/uploads\/UNIVEM-DIREITO-20141.png\" alt=\"\" width=\"626\" height=\"147\" srcset=\"https:\/\/miltonmarchioli.com.br\/blog\/wp-content\/uploads\/UNIVEM-DIREITO-20141.png 977w, https:\/\/miltonmarchioli.com.br\/blog\/wp-content\/uploads\/UNIVEM-DIREITO-20141-300x70.png 300w\" sizes=\"auto, (max-width: 626px) 100vw, 626px\" \/><\/a><em>Gostaria de que outros crit\u00e9rios apontados pelo professor ontem possam ser enviados para mim para que eu possa fazer um post em meu blog-site.<\/em><\/p>\n<p><em>Atenciosamente,\u00a0\u00a0<\/em><\/p>\n<p><em>Prof. Dr. Milton Marchioli<\/em><\/p>\n<p>No final da tarde de hoje o professor Roberto da Freiria Estev\u00e3o enviou-nos\u00a0 e-mail respondendo aos questionamentos do blog.<\/p>\n<p><em>Ipsis litteris<\/em><\/p>\n<p>&#8220;Prezado Milton;<br \/>\n1. A respeito de revista eletr\u00f4nica (indaga\u00e7\u00e3o sua, de ontem), coloquemos no plural: temos duas. Veja:<br \/>\n<a href=\"http:\/\/revista.univem.edu.br\/\">http:\/\/revista.univem.edu.br\/<\/a><br \/>\nE a &#8220;Em Tempo&#8221;, como disse, \u00e9 qualis B3.<\/p>\n<p><a href=\"https:\/\/miltonmarchioli.com.br\/blog\/wp-content\/uploads\/C\u00f3pia-de-Funda\u00e7\u00e3o-CLASSIFICA\u00c7\u00c3O-ENADE-ANOTADA-2013.xlsx\"><span style=\"color: #339966;\">No anexo<\/span>,<\/a> envio a publica\u00e7\u00e3o do ENADE\u00a0 (at\u00e9 a classifica\u00e7\u00e3o do UNIVEM). Veja, dentre as que est\u00e3o antes, em melhor posi\u00e7\u00e3o, o n\u00famero de alunos inscritos e os que fizeram a prova (colunas E e F, respectivamente). Voc\u00ea ver\u00e1, por exemplo, escolas com 3, 23, 16 (UNIP SANTOS &#8211; 10a. classificada: 400 vagas, 16 inscritos para o ENADE), 10, 15, 32, 29, 21, 6, 10 (UNIP LIMEIRA), 26 alunos etc. UNIVEM: 150 inscritos, 149 presentes na prova. Tire esses cursos que escolheram os alunos que seriam submetidos \u00e0 prova do ENADE e voc\u00ea chegar\u00e1 \u00e0 concreta posi\u00e7\u00e3o do UNIVEM, bem como de outras Institui\u00e7\u00f5es.<\/p>\n<p>Numa r\u00e1pida visualiza\u00e7\u00e3o dos dados que voc\u00ea encaminhou (do levantamento Folha), que, conforme suas palavras, s\u00e3o objetivos, noto:<\/p>\n<p>a) qualidade de ensino (que tem pontua\u00e7\u00e3o alta para o tal ranking: 44 pontos) &#8211; \u00e9 resultado da opini\u00e3o de 611 professores (objetivo, o crit\u00e9rio???). N\u00e3o seria mais correto usar, para a verifica\u00e7\u00e3o da qualidade de ensino, o resultado do ENADE, que, efetivamente, a afere? Mas optaram pela subjetiva opini\u00e3o de alguns avaliadores (a grande maioria, integrantes de fortes institui\u00e7\u00f5es privadas, com muita influ\u00eancia no MEC), o que bem explica os resultados que voc\u00ea colou: UNIMAR &#8211; 36o. lugar, UNIVEM: 192o. lugar.\u00a0 Ou voc\u00ea realmente entende que a qualidade do ensino da UNIMAR \u00e9 melhor (e T\u00c3O MAIS MELHOR &#8211; desculpe o proposital erro gramatical para enfatizar a brutal diferen\u00e7a no tal ranking) do que a do UNIVEM? Ou do que a da ITE? Se o \u00e9, com toda essa diferen\u00e7a, o que explica os resultados efetivamente OBJETIVOS (pois a qualidade de ensino, nesse ranking da Folha, n\u00e3o \u00e9 baseada em dado objetivo, e sim opini\u00e3o subjetiva)?<\/p>\n<p>b) avalia\u00e7\u00e3o do mercado (alta pontua\u00e7\u00e3o: 36 pontos) &#8211; tamb\u00e9m, decorrente de &#8220;opini\u00e3o&#8221; de profissionais (o que \u00e9 subjetivo). Por que n\u00e3o um levantamento com base em aprova\u00e7\u00e3o na OAB e em concursos p\u00fablicos (estes sim, dados objetivos)? Ou algu\u00e9m, em s\u00e3 consci\u00eancia, entende que, de fato, na avalia\u00e7\u00e3o (e percep\u00e7\u00e3o) do mercado, um curso como da UNIMAR \u00e9 muito melhor (mais bem avaliado e percebido) do que o do UNIVEM, ou o da ITE?<\/p>\n<p>c) peso do ENADE (este sim, um crit\u00e9rio objetivo) &#8211; apenas 4 pontos no Ranking (compare essa pontua\u00e7\u00e3o com a da subjetiva qualidade do ensino (44 pontos , 11 vezes mais, baseada na opini\u00e3o de profissionais) e avalia\u00e7\u00e3o do mercado (36 pontos, 9 vezes mais, baseada na subjetiva opini\u00e3o de profissionais);<\/p>\n<p>d) verifique, ainda, a natureza das institui\u00e7\u00f5es que est\u00e3o melhores ranqueadas e as que n\u00e3o est\u00e3o (n\u00e3o o fiz). Veja se aquelas n\u00e3o s\u00e3o UNIVERSIDADE e estas CENTRO UNIVERSIT\u00c1RIOS, o que, tamb\u00e9m, explica alguns resultados obtidos junto ao MEC.<\/p>\n<p>Agrade\u00e7o-te pela aten\u00e7\u00e3o e pela preocupa\u00e7\u00e3o.<\/p>\n<p>Forte abra\u00e7o.<\/p>\n<p>Prof. Roberto&#8221;<\/p>\n<p>Assim, com a resposta oferecida pelo professor Roberto da Freiria Estev\u00e3o, a autoria do blog sente-se atendida aos questionamentos formulados por meio do e-mail\u00a0 enviado ao docente da Disciplina de Hist\u00f3ria &#8211; Curso de Direito do Univem.<\/p>\n<p><a href=\"https:\/\/miltonmarchioli.com.br\/blog\/wp-content\/uploads\/RUF-FOLHA-2014-23.png\"><img loading=\"lazy\" decoding=\"async\" class=\"aligncenter size-full wp-image-7616\" title=\"RUF FOLHA - 2014- 2\" src=\"https:\/\/miltonmarchioli.com.br\/blog\/wp-content\/uploads\/RUF-FOLHA-2014-23.png\" alt=\"\" width=\"580\" height=\"206\" srcset=\"https:\/\/miltonmarchioli.com.br\/blog\/wp-content\/uploads\/RUF-FOLHA-2014-23.png 580w, https:\/\/miltonmarchioli.com.br\/blog\/wp-content\/uploads\/RUF-FOLHA-2014-23-300x106.png 300w\" sizes=\"auto, (max-width: 580px) 100vw, 580px\" \/><\/a><\/p>\n","protected":false},"excerpt":{"rendered":"<p>O professor Roberto da Freiria Estev\u00e3o &#8211; Disciplina Hist\u00f3ria do Direito &#8211;\u00a0 ap\u00f3s ser indagado pelo autor deste blog no dia 10\/09\/2014 de o porqu\u00ea o Curso de Direito do Univem estar na posi\u00e7\u00e3o 280\u00aa- Ranking Universit\u00e1rio Folha 2014, respondeu que n\u00e3o concorda com os indicadores objetivos do Ranking Universit\u00e1rio da Folha. Contudo, asseverou que &hellip; <a href=\"https:\/\/miltonmarchioli.com.br\/blog\/roberto-freiria-contesta-os-indicadores-do-ranking-universitario-folha-2014\/\" class=\"more-link\">Continue lendo <span class=\"screen-reader-text\">Roberto da Freiria Estev\u00e3o contesta os indicadores do Ranking Universit\u00e1rio Folha 2014<\/span> <span class=\"meta-nav\">&rarr;<\/span><\/a><\/p>\n","protected":false},"author":2,"featured_media":0,"comment_status":"open","ping_status":"open","sticky":false,"template":"","format":"standard","meta":{"rop_custom_images_group":[],"rop_custom_messages_group":[],"rop_publish_now":"initial","rop_publish_now_accounts":[],"rop_publish_now_history":[],"rop_publish_now_status":"pending","footnotes":""},"categories":[18,332,366],"tags":[193,574,861,415],"class_list":["post-7607","post","type-post","status-publish","format-standard","hentry","category-direito","category-educacao","category-politica","tag-milton-marchioli","tag-ranking-universitario-folha-2014","tag-roberto-da-freiria-estevao","tag-univem"],"_links":{"self":[{"href":"https:\/\/miltonmarchioli.com.br\/blog\/wp-json\/wp\/v2\/posts\/7607","targetHints":{"allow":["GET"]}}],"collection":[{"href":"https:\/\/miltonmarchioli.com.br\/blog\/wp-json\/wp\/v2\/posts"}],"about":[{"href":"https:\/\/miltonmarchioli.com.br\/blog\/wp-json\/wp\/v2\/types\/post"}],"author":[{"embeddable":true,"href":"https:\/\/miltonmarchioli.com.br\/blog\/wp-json\/wp\/v2\/users\/2"}],"replies":[{"embeddable":true,"href":"https:\/\/miltonmarchioli.com.br\/blog\/wp-json\/wp\/v2\/comments?post=7607"}],"version-history":[{"count":26,"href":"https:\/\/miltonmarchioli.com.br\/blog\/wp-json\/wp\/v2\/posts\/7607\/revisions"}],"predecessor-version":[{"id":12182,"href":"https:\/\/miltonmarchioli.com.br\/blog\/wp-json\/wp\/v2\/posts\/7607\/revisions\/12182"}],"wp:attachment":[{"href":"https:\/\/miltonmarchioli.com.br\/blog\/wp-json\/wp\/v2\/media?parent=7607"}],"wp:term":[{"taxonomy":"category","embeddable":true,"href":"https:\/\/miltonmarchioli.com.br\/blog\/wp-json\/wp\/v2\/categories?post=7607"},{"taxonomy":"post_tag","embeddable":true,"href":"https:\/\/miltonmarchioli.com.br\/blog\/wp-json\/wp\/v2\/tags?post=7607"}],"curies":[{"name":"wp","href":"https:\/\/api.w.org\/{rel}","templated":true}]}}