{"id":774,"date":"2011-10-05T02:28:30","date_gmt":"2011-10-05T02:28:30","guid":{"rendered":"http:\/\/miltonmarchioli.com.br\/blog\/?p=774"},"modified":"2022-01-03T11:16:21","modified_gmt":"2022-01-03T14:16:21","slug":"semana-juridica-univem-2011","status":"publish","type":"post","link":"https:\/\/miltonmarchioli.com.br\/blog\/semana-juridica-univem-2011\/","title":{"rendered":"Semana Jur\u00eddica &#8211; Univem 2011"},"content":{"rendered":"<p><a href=\"https:\/\/miltonmarchioli.com.br\/blog\/wp-content\/uploads\/DR-FERNANDO-CAPEZ1.jpg\"><img loading=\"lazy\" decoding=\"async\" class=\"alignleft wp-image-785\" title=\"DR FERNANDO CAPEZ\" src=\"https:\/\/miltonmarchioli.com.br\/blog\/wp-content\/uploads\/DR-FERNANDO-CAPEZ1-300x225.jpg\" alt=\"\" width=\"260\" height=\"195\" srcset=\"https:\/\/miltonmarchioli.com.br\/blog\/wp-content\/uploads\/DR-FERNANDO-CAPEZ1-300x225.jpg 300w, https:\/\/miltonmarchioli.com.br\/blog\/wp-content\/uploads\/DR-FERNANDO-CAPEZ1-1024x768.jpg 1024w\" sizes=\"auto, (max-width: 260px) 100vw, 260px\" \/><\/a>No dia 03 desse m\u00eas aconteceu a brilhante apresenta\u00e7\u00e3o do\u00a0 Prof. Dr. Fernando Capez que discorreu os princ\u00edpios constitucionais do direito penal: princ\u00edpio da insignific\u00e2ncia, princ\u00edpio da alteridade, princ\u00edpio da interven\u00e7\u00e3o m\u00ednima e princ\u00edpio da ofensividade.<\/p>\n<p>Os princ\u00edpios ora elencados s\u00e3o fundamentais no processo penal, e sua aplica\u00e7\u00e3o com maestria pode acusar ou absolver o r\u00e9u.<\/p>\n<p style=\"text-align: left;\">Parab\u00e9ns ao Prof. Dr. Edinilson Donisete Machado\u00a0&#8211; coordenador do Curso de Direito do Univem &#8211; \u00a0e todo o corpo docente da institui\u00e7\u00e3o pela escolha dos temas e dos professores convidados na 28\u00aa Semana Jur\u00eddica do Univem.<\/p>\n<p style=\"text-align: left;\">S\u00e3o esses maravilhosos encontros entre os alunos da institui\u00e7\u00e3o, e os professores convidados que podemos avaliar nosso entendimento do ordenamento jur\u00eddico,\u00a0a dificuldade dos\u00a0 operadores do direito, e do Poder Judici\u00e1rio para\u00a0aplicar o direito.<\/p>\n<p style=\"text-align: left;\">Semana Jur\u00eddica Univem 2011\u00a0 &#8211; grande sucesso !<\/p>\n<p style=\"text-align: left;\">Sucesso aos idealizadores !<\/p>\n<p style=\"text-align: left;\"><img loading=\"lazy\" decoding=\"async\" class=\"aligncenter size-full wp-image-11172\" src=\"https:\/\/miltonmarchioli.com.br\/blog\/wp-content\/uploads\/MARCHIOLI-E-DR-FERNANDO-CAPEZ-1.jpg\" alt=\"MARCHIOLI E DR FERNANDO CAPEZ\" width=\"2592\" height=\"1944\" srcset=\"https:\/\/miltonmarchioli.com.br\/blog\/wp-content\/uploads\/MARCHIOLI-E-DR-FERNANDO-CAPEZ-1.jpg 2592w, https:\/\/miltonmarchioli.com.br\/blog\/wp-content\/uploads\/MARCHIOLI-E-DR-FERNANDO-CAPEZ-1-300x225.jpg 300w, https:\/\/miltonmarchioli.com.br\/blog\/wp-content\/uploads\/MARCHIOLI-E-DR-FERNANDO-CAPEZ-1-768x576.jpg 768w, https:\/\/miltonmarchioli.com.br\/blog\/wp-content\/uploads\/MARCHIOLI-E-DR-FERNANDO-CAPEZ-1-1024x768.jpg 1024w\" sizes=\"auto, (max-width: 2592px) 100vw, 2592px\" \/><\/p>\n<p style=\"text-align: left;\">\n","protected":false},"excerpt":{"rendered":"<p>No dia 03 desse m\u00eas aconteceu a brilhante apresenta\u00e7\u00e3o do\u00a0 Prof. Dr. Fernando Capez que discorreu os princ\u00edpios constitucionais do direito penal: princ\u00edpio da insignific\u00e2ncia, princ\u00edpio da alteridade, princ\u00edpio da interven\u00e7\u00e3o m\u00ednima e princ\u00edpio da ofensividade. Os princ\u00edpios ora elencados s\u00e3o fundamentais no processo penal, e sua aplica\u00e7\u00e3o com maestria pode acusar ou absolver o &hellip; <a href=\"https:\/\/miltonmarchioli.com.br\/blog\/semana-juridica-univem-2011\/\" class=\"more-link\">Continue lendo <span class=\"screen-reader-text\">Semana Jur\u00eddica &#8211; Univem 2011<\/span> <span class=\"meta-nav\">&rarr;<\/span><\/a><\/p>\n","protected":false},"author":2,"featured_media":0,"comment_status":"open","ping_status":"open","sticky":false,"template":"","format":"standard","meta":{"rop_custom_images_group":[],"rop_custom_messages_group":[],"rop_publish_now":"initial","rop_publish_now_accounts":[],"rop_publish_now_history":[],"rop_publish_now_status":"pending","footnotes":""},"categories":[18,332,13],"tags":[857,193,80],"class_list":["post-774","post","type-post","status-publish","format-standard","hentry","category-direito","category-educacao","category-opiniao","tag-fernando-capez","tag-milton-marchioli","tag-semana-juridica-univem-28"],"_links":{"self":[{"href":"https:\/\/miltonmarchioli.com.br\/blog\/wp-json\/wp\/v2\/posts\/774","targetHints":{"allow":["GET"]}}],"collection":[{"href":"https:\/\/miltonmarchioli.com.br\/blog\/wp-json\/wp\/v2\/posts"}],"about":[{"href":"https:\/\/miltonmarchioli.com.br\/blog\/wp-json\/wp\/v2\/types\/post"}],"author":[{"embeddable":true,"href":"https:\/\/miltonmarchioli.com.br\/blog\/wp-json\/wp\/v2\/users\/2"}],"replies":[{"embeddable":true,"href":"https:\/\/miltonmarchioli.com.br\/blog\/wp-json\/wp\/v2\/comments?post=774"}],"version-history":[{"count":15,"href":"https:\/\/miltonmarchioli.com.br\/blog\/wp-json\/wp\/v2\/posts\/774\/revisions"}],"predecessor-version":[{"id":13412,"href":"https:\/\/miltonmarchioli.com.br\/blog\/wp-json\/wp\/v2\/posts\/774\/revisions\/13412"}],"wp:attachment":[{"href":"https:\/\/miltonmarchioli.com.br\/blog\/wp-json\/wp\/v2\/media?parent=774"}],"wp:term":[{"taxonomy":"category","embeddable":true,"href":"https:\/\/miltonmarchioli.com.br\/blog\/wp-json\/wp\/v2\/categories?post=774"},{"taxonomy":"post_tag","embeddable":true,"href":"https:\/\/miltonmarchioli.com.br\/blog\/wp-json\/wp\/v2\/tags?post=774"}],"curies":[{"name":"wp","href":"https:\/\/api.w.org\/{rel}","templated":true}]}}