{"id":7809,"date":"2014-09-29T14:02:35","date_gmt":"2014-09-29T17:02:35","guid":{"rendered":"http:\/\/miltonmarchioli.com.br\/blog\/?p=7809"},"modified":"2022-01-28T13:04:52","modified_gmt":"2022-01-28T16:04:52","slug":"treinamento-de-membros-do-mst-pelas-farc-e-um-movimento-social-defendido-pela-esquerda-rolex","status":"publish","type":"post","link":"https:\/\/miltonmarchioli.com.br\/blog\/treinamento-de-membros-do-mst-pelas-farc-e-um-movimento-social-defendido-pela-esquerda-rolex\/","title":{"rendered":"Treinamento de membros do MST pelas FARC. \u00c9 um movimento social defendido pela Esquerda Rolex!"},"content":{"rendered":"<p><a href=\"https:\/\/miltonmarchioli.com.br\/blog\/wp-content\/uploads\/mst-preto-e-branco.jpg\"><img loading=\"lazy\" decoding=\"async\" class=\"alignleft wp-image-7825\" title=\"mst preto e branco\" src=\"https:\/\/miltonmarchioli.com.br\/blog\/wp-content\/uploads\/mst-preto-e-branco.jpg\" alt=\"\" width=\"204\" height=\"224\" \/><\/a>A mat\u00e9ria que foi pouco vinculada e parece ter ca\u00eddo no esquecimento \u00e9 do ano de 2005, em que a jornalista Maria Clara Prates, do jornal Estado de Minas aponta envolvimento do Movimento dos Sem Terra (MST) com as Farc (For\u00e7as Armadas Revolucion\u00e1rias da Col\u00f4mbia), que \u00e9 um grupo terrorista e paramilitar, apontando inclusive treinamento de membros do MST (Movimento dos Trabalhadores Rurais Sem Terra).<\/p>\n<p>Vamos ao texto da jornalista Maria Clara Prates:<\/p>\n<p><em>&#8220;A presen\u00e7a do grupo guerrilheiro colombiano For\u00e7as Armadas Revolucion\u00e1rias da Col\u00f4mbia (Farc) no Brasil n\u00e3o se restringe hoje apenas \u00e0 montagem de bases estrat\u00e9gicas para o tr\u00e1fico de drogas e armas na selva amaz\u00f4nica. As a\u00e7\u00f5es das Farc incluem o treinamento de criminosos e l\u00edderes de movimentos sociais, entre eles o Movimento dos Trabalhadores Sem Terra (MST). Os centros est\u00e3o montados estrategicamente na fronteira do Brasil com o Paraguai. Relat\u00f3rios sigilosos em poder de autoridades brasileiras e paraguaias registram a ocorr\u00eancia de pelo menos tr\u00eas cursos sobre t\u00e9cnicas de guerrilha destinados a brasileiros, realizados este ano \u2013 em maio, julho e agosto \u2013 na regi\u00e3o de Pindoty Por\u00e3, departamento de Canindey\u00fa, no Paraguai, cidade na fronteira com o Mato Grosso do Sul e o Paran\u00e1.\u00a0Pelo menos um desses cursos, sobre t\u00e9cnicas de primeiro socorros e contrainforma\u00e7\u00e3o, que aconteceu entre 22 e 24 de julho, teve como p\u00fablico alvo integrantes do MST dos estados de Mato Grosso, Mato Grosso do Sul e Paran\u00e1. Sob a batuta dos mesmos instrutores colombianos, o \u00faltimo treinamento, que aconteceu em 29 de agosto, foi destinado a integrantes de quadrilhas respons\u00e1veis pela seguran\u00e7a de pontos de distribui\u00e7\u00e3o de drogas em S\u00e3o Paulo e no Rio de Janeiro. Na instru\u00e7\u00e3o, foram passadas aos alunos brasileiros informa\u00e7\u00f5es sobre uso em guerrilha urbana&#8221;.<\/em><\/p>\n<p>E nos dias de hoje, o MST continua sendo o bra\u00e7o armado do PT para implantar a ditadura do proletariado, ou seja, o comunismo no Brasil com a bandeira de inclus\u00e3o social e distribui\u00e7\u00e3o de terras violando o direito de propriedade &#8211; cl\u00e1usula p\u00e9trea da Constitui\u00e7\u00e3o Federal do Brasil.<\/p>\n<p>O l\u00edder do MST\u00a0 Jos\u00e9 Rainha\u00a0 investigado pela Pol\u00edcia Federal na Opera\u00e7\u00e3o Desfalque, na qual se aponta que Rainha se utiliza do MST para invadir propriedades, e exigir contribui\u00e7\u00f5es para o movimento praticando o crime de extors\u00e3o.<\/p>\n<p>Vamos aguardar o desfecho da investiga\u00e7\u00e3o e a condena\u00e7\u00e3o do l\u00edder do MST Jos\u00e9 Rainha, outro l\u00edder da Esquerda Rolex.<\/p>\n<p><a href=\"https:\/\/miltonmarchioli.com.br\/blog\/wp-content\/uploads\/mst-quadro.jpeg\"><img loading=\"lazy\" decoding=\"async\" class=\"aligncenter wp-image-7827\" title=\"mst quadro\" src=\"https:\/\/miltonmarchioli.com.br\/blog\/wp-content\/uploads\/mst-quadro.jpeg\" alt=\"\" width=\"617\" height=\"380\" \/><\/a><\/p>\n","protected":false},"excerpt":{"rendered":"<p>A mat\u00e9ria que foi pouco vinculada e parece ter ca\u00eddo no esquecimento \u00e9 do ano de 2005, em que a jornalista Maria Clara Prates, do jornal Estado de Minas aponta envolvimento do Movimento dos Sem Terra (MST) com as Farc (For\u00e7as Armadas Revolucion\u00e1rias da Col\u00f4mbia), que \u00e9 um grupo terrorista e paramilitar, apontando inclusive treinamento &hellip; <a href=\"https:\/\/miltonmarchioli.com.br\/blog\/treinamento-de-membros-do-mst-pelas-farc-e-um-movimento-social-defendido-pela-esquerda-rolex\/\" class=\"more-link\">Continue lendo <span class=\"screen-reader-text\">Treinamento de membros do MST pelas FARC. \u00c9 um movimento social defendido pela Esquerda Rolex!<\/span> <span class=\"meta-nav\">&rarr;<\/span><\/a><\/p>\n","protected":false},"author":2,"featured_media":0,"comment_status":"open","ping_status":"open","sticky":false,"template":"","format":"standard","meta":{"rop_custom_images_group":[],"rop_custom_messages_group":[],"rop_publish_now":"initial","rop_publish_now_accounts":[],"rop_publish_now_history":[],"rop_publish_now_status":"pending","footnotes":""},"categories":[18,11,13,366],"tags":[407,570],"class_list":["post-7809","post","type-post","status-publish","format-standard","hentry","category-direito","category-economia","category-opiniao","category-politica","tag-esquerda-rolex","tag-mst-pt-farc"],"_links":{"self":[{"href":"https:\/\/miltonmarchioli.com.br\/blog\/wp-json\/wp\/v2\/posts\/7809","targetHints":{"allow":["GET"]}}],"collection":[{"href":"https:\/\/miltonmarchioli.com.br\/blog\/wp-json\/wp\/v2\/posts"}],"about":[{"href":"https:\/\/miltonmarchioli.com.br\/blog\/wp-json\/wp\/v2\/types\/post"}],"author":[{"embeddable":true,"href":"https:\/\/miltonmarchioli.com.br\/blog\/wp-json\/wp\/v2\/users\/2"}],"replies":[{"embeddable":true,"href":"https:\/\/miltonmarchioli.com.br\/blog\/wp-json\/wp\/v2\/comments?post=7809"}],"version-history":[{"count":19,"href":"https:\/\/miltonmarchioli.com.br\/blog\/wp-json\/wp\/v2\/posts\/7809\/revisions"}],"predecessor-version":[{"id":13778,"href":"https:\/\/miltonmarchioli.com.br\/blog\/wp-json\/wp\/v2\/posts\/7809\/revisions\/13778"}],"wp:attachment":[{"href":"https:\/\/miltonmarchioli.com.br\/blog\/wp-json\/wp\/v2\/media?parent=7809"}],"wp:term":[{"taxonomy":"category","embeddable":true,"href":"https:\/\/miltonmarchioli.com.br\/blog\/wp-json\/wp\/v2\/categories?post=7809"},{"taxonomy":"post_tag","embeddable":true,"href":"https:\/\/miltonmarchioli.com.br\/blog\/wp-json\/wp\/v2\/tags?post=7809"}],"curies":[{"name":"wp","href":"https:\/\/api.w.org\/{rel}","templated":true}]}}