{"id":7904,"date":"2014-09-18T00:24:54","date_gmt":"2014-09-18T03:24:54","guid":{"rendered":"http:\/\/miltonmarchioli.com.br\/blog\/?p=7904"},"modified":"2022-01-28T11:19:07","modified_gmt":"2022-01-28T14:19:07","slug":"cefaleias-primarias-seminario-curso-de-medicina-da-famema-22","status":"publish","type":"post","link":"https:\/\/miltonmarchioli.com.br\/blog\/cefaleias-primarias-seminario-curso-de-medicina-da-famema-22\/","title":{"rendered":"Cefaleias Prim\u00e1rias. Semin\u00e1rio. Curso de Medicina da Famema"},"content":{"rendered":"<p><a href=\"https:\/\/miltonmarchioli.com.br\/blog\/wp-content\/uploads\/CEFALEIAS-PRIM\u00c1RIAS-18-09-2014.pptx\"><img loading=\"lazy\" decoding=\"async\" class=\"alignleft size-full wp-image-11793\" src=\"https:\/\/miltonmarchioli.com.br\/blog\/wp-content\/uploads\/cefaleia-cluster-1.jpg\" alt=\"cefaleia - cluster\" width=\"208\" height=\"243\" \/><\/a><a href=\"https:\/\/miltonmarchioli.com.br\/blog\/wp-content\/uploads\/CEFALEIAS-PRIMARIAS-18-09-2014.pdf\">Semin\u00e1rio apresentado pelos alunos do 4\u00ba ano do curso de medicina da Famema &#8211; \u00a0\u0097Mar\u00edlia Albanezi Bertolazzi, \u0097Lays De Cassia, \u0097Paulo Henrique Vi\u00e7oti, \u0097Tatiane Nishimura e \u0097Yoichi Konno &#8211; discorrendo sobre as cefaleias prim\u00e1rias.<\/a><\/p>\n<p>A cefaleia \u00e9 particularmente comum no cotidiano das unidades que integram a Aten\u00e7\u00e3o B\u00e1sica- UBS (Unidade B\u00e1sica de Sa\u00fade) e USF (Unidade de Sa\u00fade da Fam\u00edlia).<\/p>\n<p>A cefaleia leva a preju\u00edzos sociais, laborais, emocionais e econ\u00f4micos.<\/p>\n<p>As cefaleias prim\u00e1rias s\u00e3o as mais comuns, principalmente a cefaleia tensional, seguida pelas cefaleias tipo migr\u00e2nea e as causadas por infec\u00e7\u00f5es sist\u00eamicas agudas.<\/p>\n<p>As cefaleias classificadas como secund\u00e1rias s\u00e3o menos frequentes, mas que \u00e9 fundamental o conhecimento dos sinais de alerta que indicam a gravidade da doen\u00e7a causal implicada na crise \u00e1lgica.<\/p>\n<p>A anamnese \u00e9 que determina o diagn\u00f3stico.<\/p>\n<p>O exame f\u00edsico \u00e9 parte importante da avalia\u00e7\u00e3o das cefaleias, pois permite detectar ou excluir sinais patognom\u00f4nicos, e explica os exames complementares.<\/p>\n<p>O tratamento e os cuidados devem levar em conta as necessidades individuais e que, para isso, uma boa comunica\u00e7\u00e3o cl\u00ednica \u00e9 essencial, incluindo familiares e cuidadores, que devem ser convidados a se envolver na gest\u00e3o dos cuidados e nos tratamentos propostos.<\/p>\n<p>Em n\u00edvel de aten\u00e7\u00e3o b\u00e1sica, o profissional de sa\u00fade deve estar preparado para identificar sinais de gravidade diante de quadros de cefaleia aguda, especialmente quanto aos crit\u00e9rios que indicam a necessidade de referenciar o paciente a outros n\u00edveis de aten\u00e7\u00e3o.<\/p>\n<p>E, por fim, destaca-se a import\u00e2ncia da atua\u00e7\u00e3o da equipe multiprofissional nesse primeiro n\u00edvel de aten\u00e7\u00e3o b\u00e1sica ao paciente com cefaleia prim\u00e1ria ou secund\u00e1ria.<\/p>\n<p>O Ambulat\u00f3rio Cefaleia\u00a0 atende encaminhamentos de 62 munic\u00edpios do Departamento Regional de Sa\u00fade IX do Estado de Sa\u00fade de S\u00e3o Paulo.<\/p>\n<p style=\"text-align: center;\"><a href=\"https:\/\/miltonmarchioli.com.br\/blog\/wp-content\/uploads\/cefaleia-violenta.jpg\"><img loading=\"lazy\" decoding=\"async\" class=\"aligncenter wp-image-7920\" title=\"cefaleia - violenta\" src=\"https:\/\/miltonmarchioli.com.br\/blog\/wp-content\/uploads\/cefaleia-violenta.jpg\" alt=\"\" width=\"605\" height=\"404\" srcset=\"https:\/\/miltonmarchioli.com.br\/blog\/wp-content\/uploads\/cefaleia-violenta.jpg 1200w, https:\/\/miltonmarchioli.com.br\/blog\/wp-content\/uploads\/cefaleia-violenta-300x200.jpg 300w, https:\/\/miltonmarchioli.com.br\/blog\/wp-content\/uploads\/cefaleia-violenta-1024x685.jpg 1024w\" sizes=\"auto, (max-width: 605px) 100vw, 605px\" \/><\/a><\/p>\n","protected":false},"excerpt":{"rendered":"<p>Semin\u00e1rio apresentado pelos alunos do 4\u00ba ano do curso de medicina da Famema &#8211; \u00a0\u0097Mar\u00edlia Albanezi Bertolazzi, \u0097Lays De Cassia, \u0097Paulo Henrique Vi\u00e7oti, \u0097Tatiane Nishimura e \u0097Yoichi Konno &#8211; discorrendo sobre as cefaleias prim\u00e1rias. A cefaleia \u00e9 particularmente comum no cotidiano das unidades que integram a Aten\u00e7\u00e3o B\u00e1sica- UBS (Unidade B\u00e1sica de Sa\u00fade) e USF &hellip; <a href=\"https:\/\/miltonmarchioli.com.br\/blog\/cefaleias-primarias-seminario-curso-de-medicina-da-famema-22\/\" class=\"more-link\">Continue lendo <span class=\"screen-reader-text\">Cefaleias Prim\u00e1rias. Semin\u00e1rio. Curso de Medicina da Famema<\/span> <span class=\"meta-nav\">&rarr;<\/span><\/a><\/p>\n","protected":false},"author":2,"featured_media":0,"comment_status":"open","ping_status":"open","sticky":false,"template":"","format":"standard","meta":{"rop_custom_images_group":[],"rop_custom_messages_group":[],"rop_publish_now":"initial","rop_publish_now_accounts":[],"rop_publish_now_history":[],"rop_publish_now_status":"pending","footnotes":""},"categories":[8,332,4,9],"tags":[591],"class_list":["post-7904","post","type-post","status-publish","format-standard","hentry","category-direito-e-saude","category-educacao","category-neurologia","category-saude-publica","tag-ambulatorio-cefaleia-ambulatorio-mario-covas-famema"],"_links":{"self":[{"href":"https:\/\/miltonmarchioli.com.br\/blog\/wp-json\/wp\/v2\/posts\/7904","targetHints":{"allow":["GET"]}}],"collection":[{"href":"https:\/\/miltonmarchioli.com.br\/blog\/wp-json\/wp\/v2\/posts"}],"about":[{"href":"https:\/\/miltonmarchioli.com.br\/blog\/wp-json\/wp\/v2\/types\/post"}],"author":[{"embeddable":true,"href":"https:\/\/miltonmarchioli.com.br\/blog\/wp-json\/wp\/v2\/users\/2"}],"replies":[{"embeddable":true,"href":"https:\/\/miltonmarchioli.com.br\/blog\/wp-json\/wp\/v2\/comments?post=7904"}],"version-history":[{"count":10,"href":"https:\/\/miltonmarchioli.com.br\/blog\/wp-json\/wp\/v2\/posts\/7904\/revisions"}],"predecessor-version":[{"id":13768,"href":"https:\/\/miltonmarchioli.com.br\/blog\/wp-json\/wp\/v2\/posts\/7904\/revisions\/13768"}],"wp:attachment":[{"href":"https:\/\/miltonmarchioli.com.br\/blog\/wp-json\/wp\/v2\/media?parent=7904"}],"wp:term":[{"taxonomy":"category","embeddable":true,"href":"https:\/\/miltonmarchioli.com.br\/blog\/wp-json\/wp\/v2\/categories?post=7904"},{"taxonomy":"post_tag","embeddable":true,"href":"https:\/\/miltonmarchioli.com.br\/blog\/wp-json\/wp\/v2\/tags?post=7904"}],"curies":[{"name":"wp","href":"https:\/\/api.w.org\/{rel}","templated":true}]}}