{"id":7927,"date":"2014-11-13T01:33:22","date_gmt":"2014-11-13T03:33:22","guid":{"rendered":"http:\/\/miltonmarchioli.com.br\/blog\/?p=7927"},"modified":"2022-01-28T15:30:02","modified_gmt":"2022-01-28T18:30:02","slug":"ccefaleias-primarias-seminario-curso-de-medicina-da-famema","status":"publish","type":"post","link":"https:\/\/miltonmarchioli.com.br\/blog\/ccefaleias-primarias-seminario-curso-de-medicina-da-famema\/","title":{"rendered":"Cefaleias Prim\u00e1rias. Semin\u00e1rio. Curso de Medicina da Famema"},"content":{"rendered":"<p><img loading=\"lazy\" decoding=\"async\" class=\"alignleft size-full wp-image-11798\" src=\"https:\/\/miltonmarchioli.com.br\/blog\/wp-content\/uploads\/dor-de-cabe\u00e7a-elegante.jpg\" alt=\"dor de cabe\u00e7a - elegante\" width=\"248\" height=\"203\" \/><a href=\"https:\/\/miltonmarchioli.com.br\/blog\/wp-content\/uploads\/CEFALEIAS-PRIM\u00c1RIAS-13-11-2014.pptx\">Semin\u00e1rio apresentado pelos alunos &#8211; \u00a0Ornella Fuzati, Juliana Sakamoto, Thuannny Calado, Luis Fernando Carvalho e Rodolfo Mello &#8211; do 4\u00ba ano do curso de medicina da Famema abordando Cefaleias Prim\u00e1rias.<\/a><\/p>\n<p>Cefaleia \u00a0\u00e9 uma condi\u00e7\u00e3o frequente, de intensidade vari\u00e1vel e caracter\u00edsticas distintas.<\/p>\n<p>Podem ser divididas em dois grupos: prim\u00e1rias e secund\u00e1rias.<\/p>\n<p>Ao primeiro grupo pertencem as dores de cabe\u00e7a que indicam, ao mesmo tempo doen\u00e7a e sintomatologia.<\/p>\n<p>Ao segundo, aquelas que s\u00e3o secund\u00e1rias a outras doen\u00e7as. Por exemplo: infec\u00e7\u00f5es bacterianas e virais (sinusite, meningite, encefalite, gripes e resfriados), fibromialgia, aneurismas, tumores cerebrais, avc, traumas de cr\u00e2nio, les\u00f5es cranianas, dist\u00farbios oftalmol\u00f3gicos e do ouvido.<\/p>\n<h4><span style=\"color: #800080;\"><strong><span style=\"font-size: 1.17em;\">Cefaleias Prim\u00e1rias\u00a0<\/span><\/strong><\/span><\/h4>\n<p>Cefaleias prim\u00e1rias s\u00e3o aquelas de causa desconhecida, ou seja, cuja origem n\u00e3o pode ser explicada por uma les\u00e3o cerebral ou alguma les\u00e3o em outro lugar do corpo.<\/p>\n<p>Diferencia-se, portanto, das chamadas cefaleias secund\u00e1rias, onde h\u00e1 uma causa identific\u00e1vel para a dor de cabe\u00e7a.<\/p>\n<p>As cefaleias prim\u00e1rias podem ser classificadas em:<\/p>\n<p>1. Cefaleia tensional &#8211; A forma mais comum de cefaleia prim\u00e1ria, onde h\u00e1 dor em press\u00e3o ou aperto frontal, fronto-occipital ou holocraniana. Costuma ser leve ou moderada, n\u00e3o atrapalha as atividades da vida di\u00e1ria, e raramente leva o paciente a procurar o m\u00e9dico. Crises de at\u00e9 7 \u00a0dias.<\/p>\n<p>2. Enxaqueca &#8211; A forma mais comum de cefaleia prim\u00e1ria nos consult\u00f3rios e pronto-socorros. Caracteriza-se por uma dor intensa, latejante, uni ou bilateral, \u00a0acompanhada de dificuldades com a luz e barulhos, al\u00e9m de n\u00e1useas e ou v\u00f4mitos. \u00a0Crises de at\u00e9 72 horas.<\/p>\n<p>3. Cefaleia em salvas &#8211; Forma rara de cefaleia prim\u00e1ria, acomete mais homens jovens e de meia-idade. Caracteriza-se por dor intensa, em facada, ao redor de um olho, com lacrimejamento e rinorreia. Pode haver queda de p\u00e1lpebra e olho vermelho, todos do mesmo lado da dor. \u00a0Crises de at\u00e9 180 minutos.<\/p>\n<h4><span style=\"color: #800080;\">Diagn\u00f3stico<\/span><\/h4>\n<div id=\"post-body-8994679027931267576\">\n<div>\n<p>O diagn\u00f3stico dos diferentes tipos de cefaleia come\u00e7a pelo levantamento da hist\u00f3ria do paciente e pelo exame cl\u00ednico e neurol\u00f3gico com o objetivo de determinar as causas e as caracter\u00edsticas da dor.<\/p>\n<p>Alguns exames de sangue e de imagem, como resson\u00e2ncia magn\u00e9tica, tomografia de cr\u00e2nio e eletroencefalograma podem ser necess\u00e1rios para estabelecer o diagn\u00f3stico diferencial nos casos de cefaleias secund\u00e1rias.<\/p>\n<h4><span style=\"color: #800080;\"><strong style=\"font-size: 1.17em;\">Tratamento<\/strong><\/span><\/h4>\n<p>Nos casos de cefaleias secund\u00e1rias, o tratamento ser\u00e1 o de controle das enfermidades de base.<\/p>\n<p>Quanto \u00e0s cefaleias prim\u00e1rias, o tratamento varia de acordo com o tipo da cefaleia.<\/p>\n<p>Crises espor\u00e1dicas de cefaleia tensional costumam responder bem ao uso de analg\u00e9sicos comuns. Nos quadros cr\u00f4nicos, medicamentos antidepressivos t\u00eam-se mostrado eficazes como os tric\u00edclicos.<\/p>\n<p>Mudan\u00e7as no estilo de vida que ajudem a controlar a tens\u00e3o e o estresse, assim como a pr\u00e1tica de exerc\u00edcios f\u00edsicos, e acupuntura s\u00e3o medidas importantes tanto para a preven\u00e7\u00e3o quanto para o al\u00edvio da dor.<\/p>\n<p>O tratamento das cefaleias em salvas tem basicamente dois objetivos: prevenir novas crises e abortar a dor t\u00e3o logo tenha se manifestado. Essa cefaleia cefaleia s\u00f3 responde a medicamentos que agem diretamente sobre os receptores da serotonina. A inala\u00e7\u00e3o de oxig\u00eanio \u00e9 outro recurso terap\u00eautico \u00fatil para controle da dor.<\/p>\n<p>Quanto ao tratamento preventivo, existem v\u00e1rios medicamentos que apresentam bons resultados, mas s\u00f3 devem ser utilizados com indica\u00e7\u00e3o m\u00e9dica como \u00e1cido valpr\u00f3ico e o verapamil.<\/p>\n<p>Muitas vezes, os epis\u00f3dios de enxaqueca podem ser controlados com analg\u00e9sicos comuns associado a anti-inflamat\u00f3rio. Os triptanos, apresentam bons resultados no controle da dor e baixa incid\u00eancia de efeitos colaterais.<\/p>\n<p>O Ambulat\u00f3rio de Cefaleia recebe encaminhamentos de usu\u00e1rios do SUS do Departamento Regional de Sa\u00fade IX do Estado de S\u00e3o Paulo.<\/p>\n<\/div>\n<div>\n<p style=\"text-align: center;\"><a href=\"https:\/\/miltonmarchioli.com.br\/blog\/wp-content\/uploads\/cefaleia-total1.jpg\"><img loading=\"lazy\" decoding=\"async\" class=\"aligncenter size-full wp-image-7933\" title=\"cefaleia total\" src=\"https:\/\/miltonmarchioli.com.br\/blog\/wp-content\/uploads\/cefaleia-total1.jpg\" alt=\"\" width=\"595\" height=\"336\" srcset=\"https:\/\/miltonmarchioli.com.br\/blog\/wp-content\/uploads\/cefaleia-total1.jpg 595w, https:\/\/miltonmarchioli.com.br\/blog\/wp-content\/uploads\/cefaleia-total1-300x169.jpg 300w\" sizes=\"auto, (max-width: 595px) 100vw, 595px\" \/><\/a><\/p>\n<\/div>\n<\/div>\n","protected":false},"excerpt":{"rendered":"<p>Semin\u00e1rio apresentado pelos alunos &#8211; \u00a0Ornella Fuzati, Juliana Sakamoto, Thuannny Calado, Luis Fernando Carvalho e Rodolfo Mello &#8211; do 4\u00ba ano do curso de medicina da Famema abordando Cefaleias Prim\u00e1rias. Cefaleia \u00a0\u00e9 uma condi\u00e7\u00e3o frequente, de intensidade vari\u00e1vel e caracter\u00edsticas distintas. Podem ser divididas em dois grupos: prim\u00e1rias e secund\u00e1rias. Ao primeiro grupo pertencem as &hellip; <a href=\"https:\/\/miltonmarchioli.com.br\/blog\/ccefaleias-primarias-seminario-curso-de-medicina-da-famema\/\" class=\"more-link\">Continue lendo <span class=\"screen-reader-text\">Cefaleias Prim\u00e1rias. Semin\u00e1rio. Curso de Medicina da Famema<\/span> <span class=\"meta-nav\">&rarr;<\/span><\/a><\/p>\n","protected":false},"author":2,"featured_media":0,"comment_status":"open","ping_status":"open","sticky":false,"template":"","format":"standard","meta":{"rop_custom_images_group":[],"rop_custom_messages_group":[],"rop_publish_now":"initial","rop_publish_now_accounts":[],"rop_publish_now_history":[],"rop_publish_now_status":"pending","footnotes":""},"categories":[8,332,4,9],"tags":[591],"class_list":["post-7927","post","type-post","status-publish","format-standard","hentry","category-direito-e-saude","category-educacao","category-neurologia","category-saude-publica","tag-ambulatorio-cefaleia-ambulatorio-mario-covas-famema"],"_links":{"self":[{"href":"https:\/\/miltonmarchioli.com.br\/blog\/wp-json\/wp\/v2\/posts\/7927","targetHints":{"allow":["GET"]}}],"collection":[{"href":"https:\/\/miltonmarchioli.com.br\/blog\/wp-json\/wp\/v2\/posts"}],"about":[{"href":"https:\/\/miltonmarchioli.com.br\/blog\/wp-json\/wp\/v2\/types\/post"}],"author":[{"embeddable":true,"href":"https:\/\/miltonmarchioli.com.br\/blog\/wp-json\/wp\/v2\/users\/2"}],"replies":[{"embeddable":true,"href":"https:\/\/miltonmarchioli.com.br\/blog\/wp-json\/wp\/v2\/comments?post=7927"}],"version-history":[{"count":19,"href":"https:\/\/miltonmarchioli.com.br\/blog\/wp-json\/wp\/v2\/posts\/7927\/revisions"}],"predecessor-version":[{"id":13782,"href":"https:\/\/miltonmarchioli.com.br\/blog\/wp-json\/wp\/v2\/posts\/7927\/revisions\/13782"}],"wp:attachment":[{"href":"https:\/\/miltonmarchioli.com.br\/blog\/wp-json\/wp\/v2\/media?parent=7927"}],"wp:term":[{"taxonomy":"category","embeddable":true,"href":"https:\/\/miltonmarchioli.com.br\/blog\/wp-json\/wp\/v2\/categories?post=7927"},{"taxonomy":"post_tag","embeddable":true,"href":"https:\/\/miltonmarchioli.com.br\/blog\/wp-json\/wp\/v2\/tags?post=7927"}],"curies":[{"name":"wp","href":"https:\/\/api.w.org\/{rel}","templated":true}]}}