{"id":7970,"date":"2014-11-10T22:41:07","date_gmt":"2014-11-11T00:41:07","guid":{"rendered":"http:\/\/miltonmarchioli.com.br\/blog\/?p=7970"},"modified":"2022-01-28T15:28:34","modified_gmt":"2022-01-28T18:28:34","slug":"acidente-vascular-cerebral-principais-fatores-de-risco-seminario-curso-de-medicina-da-famema","status":"publish","type":"post","link":"https:\/\/miltonmarchioli.com.br\/blog\/acidente-vascular-cerebral-principais-fatores-de-risco-seminario-curso-de-medicina-da-famema\/","title":{"rendered":"Acidente Vascular Cerebral. Principais fatores de risco. Semin\u00e1rio. Curso de Medicina da Famema"},"content":{"rendered":"<p><a href=\"https:\/\/miltonmarchioli.com.br\/blog\/wp-content\/uploads\/avc-velhinha.gif\"><img loading=\"lazy\" decoding=\"async\" class=\"alignleft wp-image-11021\" src=\"https:\/\/miltonmarchioli.com.br\/blog\/wp-content\/uploads\/avc-velhinha.gif\" alt=\"avc velhinha\" width=\"229\" height=\"194\" \/><\/a><a href=\"https:\/\/miltonmarchioli.com.br\/blog\/wp-content\/uploads\/SEMINARIO-AVC-10-11-2014.pptx\">Semin\u00e1rio apresentando pelos alunos Laura Beatriz Kracker Martucci, Mariana Said Moreira, Paula Consoline Micheletto, Ta\u00eds Albano Hernandes e Vithor Zuccaro Wajsman em est\u00e1gio no Ambulat\u00f3rio Mario Covas-Ambulat\u00f3rio de Cefaleia &#8211; Disciplina Educa\u00e7\u00e3o em Ci\u00eancias da Sa\u00fade- 4\u00baano do curso de medicina da Famema.<\/a><\/p>\n<h5><span style=\"color: #333399;\">Introdu\u00e7\u00e3o<\/span><\/h5>\n<p><span style=\"color: #000000; font-family: Verdana; font-size: small;\">Conhecido popularmente como &#8220;derrame cerebral&#8221;, o Acidente Vascular Cerebral \u00e9 a terceira causa de morte em v\u00e1rios pa\u00edses do mundo e a principal causa de incapacita\u00e7\u00e3o f\u00edsica e mental.<\/span><\/p>\n<p>O<i> <\/i>AVC pode ser compreendido como uma dificuldade, em maior ou menor grau, de fornecimento de sangue e seus constituintes a uma determinada \u00e1rea do\u00a0c\u00e9rebro, determinando o sofrimento ou morte desta (neste caso, chamado infarto) e, consequentemente, perda ou diminui\u00e7\u00e3o das respectivas fun\u00e7\u00f5es.<\/p>\n<p>Existem basicamente dois tipos de AVC:<\/p>\n<p>a) Isqu\u00eamico: quando n\u00e3o h\u00e1 passagem de sangue para determinada \u00e1rea, por uma obstru\u00e7\u00e3o no vaso ou redu\u00e7\u00e3o no fluxo sang\u00fc\u00edneo do corpo.<\/p>\n<p>b) Hemorr\u00e1gico: quando o vaso sang\u00fc\u00edneo se rompe, extravasando sangue.<\/p>\n<h5><span style=\"color: #333399;\">Fatores de Risco para o AVC<\/span><\/h5>\n<p><span style=\"color: #000000; font-family: Verdana; font-size: small;\">Fator de risco \u00e9 aquele que pode facilitar a ocorr\u00eancia do AVC. <\/span><\/p>\n<p><span style=\"color: #000000; font-family: Verdana; font-size: small;\">\u00c9 imprescind\u00edvel a sua caracteriza\u00e7\u00e3o e devida corre\u00e7\u00e3o, pois quase toda a preven\u00e7\u00e3o do AVC \u00e9 baseada no combate aos fatores de risco. <\/span><\/p>\n<p><span style=\"color: #000000; font-family: Verdana; font-size: small;\">Os principais s\u00e3o:<\/span><\/p>\n<p><span style=\"color: #000000; font-family: Verdana; font-size: small;\">a. <\/span><span style=\"font-family: Verdana; font-size: small;\"><u>Press\u00e3o Arterial<\/u><\/span><span style=\"color: #000000; font-family: Verdana; font-size: small;\">: \u00e9 o principal fator de risco para AVC. <\/span><\/p>\n<p><span style=\"color: #000000; font-family: Verdana; font-size: small;\">Quando a press\u00e3o arterial estiver acima do normal temos a hipertens\u00e3o arterial. A hipertens\u00e3o arterial acelera o processo de aterosclerose, al\u00e9m de poder levar a uma ruptura de um vaso sang\u00fc\u00edneo ou a uma isquemia.\u00a0<\/span><\/p>\n<p><span style=\"color: #000000; font-family: Verdana; font-size: small;\">b. <u>Doen\u00e7a<\/u> <u>Card\u00edaca<\/u>: qualquer doen\u00e7a card\u00edaca, em especial as que produzem arritmias, podem determinar um AVC.<\/span><\/p>\n<p><span style=\"color: #000000; font-family: Verdana; font-size: small;\">As principais situa\u00e7\u00f5es em q\u00fae isto pode ocorrer s\u00e3o: arritmias, infarto do mioc\u00e1rdio, doen\u00e7a de Chagas, problemas nas v\u00e1lvulas etc<\/span><small><small><span style=\"font-family: Verdana;\">.\u00a0<\/span><\/small><\/small><\/p>\n<p><span style=\"color: #000000; font-family: Verdana; font-size: small;\">c. <u>Colesterol<\/u>: o colesterol \u00e9 uma subst\u00e2ncia existente em todo o nosso corpo, presente nas gorduras animais; \u00e9 produzido principalmente no f\u00edgado e adquirido atrav\u00e9s da dieta rica em gorduras. Seus n\u00edveis alterados, especialmente a eleva\u00e7\u00e3o da fra\u00e7\u00e3o LDL (mau colesterol, presente nas gorduras saturadas, ou seja, aquelas de origem animal, como carnes, gema de ovo etc.) ou a redu\u00e7\u00e3o da fra\u00e7\u00e3o HDL (bom colesterol) est\u00e3o relacionados \u00e0 forma\u00e7\u00e3o das placas de aterosclerose.<\/span><\/p>\n<p><span style=\"color: #000000; font-family: Verdana; font-size: small;\">d. <u>Fumo<\/u>: sempre devemos evit\u00e1-lo; \u00e9 prejudicial \u00e0 sa\u00fade em todos os aspectos, principalmente naquelas pessoas que j\u00e1 t\u00eam outros fatores de risco.Acelera o processo de aterosclerose, torna o sangue mais viscoso (concentrado) ao longo dos anos (aumentando a quantidade de gl\u00f3bulos vermelhos) e aumenta o risco de hipertens\u00e3o arterial.\u00a0<\/span><\/p>\n<p><span style=\"color: #000000; font-family: Verdana; font-size: small;\">e.<u>Uso<\/u> <u>excessivo<\/u> <u>de bebidas alco\u00f3licas:<\/u><\/span><span style=\"color: #000000; font-family: Verdana; font-size: small;\">\u00a0os n\u00edveis de colesterol se elevam; al\u00e9m disso, a pessoa tem maior propens\u00e3o \u00e0 hipertens\u00e3o arterial.<\/span><\/p>\n<p><span style=\"color: #000000; font-family: Verdana; font-size: small;\">f. <span style=\"text-decoration: underline;\">Diabetes Mellitus<\/span><\/span><span style=\"color: #000000; font-family: Verdana; font-size: small;\">: \u00e9 uma doen\u00e7a em que o n\u00edvel de glicose no sangue est\u00e1 elevado. Se um portador desta doen\u00e7a tiver sua glicemia controlada, tem AVC menos grave do que aquele que n\u00e3o o controla.<\/span><\/p>\n<p><span style=\"color: #000000; font-family: Verdana; font-size: small;\">g. <u>Idade<\/u>: quanto mais idosa uma pessoa, maior a sua probabilidade de ter um AVC. Isso n\u00e3o impede que uma pessoa jovem possa ter.<\/span><\/p>\n<p><span style=\"color: #000000; font-family: Verdana; font-size: small;\">h. <u>Sexo<\/u>: at\u00e9 os 51 anos de idade os homens ter maior propens\u00e3o do que as mulheres; depois desta idade, o risco praticamente se iguala.<\/span><\/p>\n<p><span style=\"color: #000000; font-family: Verdana; font-size: small;\">i. <u>Ra\u00e7a<\/u>: \u00e9 mais freq\u00fcente na ra\u00e7a negra.<\/span><\/p>\n<p><span style=\"color: #000000; font-family: Verdana; font-size: small;\">j. <u>Hist\u00f3ria<\/u> <u>de<\/u> <u>doen\u00e7a<\/u> <u>vascular<\/u> <u>anterior<\/u>: pessoas que j\u00e1 tiveram AVC, AIT, infarto do mioc\u00e1rdio ou doen\u00e7a vascular de membros t\u00eam maior probabilidade de apresentar AVC.<\/span><\/p>\n<p><span style=\"color: #000000; font-family: Verdana; font-size: small;\">k. <\/span><span style=\"font-family: Verdana; font-size: small;\"><u>Obesidade<\/u><\/span><span style=\"color: #000000; font-family: Verdana; font-size: small;\">: aumenta o risco de diabetes, de hipertens\u00e3o arterial e de aterosclerose; assim, indiretamente, aumenta o risco de AVC.<\/span><\/p>\n<p><span style=\"color: #000000; font-family: Verdana; font-size: small;\">l. <u>Sangue<\/u> <u>muito<\/u>\u00a0<u>viscoso<\/u>: isso ocorre, por exemplo, quando a pessoa fica desidratada gravemente ou existe um aumento dos <i>gl\u00f3bulos vermelhos. <\/i>Este \u00faltimo ocorre em pessoas que apresentam doen\u00e7as pulmonares cr\u00f4nica, \u00a0ou que vivem em grandes altitudes. Em ambos os casos, o organismo precisa compensar a falta de oxig\u00eanio, aumentando a produ\u00e7\u00e3o dos gl\u00f3bulos vermelhos.\u00a0<\/span><\/p>\n<p><span style=\"color: #000000; font-family: Verdana; font-size: small;\">m. <u>Anticoncepcionais hormonais<\/u>: os mais utilizados s\u00e3o as pilulas, mas o m\u00e9dico deve avaliar cada caso.\u00a0<\/span><\/p>\n<p><u><\/u><span style=\"color: #000000; font-family: Verdana; font-size: small;\">n.<u>Sedentarismo<\/u>: a falta de atividades f\u00edsicas leva \u00e0 obesidade, predispondo ao diabetes, \u00e0 hipertens\u00e3o e o aumento do colesterol.<\/span><\/p>\n<h5><span style=\"color: #333399;\">Exames Complementares<\/span><\/h5>\n<p><span style=\"color: #000000; font-family: Verdana; font-size: small;\">Os exames mais comuns s\u00e3o:<\/span><\/p>\n<ol type=\"a\">\n<li><span style=\"color: #000000; font-family: Verdana; font-size: small;\">exames laboratoriais de sangue, urina, l\u00edquido cefalorraquiano (l\u00edquor)<\/span><\/li>\n<li><span style=\"color: #000000; font-family: Verdana; font-size: small;\">avalia\u00e7\u00e3o card\u00edaca e pulmonar, eletrocardiograma, ecocardiograma, radiografia do t\u00f3rax;<\/span><\/li>\n<li><span style=\"color: #000000; font-family: Verdana; font-size: small;\">exames de imagem do cr\u00e2nio (c\u00e9rebro), tomografia computadorizada, resson\u00e2ncia nuclear magn\u00e9tica, angiografia cerebral;<\/span><\/li>\n<li><span style=\"color: #000000; font-family: Verdana; font-size: small;\">outros exames: ultrassonografia das art\u00e9rias car\u00f3tidas e vertebrais, etc<\/span><\/li>\n<\/ol>\n<h5><span style=\"color: #333399;\">Tratamento<\/span><\/h5>\n<p>Utiliza\u00e7\u00e3o de antiagregantes plaquet\u00e1rios, e quando poss\u00edvel se atendido dentro de 4 horas e meia do in\u00edcio dos sintomas, a prescri\u00e7\u00e3o de utiliza\u00e7\u00e3o de trombol\u00edticos em Unidades de AVC.<\/p>\n<p>Ap\u00f3s fisioterapia, controle das comorbidades e plano de reabilita\u00e7\u00e3o.<\/p>\n<p>O Ambulat\u00f3rio Neurovascular recebe usu\u00e1rios do Departamento Regional de Sa\u00fade IX do Estado de S\u00e3o Paulo.<\/p>\n<div>\n<div id=\"divCP\">\n<p><a href=\"https:\/\/miltonmarchioli.com.br\/blog\/wp-content\/uploads\/avc-face.jpg\"><img loading=\"lazy\" decoding=\"async\" class=\"aligncenter size-full wp-image-7980\" title=\"avc- face\" src=\"https:\/\/miltonmarchioli.com.br\/blog\/wp-content\/uploads\/avc-face.jpg\" alt=\"\" width=\"610\" height=\"225\" srcset=\"https:\/\/miltonmarchioli.com.br\/blog\/wp-content\/uploads\/avc-face.jpg 610w, https:\/\/miltonmarchioli.com.br\/blog\/wp-content\/uploads\/avc-face-300x110.jpg 300w\" sizes=\"auto, (max-width: 610px) 100vw, 610px\" \/><\/a><\/p>\n<\/div>\n<\/div>\n","protected":false},"excerpt":{"rendered":"<p>Semin\u00e1rio apresentando pelos alunos Laura Beatriz Kracker Martucci, Mariana Said Moreira, Paula Consoline Micheletto, Ta\u00eds Albano Hernandes e Vithor Zuccaro Wajsman em est\u00e1gio no Ambulat\u00f3rio Mario Covas-Ambulat\u00f3rio de Cefaleia &#8211; Disciplina Educa\u00e7\u00e3o em Ci\u00eancias da Sa\u00fade- 4\u00baano do curso de medicina da Famema. Introdu\u00e7\u00e3o Conhecido popularmente como &#8220;derrame cerebral&#8221;, o Acidente Vascular Cerebral \u00e9 a &hellip; <a href=\"https:\/\/miltonmarchioli.com.br\/blog\/acidente-vascular-cerebral-principais-fatores-de-risco-seminario-curso-de-medicina-da-famema\/\" class=\"more-link\">Continue lendo <span class=\"screen-reader-text\">Acidente Vascular Cerebral. Principais fatores de risco. Semin\u00e1rio. Curso de Medicina da Famema<\/span> <span class=\"meta-nav\">&rarr;<\/span><\/a><\/p>\n","protected":false},"author":2,"featured_media":0,"comment_status":"open","ping_status":"open","sticky":false,"template":"","format":"standard","meta":{"rop_custom_images_group":[],"rop_custom_messages_group":[],"rop_publish_now":"initial","rop_publish_now_accounts":[],"rop_publish_now_history":[],"rop_publish_now_status":"pending","footnotes":""},"categories":[332,4,9],"tags":[314],"class_list":["post-7970","post","type-post","status-publish","format-standard","hentry","category-educacao","category-neurologia","category-saude-publica","tag-ambulatorio-neurovascular-milton-marchioli-famema"],"_links":{"self":[{"href":"https:\/\/miltonmarchioli.com.br\/blog\/wp-json\/wp\/v2\/posts\/7970","targetHints":{"allow":["GET"]}}],"collection":[{"href":"https:\/\/miltonmarchioli.com.br\/blog\/wp-json\/wp\/v2\/posts"}],"about":[{"href":"https:\/\/miltonmarchioli.com.br\/blog\/wp-json\/wp\/v2\/types\/post"}],"author":[{"embeddable":true,"href":"https:\/\/miltonmarchioli.com.br\/blog\/wp-json\/wp\/v2\/users\/2"}],"replies":[{"embeddable":true,"href":"https:\/\/miltonmarchioli.com.br\/blog\/wp-json\/wp\/v2\/comments?post=7970"}],"version-history":[{"count":16,"href":"https:\/\/miltonmarchioli.com.br\/blog\/wp-json\/wp\/v2\/posts\/7970\/revisions"}],"predecessor-version":[{"id":13781,"href":"https:\/\/miltonmarchioli.com.br\/blog\/wp-json\/wp\/v2\/posts\/7970\/revisions\/13781"}],"wp:attachment":[{"href":"https:\/\/miltonmarchioli.com.br\/blog\/wp-json\/wp\/v2\/media?parent=7970"}],"wp:term":[{"taxonomy":"category","embeddable":true,"href":"https:\/\/miltonmarchioli.com.br\/blog\/wp-json\/wp\/v2\/categories?post=7970"},{"taxonomy":"post_tag","embeddable":true,"href":"https:\/\/miltonmarchioli.com.br\/blog\/wp-json\/wp\/v2\/tags?post=7970"}],"curies":[{"name":"wp","href":"https:\/\/api.w.org\/{rel}","templated":true}]}}