{"id":8001,"date":"2014-09-15T22:22:51","date_gmt":"2014-09-16T01:22:51","guid":{"rendered":"http:\/\/miltonmarchioli.com.br\/blog\/?p=8001"},"modified":"2022-01-28T11:16:18","modified_gmt":"2022-01-28T14:16:18","slug":"acidente-vascular-encefalico-seminario-curso-de-medicina-da-famema-6","status":"publish","type":"post","link":"https:\/\/miltonmarchioli.com.br\/blog\/acidente-vascular-encefalico-seminario-curso-de-medicina-da-famema-6\/","title":{"rendered":"Acidente Vascular Encef\u00e1lico. Semin\u00e1rio. Curso de Medicina da Famema"},"content":{"rendered":"<p><a href=\"https:\/\/miltonmarchioli.com.br\/blog\/wp-content\/uploads\/AVC-PORTUGAL.jpg\"><img loading=\"lazy\" decoding=\"async\" class=\"alignleft wp-image-10996\" src=\"https:\/\/miltonmarchioli.com.br\/blog\/wp-content\/uploads\/AVC-PORTUGAL-284x300.jpg\" alt=\"AVC -PORTUGAL\" width=\"255\" height=\"269\" srcset=\"https:\/\/miltonmarchioli.com.br\/blog\/wp-content\/uploads\/AVC-PORTUGAL-284x300.jpg 284w, https:\/\/miltonmarchioli.com.br\/blog\/wp-content\/uploads\/AVC-PORTUGAL.jpg 364w\" sizes=\"auto, (max-width: 255px) 100vw, 255px\" \/><\/a><a href=\"https:\/\/miltonmarchioli.com.br\/blog\/wp-content\/uploads\/SEMIN\u00c1RIO-AVC-15-09-2014.pdf\">Os alunos Larissa Fernandez Maringolo, \u00a0Lucas Fernando de Melo Lima, Nat\u00e1lia Canevassi dos Santos, \u00a0Renata Alves da Silva e Thiago Luengo Tavares &#8211; do 4\u00ba ano do curso de medicina da Famema &#8211; apresentaram semin\u00e1rio sobre Acidente Vascular Encef\u00e1lico, no qual se discutiu epidemiologia, diagn\u00f3stico por imagem e tratamento cl\u00ednico.<\/a><\/p>\n<h4><span style=\"color: #0000ff;\">Verdades no AVE<\/span><\/h4>\n<p>Press\u00e3o arterial e fumo s\u00e3o fatores de risco independentes\u00a0para AVE, em ambos os sexos.<\/p>\n<p>A associa\u00e7\u00e3o\u00a0entre n\u00edveis press\u00f3ricos e risco de AVE n\u00e3o \u00e9 linear, e a\u00a0press\u00e3o sist\u00f3lica prediz mais AVE que press\u00e3o diast\u00f3lica.<\/p>\n<p>Diabetes mellitus confere um risco relativo para AVE em\u00a0torno de quatro a seis vezes.<\/p>\n<p>A incid\u00eancia de primeiro\u00a0AVE \u00e9 duas vezes maior e mais precoce nos negros que\u00a0brancos e n\u00e3o \u00e9, aparentemente, explicado por classe\u00a0social.<\/p>\n<p>Risco de AVE \u00e9 maior com anticoncepcional\u00a0hormonal (ACO) de alta dosagem que os de baixa.<\/p>\n<p>Hist\u00f3ria pessoal de migr\u00e2nea associa-se com maior risco de AVE isqu\u00eamico.<\/p>\n<p>Mulheres migranosas que usam ACO e fumam apresentaram riscco aumentado de 34,4% para AVE isqu\u00eamico.<\/p>\n<p>At\u00e9 40% dos AVEs nas mulheres migranosas decorrem diretamente de um epis\u00f3dio de enxaqueca.<\/p>\n<p>Manejo dos fatores de risco (hipertens\u00e3o, fumo e hiperglicemia) reduz o risco de AVE.<\/p>\n<p>Mudan\u00e7as nos fatores de risco explicam 71% da queda nos homens e 54%, nas mulheres da mortalidade por AVE.<\/p>\n<p>O Ambulat\u00f3rio Neurovascular recebe encaminhamentos do Departamento Regional de Sa\u00fade IX do Estado de S\u00e3o Paulo.<\/p>\n<p><a href=\"https:\/\/miltonmarchioli.com.br\/blog\/wp-content\/uploads\/AVC-PRESS\u00c3O.jpg\"><img loading=\"lazy\" decoding=\"async\" class=\"aligncenter size-full wp-image-12189\" src=\"https:\/\/miltonmarchioli.com.br\/blog\/wp-content\/uploads\/AVC-PRESS\u00c3O.jpg\" alt=\"AVC- PRESS\u00c3O\" width=\"652\" height=\"489\" srcset=\"https:\/\/miltonmarchioli.com.br\/blog\/wp-content\/uploads\/AVC-PRESS\u00c3O.jpg 652w, https:\/\/miltonmarchioli.com.br\/blog\/wp-content\/uploads\/AVC-PRESS\u00c3O-300x225.jpg 300w\" sizes=\"auto, (max-width: 652px) 100vw, 652px\" \/><\/a><\/p>\n","protected":false},"excerpt":{"rendered":"<p>Os alunos Larissa Fernandez Maringolo, \u00a0Lucas Fernando de Melo Lima, Nat\u00e1lia Canevassi dos Santos, \u00a0Renata Alves da Silva e Thiago Luengo Tavares &#8211; do 4\u00ba ano do curso de medicina da Famema &#8211; apresentaram semin\u00e1rio sobre Acidente Vascular Encef\u00e1lico, no qual se discutiu epidemiologia, diagn\u00f3stico por imagem e tratamento cl\u00ednico. Verdades no AVE Press\u00e3o arterial &hellip; <a href=\"https:\/\/miltonmarchioli.com.br\/blog\/acidente-vascular-encefalico-seminario-curso-de-medicina-da-famema-6\/\" class=\"more-link\">Continue lendo <span class=\"screen-reader-text\">Acidente Vascular Encef\u00e1lico. Semin\u00e1rio. Curso de Medicina da Famema<\/span> <span class=\"meta-nav\">&rarr;<\/span><\/a><\/p>\n","protected":false},"author":2,"featured_media":0,"comment_status":"open","ping_status":"open","sticky":false,"template":"","format":"standard","meta":{"rop_custom_images_group":[],"rop_custom_messages_group":[],"rop_publish_now":"initial","rop_publish_now_accounts":[],"rop_publish_now_history":[],"rop_publish_now_status":"pending","footnotes":""},"categories":[8,332,4,9],"tags":[445],"class_list":["post-8001","post","type-post","status-publish","format-standard","hentry","category-direito-e-saude","category-educacao","category-neurologia","category-saude-publica","tag-ambulatorio-neurovascular-famema"],"_links":{"self":[{"href":"https:\/\/miltonmarchioli.com.br\/blog\/wp-json\/wp\/v2\/posts\/8001","targetHints":{"allow":["GET"]}}],"collection":[{"href":"https:\/\/miltonmarchioli.com.br\/blog\/wp-json\/wp\/v2\/posts"}],"about":[{"href":"https:\/\/miltonmarchioli.com.br\/blog\/wp-json\/wp\/v2\/types\/post"}],"author":[{"embeddable":true,"href":"https:\/\/miltonmarchioli.com.br\/blog\/wp-json\/wp\/v2\/users\/2"}],"replies":[{"embeddable":true,"href":"https:\/\/miltonmarchioli.com.br\/blog\/wp-json\/wp\/v2\/comments?post=8001"}],"version-history":[{"count":11,"href":"https:\/\/miltonmarchioli.com.br\/blog\/wp-json\/wp\/v2\/posts\/8001\/revisions"}],"predecessor-version":[{"id":13767,"href":"https:\/\/miltonmarchioli.com.br\/blog\/wp-json\/wp\/v2\/posts\/8001\/revisions\/13767"}],"wp:attachment":[{"href":"https:\/\/miltonmarchioli.com.br\/blog\/wp-json\/wp\/v2\/media?parent=8001"}],"wp:term":[{"taxonomy":"category","embeddable":true,"href":"https:\/\/miltonmarchioli.com.br\/blog\/wp-json\/wp\/v2\/categories?post=8001"},{"taxonomy":"post_tag","embeddable":true,"href":"https:\/\/miltonmarchioli.com.br\/blog\/wp-json\/wp\/v2\/tags?post=8001"}],"curies":[{"name":"wp","href":"https:\/\/api.w.org\/{rel}","templated":true}]}}