{"id":8039,"date":"2015-02-13T00:12:47","date_gmt":"2015-02-13T02:12:47","guid":{"rendered":"http:\/\/miltonmarchioli.com.br\/blog\/?p=8039"},"modified":"2022-01-29T14:39:02","modified_gmt":"2022-01-29T17:39:02","slug":"governo-de-dilma-rousseff-nao-investe-em-saude-publica-e-educacao","status":"publish","type":"post","link":"https:\/\/miltonmarchioli.com.br\/blog\/governo-de-dilma-rousseff-nao-investe-em-saude-publica-e-educacao\/","title":{"rendered":"Governo de Dilma Rousseff n\u00e3o investe em Sa\u00fade P\u00fablica e Educa\u00e7\u00e3o!"},"content":{"rendered":"<p><a href=\"https:\/\/miltonmarchioli.com.br\/blog\/wp-content\/uploads\/SUS-ESCOLA-HOSPITAL.jpeg\"><img loading=\"lazy\" decoding=\"async\" class=\"alignleft wp-image-8041\" title=\"SUS - ESCOLA HOSPITAL\" src=\"https:\/\/miltonmarchioli.com.br\/blog\/wp-content\/uploads\/SUS-ESCOLA-HOSPITAL.jpeg\" alt=\"\" width=\"253\" height=\"163\" srcset=\"https:\/\/miltonmarchioli.com.br\/blog\/wp-content\/uploads\/SUS-ESCOLA-HOSPITAL.jpeg 489w, https:\/\/miltonmarchioli.com.br\/blog\/wp-content\/uploads\/SUS-ESCOLA-HOSPITAL-300x193.jpg 300w\" sizes=\"auto, (max-width: 253px) 100vw, 253px\" \/><\/a>N\u00e3o bastasse a lama de corrup\u00e7\u00e3o no governo do Brasil, a excelent\u00edssima Presidenta do Brasil (assim que gosta que a chamem) Dilma Rousseff deu uma &#8220;facada nas costas do povo brasileiro&#8221;, ao cortar gastos na sa\u00fade p\u00fablica.<\/p>\n<p>Nada de consultas no SUS e exames complementares.<\/p>\n<p>E olha que foi uma peixeira (o instrumento para cortar peixes) para cortar o or\u00e7amento de 2015 para o SUS.<\/p>\n<p>Cortou 1,9 bilh\u00e3o de reais.<\/p>\n<p>Bem, na educa\u00e7\u00e3o j\u00e1 foram 7 bilh\u00f5es.<\/p>\n<p>E diz aos quatro cantos que \u00e9 um governo que promete inclus\u00e3o social.<\/p>\n<p>E bl\u00e1 bl\u00e1 bl\u00e1,,,<\/p>\n<p>No ano de 2014 foram cortados quase 10 bilh\u00f5es.<\/p>\n<p>Dota\u00e7\u00e3o or\u00e7ament\u00e1ria para o \u00a0ano de 2014 foi de R$ 108,3 bilh\u00f5es, mas gastos apenas R$ \u00a099,2 bilh\u00f5es de reais.<\/p>\n<p>Que esc\u00e2ndalo.<\/p>\n<p>Ali\u00e1s, mais um na agenda pol\u00edtica do governo, imerso em den\u00fancias di\u00e1rias de corrup\u00e7\u00e3o.<\/p>\n<p>Entre 2003 e 2014, governos do PT, havia previs\u00e3o de gastos de R$ 80,5 bilh\u00f5es para se investir no SUS, mas apenas R$ 31,5 bilh\u00f5es foram gastos.<\/p>\n<p>O governo &#8220;economizou&#8221; na Sa\u00fade \u00a0P\u00fablica.<\/p>\n<p>A ordem veio da presidente do Brasil Dilma Rousseff.<\/p>\n<p>Economia de \u00a0R$ 45,2 bilh\u00f5es de reais.<\/p>\n<p>Esse valor economizado daria para construir 110 mil UBS(s), 33 mil unidades de Pronto Atendimento, ou 900 hospitais p\u00fablicos de m\u00e9dio porte.<\/p>\n<p>Pior ainda, \u00e9 que a Lei 12.871\/2013 prev\u00ea que at\u00e9 2018 todas as unidades b\u00e1sicas de sa\u00fade estejam devidamente aparelhadas, e com infraestrutura adequada para atender \u00e0 popula\u00e7\u00e3o.<\/p>\n<p>E por fim, dados da OMS, apontam que o pa\u00eds investe apenas 44, 7% do total dos gastos com Sa\u00fade P\u00fablica, ficando a maior parte com o setor privado (ali\u00e1s t\u00e3o odiado pela Esquerda Rolex).<\/p>\n<p>O \u00a0Setor P\u00fablico gasta US$ 512. Na Inglaterra US$ 3.031.<\/p>\n<p>Nas Am\u00e9ricas \u00a0(Norte, Central e do Sul) US$ 1.726.<\/p>\n<p>Onde est\u00e1 o discurso ufanista da inclus\u00e3o social, e de que faltam m\u00e9dicos no pa\u00eds ?<\/p>\n<p>Discurso eleitoreiro, e sem fundamenta\u00e7\u00e3o t\u00e9cnica.<\/p>\n<p>O Brasil {quase falido] vai mal, e a Sa\u00fade P\u00fablica teve mais um corte de gastos do Poder Executivo.<\/p>\n<p>A Sa\u00fade P\u00fablica do Brasil \u00a0est\u00e1 na UTI: sangrando, respirando por aparelhos e agonizando.<\/p>\n<p>E existe ainda algu\u00e9m que acredita no Programa Mais M\u00e9dicos ?<\/p>\n<p style=\"text-align: center;\"><a href=\"https:\/\/miltonmarchioli.com.br\/blog\/wp-content\/uploads\/SUS-CAOS.jpg\"><img loading=\"lazy\" decoding=\"async\" class=\"aligncenter wp-image-8042\" title=\"SUS - CAOS\" src=\"https:\/\/miltonmarchioli.com.br\/blog\/wp-content\/uploads\/SUS-CAOS.jpg\" alt=\"\" width=\"450\" height=\"454\" srcset=\"https:\/\/miltonmarchioli.com.br\/blog\/wp-content\/uploads\/SUS-CAOS.jpg 500w, https:\/\/miltonmarchioli.com.br\/blog\/wp-content\/uploads\/SUS-CAOS-150x150.jpg 150w, https:\/\/miltonmarchioli.com.br\/blog\/wp-content\/uploads\/SUS-CAOS-297x300.jpg 297w\" sizes=\"auto, (max-width: 450px) 100vw, 450px\" \/><\/a><\/p>\n","protected":false},"excerpt":{"rendered":"<p>N\u00e3o bastasse a lama de corrup\u00e7\u00e3o no governo do Brasil, a excelent\u00edssima Presidenta do Brasil (assim que gosta que a chamem) Dilma Rousseff deu uma &#8220;facada nas costas do povo brasileiro&#8221;, ao cortar gastos na sa\u00fade p\u00fablica. Nada de consultas no SUS e exames complementares. E olha que foi uma peixeira (o instrumento para cortar &hellip; <a href=\"https:\/\/miltonmarchioli.com.br\/blog\/governo-de-dilma-rousseff-nao-investe-em-saude-publica-e-educacao\/\" class=\"more-link\">Continue lendo <span class=\"screen-reader-text\">Governo de Dilma Rousseff n\u00e3o investe em Sa\u00fade P\u00fablica e Educa\u00e7\u00e3o!<\/span> <span class=\"meta-nav\">&rarr;<\/span><\/a><\/p>\n","protected":false},"author":2,"featured_media":0,"comment_status":"open","ping_status":"open","sticky":false,"template":"","format":"standard","meta":{"rop_custom_images_group":[],"rop_custom_messages_group":[],"rop_publish_now":"initial","rop_publish_now_accounts":[],"rop_publish_now_history":[],"rop_publish_now_status":"pending","footnotes":""},"categories":[8,13,9],"tags":[1270,1269,1271],"class_list":["post-8039","post","type-post","status-publish","format-standard","hentry","category-direito-e-saude","category-opiniao","category-saude-publica","tag-corte-de-gastos-na-educacao","tag-corte-de-gastos-na-saude-publica","tag-dilma-rousseff-presidenta-do-brasil"],"_links":{"self":[{"href":"https:\/\/miltonmarchioli.com.br\/blog\/wp-json\/wp\/v2\/posts\/8039","targetHints":{"allow":["GET"]}}],"collection":[{"href":"https:\/\/miltonmarchioli.com.br\/blog\/wp-json\/wp\/v2\/posts"}],"about":[{"href":"https:\/\/miltonmarchioli.com.br\/blog\/wp-json\/wp\/v2\/types\/post"}],"author":[{"embeddable":true,"href":"https:\/\/miltonmarchioli.com.br\/blog\/wp-json\/wp\/v2\/users\/2"}],"replies":[{"embeddable":true,"href":"https:\/\/miltonmarchioli.com.br\/blog\/wp-json\/wp\/v2\/comments?post=8039"}],"version-history":[{"count":22,"href":"https:\/\/miltonmarchioli.com.br\/blog\/wp-json\/wp\/v2\/posts\/8039\/revisions"}],"predecessor-version":[{"id":13786,"href":"https:\/\/miltonmarchioli.com.br\/blog\/wp-json\/wp\/v2\/posts\/8039\/revisions\/13786"}],"wp:attachment":[{"href":"https:\/\/miltonmarchioli.com.br\/blog\/wp-json\/wp\/v2\/media?parent=8039"}],"wp:term":[{"taxonomy":"category","embeddable":true,"href":"https:\/\/miltonmarchioli.com.br\/blog\/wp-json\/wp\/v2\/categories?post=8039"},{"taxonomy":"post_tag","embeddable":true,"href":"https:\/\/miltonmarchioli.com.br\/blog\/wp-json\/wp\/v2\/tags?post=8039"}],"curies":[{"name":"wp","href":"https:\/\/api.w.org\/{rel}","templated":true}]}}