{"id":8240,"date":"2015-03-22T15:06:08","date_gmt":"2015-03-22T18:06:08","guid":{"rendered":"http:\/\/miltonmarchioli.com.br\/blog\/?p=8240"},"modified":"2022-01-31T11:45:30","modified_gmt":"2022-01-31T14:45:30","slug":"cfm-exige-apuracao-das-denuncias-contra-o-programa-mais-medico","status":"publish","type":"post","link":"https:\/\/miltonmarchioli.com.br\/blog\/cfm-exige-apuracao-das-denuncias-contra-o-programa-mais-medico\/","title":{"rendered":"CFM exige apura\u00e7\u00e3o das den\u00fancias contra o Programa Mais M\u00e9dicos"},"content":{"rendered":"<p><a href=\"https:\/\/miltonmarchioli.com.br\/blog\/wp-content\/uploads\/cfm.jpg\"><img loading=\"lazy\" decoding=\"async\" class=\"alignleft size-medium wp-image-8242\" title=\"cfm\" src=\"https:\/\/miltonmarchioli.com.br\/blog\/wp-content\/uploads\/cfm-300x180.jpg\" alt=\"\" width=\"300\" height=\"180\" srcset=\"https:\/\/miltonmarchioli.com.br\/blog\/wp-content\/uploads\/cfm-300x180.jpg 300w, https:\/\/miltonmarchioli.com.br\/blog\/wp-content\/uploads\/cfm.jpg 1024w\" sizes=\"auto, (max-width: 300px) 100vw, 300px\" \/><\/a>Diante de grave den\u00fancia de irregularidade na concep\u00e7\u00e3o do Programa Mais M\u00e9dicos que, de acordo com reportagem veiculada pelo Jornal da Band \u00a0no dia 17 de mar\u00e7o, teria sido manipulado pelo Governo brasileiro para beneficiar Cuba, o Conselho Federal de Medicina (CFM) cobra a apura\u00e7\u00e3o urgente e rigorosa dos ind\u00edcios \u00a0apresentados pela imprensa por parte dos \u00f3rg\u00e3os de fiscaliza\u00e7\u00e3o e controle, como Minist\u00e9rio P\u00fablico, Tribunal de Contas da Uni\u00e3o (TCU) e Congresso Nacional.<\/p>\n<p>A \u00edntegra das grava\u00e7\u00f5es feitas em reuni\u00f5es com a participa\u00e7\u00e3o de t\u00e9cnicos do Minist\u00e9rio da Sa\u00fade e da Organiza\u00e7\u00e3o Pan-americana de Sa\u00fade (Opas), cujos trechos foram reproduzidos na reportagem, bem como todos os documentos e informa\u00e7\u00f5es citados merecem an\u00e1lise detalhada a fim de esclarecer os fatos,\u00a0punir os respons\u00e1veis e corrigir as distor\u00e7\u00f5es existentes, caso sejam confirmados abusos,<\/p>\n<p>O CFM reafirmou sua posi\u00e7\u00e3o cr\u00edtica com respeito ao Programa Mais M\u00e9dicos \u2013 manifestada desde seu an\u00fancio &#8211; por entender que se tratava de iniciativa com evidente inten\u00e7\u00e3o pol\u00edtica, visando o \u00eaxito eleitoral em curto prazo e em detrimento de leg\u00edtimos e relevantes interesses sociais.<\/p>\n<p>Ressalte-se que tamb\u00e9m merece aten\u00e7\u00e3o dos \u00f3rg\u00e3os de controle resultado de auditoria do TCU, divulgada recentemente, que sublinha a fragilidade do Programa Mais M\u00e9dicos em sua condu\u00e7\u00e3o.<\/p>\n<p>As falhas &#8211; apontadas a partir de dados coletados entre julho de 2013 e mar\u00e7o de 2014 \u2013 s\u00e3o estruturais e colocam em risco \u00e0 vida e \u00a0\u00e0 sa\u00fade dos pacientes e indicam o mau uso do dinheiro p\u00fablico.<\/p>\n<p>Entre os problemas listados pelo TCU constam: os equ\u00edvocos no sistema de supervis\u00e3o e tutoria da iniciativa, que, no per\u00edodo avaliado, permitia distor\u00e7\u00f5es na pr\u00e1tica; o despreparo dos portadores de diplomas de medicina obtidos no exterior para atender a popula\u00e7\u00e3o; o impacto limitado e negativo do Programa que, segundo mostra o TCU, em 49% dos primeiros munic\u00edpios inseridos teve o total de m\u00e9dicos diminu\u00eddo e em outros 25% o volume de consultas reduzido.<\/p>\n<p>Os resultados dessa auditoria confirmam que a solu\u00e7\u00e3o para os dilemas da assist\u00eancia \u00e0 sa\u00fade no Brasil n\u00e3o passa pela importa\u00e7\u00e3o de m\u00e9dicos com diplomas obtidos no exterior sem revalida\u00e7\u00e3o e nem pela forma\u00e7\u00e3o em massa de profissionais em escolas de medicina com estrutura prec\u00e1ria.<\/p>\n<p>Para o CFM, a Sa\u00fade exige a ado\u00e7\u00e3o de medidas respons\u00e1veis e de efeito duradouro, como: a cria\u00e7\u00e3o de Carreira de Estado no Sistema \u00danico de Sa\u00fade (SUS) e a oferta de boas condi\u00e7\u00f5es de trabalho para os profissionais da \u00e1rea; o aumento da participa\u00e7\u00e3o p\u00fablica (por meio da Uni\u00e3o, Estados e Munic\u00edpios) para pelo menos 70% das despesas sanit\u00e1rias totais no Pa\u00eds; e o aperfei\u00e7oamento da gest\u00e3o, com eficazes planejamento, controle e avalia\u00e7\u00e3o.<\/p>\n<p>A demora em atender essa agenda m\u00ednima coloca a imensa maioria dos brasileiros dependentes do SUS em situa\u00e7\u00e3o de vulnerabilidade, expondo-os a situa\u00e7\u00f5es degradantes que podem lhes custar a vida e o bem-estar, pois, conforme demonstram os dados do TCU, esses munic\u00edpios s\u00e3o obrigados a conviver com menos m\u00e9dicos e menos Sa\u00fade P\u00fablica.<\/p>\n<p>Em defesa do Conselho Federal de Medicina!<\/p>\n<p><a href=\"https:\/\/miltonmarchioli.com.br\/blog\/wp-content\/uploads\/mais-medicos.jpg\"><img loading=\"lazy\" decoding=\"async\" class=\"aligncenter size-full wp-image-8243\" title=\"mais medicos\" src=\"https:\/\/miltonmarchioli.com.br\/blog\/wp-content\/uploads\/mais-medicos.jpg\" alt=\"\" width=\"620\" height=\"413\" srcset=\"https:\/\/miltonmarchioli.com.br\/blog\/wp-content\/uploads\/mais-medicos.jpg 620w, https:\/\/miltonmarchioli.com.br\/blog\/wp-content\/uploads\/mais-medicos-300x200.jpg 300w\" sizes=\"auto, (max-width: 620px) 100vw, 620px\" \/><\/a><\/p>\n","protected":false},"excerpt":{"rendered":"<p>Diante de grave den\u00fancia de irregularidade na concep\u00e7\u00e3o do Programa Mais M\u00e9dicos que, de acordo com reportagem veiculada pelo Jornal da Band \u00a0no dia 17 de mar\u00e7o, teria sido manipulado pelo Governo brasileiro para beneficiar Cuba, o Conselho Federal de Medicina (CFM) cobra a apura\u00e7\u00e3o urgente e rigorosa dos ind\u00edcios \u00a0apresentados pela imprensa por parte &hellip; <a href=\"https:\/\/miltonmarchioli.com.br\/blog\/cfm-exige-apuracao-das-denuncias-contra-o-programa-mais-medico\/\" class=\"more-link\">Continue lendo <span class=\"screen-reader-text\">CFM exige apura\u00e7\u00e3o das den\u00fancias contra o Programa Mais M\u00e9dicos<\/span> <span class=\"meta-nav\">&rarr;<\/span><\/a><\/p>\n","protected":false},"author":2,"featured_media":0,"comment_status":"open","ping_status":"open","sticky":false,"template":"","format":"standard","meta":{"rop_custom_images_group":[],"rop_custom_messages_group":[],"rop_publish_now":"initial","rop_publish_now_accounts":[],"rop_publish_now_history":[],"rop_publish_now_status":"pending","footnotes":""},"categories":[8,332,366,9],"tags":[426,533],"class_list":["post-8240","post","type-post","status-publish","format-standard","hentry","category-direito-e-saude","category-educacao","category-politica","category-saude-publica","tag-conselho-federal-de-meidicna","tag-programa-mais-medicos"],"_links":{"self":[{"href":"https:\/\/miltonmarchioli.com.br\/blog\/wp-json\/wp\/v2\/posts\/8240","targetHints":{"allow":["GET"]}}],"collection":[{"href":"https:\/\/miltonmarchioli.com.br\/blog\/wp-json\/wp\/v2\/posts"}],"about":[{"href":"https:\/\/miltonmarchioli.com.br\/blog\/wp-json\/wp\/v2\/types\/post"}],"author":[{"embeddable":true,"href":"https:\/\/miltonmarchioli.com.br\/blog\/wp-json\/wp\/v2\/users\/2"}],"replies":[{"embeddable":true,"href":"https:\/\/miltonmarchioli.com.br\/blog\/wp-json\/wp\/v2\/comments?post=8240"}],"version-history":[{"count":7,"href":"https:\/\/miltonmarchioli.com.br\/blog\/wp-json\/wp\/v2\/posts\/8240\/revisions"}],"predecessor-version":[{"id":12212,"href":"https:\/\/miltonmarchioli.com.br\/blog\/wp-json\/wp\/v2\/posts\/8240\/revisions\/12212"}],"wp:attachment":[{"href":"https:\/\/miltonmarchioli.com.br\/blog\/wp-json\/wp\/v2\/media?parent=8240"}],"wp:term":[{"taxonomy":"category","embeddable":true,"href":"https:\/\/miltonmarchioli.com.br\/blog\/wp-json\/wp\/v2\/categories?post=8240"},{"taxonomy":"post_tag","embeddable":true,"href":"https:\/\/miltonmarchioli.com.br\/blog\/wp-json\/wp\/v2\/tags?post=8240"}],"curies":[{"name":"wp","href":"https:\/\/api.w.org\/{rel}","templated":true}]}}