{"id":833,"date":"2011-10-06T22:39:38","date_gmt":"2011-10-06T22:39:38","guid":{"rendered":"http:\/\/miltonmarchioli.com.br\/blog\/?p=833"},"modified":"2022-01-03T11:43:26","modified_gmt":"2022-01-03T14:43:26","slug":"marcha-dos-alunos-da-medicina-da-famema-pelas-ruas-de-marilia-por-melhorias-no-ensino","status":"publish","type":"post","link":"https:\/\/miltonmarchioli.com.br\/blog\/marcha-dos-alunos-da-medicina-da-famema-pelas-ruas-de-marilia-por-melhorias-no-ensino\/","title":{"rendered":"Marcha dos alunos da medicina da Famema pelas ruas de Mar\u00edlia por melhorias no ensino"},"content":{"rendered":"<p><a href=\"https:\/\/miltonmarchioli.com.br\/blog\/wp-content\/uploads\/famema-passeata-2-300x2251.jpg\"><img loading=\"lazy\" decoding=\"async\" class=\"alignleft wp-image-9395\" src=\"https:\/\/miltonmarchioli.com.br\/blog\/wp-content\/uploads\/famema-passeata-2-300x2251.jpg\" alt=\"famema-passeata-2-300x225\" width=\"242\" height=\"181\" \/><\/a>Na manh\u00e3 de hoje os alunos da medicina n\u00e3o satisfeitos com a in\u00e9rcia da Coordenadoria do Curso de Medicina, que insiste em manter o &#8220;PBL made in Brasil&#8221; a todo e qualquer custo, e ainda serem supervisionados por profissionais de sa\u00fade da rede b\u00e1sica, que sequer fizeram Resid\u00eancia M\u00e9dica, mas que agora passaram a ser os &#8220;professores colaboradores&#8221;, provocou uma marcha pelas ruas da cidade de Mar\u00edlia contra a metodologia implementada na institui\u00e7\u00e3o<\/p>\n<p>Vale lembrar que n\u00e3o h\u00e1 aulas de anatomia, fisiologia,\u00a0 bioqu\u00edmica, parasitologia, patologia, enfim, \u00a0nada de disciplinas das cadeiras b\u00e1sicas.<\/p>\n<p>Um detalhe que n\u00e3o pode passar despercebido \u00e9 \u00a0que h\u00e1 somente uma\u00a0 professora e anatomia para os 480 alunos da medicina e 160 da enfermagem.<\/p>\n<p>Somente para tirar d\u00favidas&#8230;<\/p>\n<p>Nada de aulas&#8230;<\/p>\n<p>N\u00e3o h\u00e1 aulas pr\u00e1ticas de fisiologia, atividades em laborat\u00f3rios, aulas de patologia macrosc\u00f3pica e estudo de l\u00e2minas evidenciando as les\u00f5es histol\u00f3gicas que acometem os v\u00e1rios tecidos do corpo.<\/p>\n<p>Como formar alunos de medicina\u00a0sem disciplinas b\u00e1sicas ?<a href=\"https:\/\/miltonmarchioli.com.br\/blog\/wp-content\/uploads\/famema-passeata-1-300x2251.jpg\"><img loading=\"lazy\" decoding=\"async\" class=\"alignright wp-image-9397\" src=\"https:\/\/miltonmarchioli.com.br\/blog\/wp-content\/uploads\/famema-passeata-1-300x2251.jpg\" alt=\"famema-passeata-1-300x225\" width=\"252\" height=\"189\" \/><\/a><\/p>\n<p>Movimento leg\u00edtimo, pois as faculdades que adotaram a aprendizagem baseada em problemas, tais como UEL (Londrina) e PUC (Campinas), adotaram-na ap\u00f3s os ciclos b\u00e1sicos na pedagogia tradicional, ou modelo h\u00edbrido (PBL + pedagogia de transmiss\u00e3o).<\/p>\n<p>Entendo que fazer um Teste de Progresso, sem ter aulas na institui\u00e7\u00e3o, \u00e9 no m\u00ednimo paradoxal, pois os alunos\u00a0 n\u00e3o receberam tal conhecimento da institui\u00e7\u00e3o.<\/p>\n<p>\u00c9 l\u00f3gico,\u00a0ent\u00e3o, o movimento\u00a0 dos alunos&#8230;<\/p>\n<p>A USP, UNICAMP, UNESP n\u00e3o adotaram esse modelo de ensino nos cursos de medicina, \u00a0e s\u00e3o muito bem conceituadas tanto no Enade [ainda que a USP n\u00e3o fa\u00e7a o Enade] como na avalia\u00e7\u00e3o do Guia do Estudante.<\/p>\n<p>Ali\u00e1s todas 5 estrelas.<\/p>\n<p>E a Famema\u00a03 estrelas.<\/p>\n<p>Os alunos esperam posi\u00e7\u00e3o da Coordenadoria do Curso de Medicina da Famema.<\/p>\n<p>O maior movimento por lutas nas mudan\u00e7a de pedagogia est\u00e1 ocorrendo na institui\u00e7\u00e3o em 2011.<\/p>\n<p><a title=\"MARCHA DOS ALUNOS 2011\" href=\"http:\/\/www.estadao.com.br\/noticias\/vidae,com-protesto-em-marilia-estudantes-conseguem-parte-das-reivindicacoes,782486,0.htm\">O jornal &#8211; O Estado de S\u00e3o Paulo &#8211;\u00a0 assim publicou\u00a0 a marcha dos alunos !<\/a><\/p>\n<p style=\"text-align: center;\"><a href=\"https:\/\/miltonmarchioli.com.br\/blog\/wp-content\/uploads\/famema-passeata-38.jpg\"><img loading=\"lazy\" decoding=\"async\" class=\"aligncenter wp-image-4066\" title=\"famema - passeata 3\" src=\"https:\/\/miltonmarchioli.com.br\/blog\/wp-content\/uploads\/famema-passeata-38-300x225.jpg\" alt=\"\" width=\"393\" height=\"295\" srcset=\"https:\/\/miltonmarchioli.com.br\/blog\/wp-content\/uploads\/famema-passeata-38-300x225.jpg 300w, https:\/\/miltonmarchioli.com.br\/blog\/wp-content\/uploads\/famema-passeata-38-1024x768.jpg 1024w\" sizes=\"auto, (max-width: 393px) 100vw, 393px\" \/><\/a>&#8220;S\u00e3o a for\u00e7a e a liberdade que fazem os homens virtuosos.\u00a0\u00a0\u00a0\u00a0\u00a0\u00a0\u00a0\u00a0\u00a0\u00a0\u00a0\u00a0\u00a0\u00a0\u00a0\u00a0\u00a0\u00a0\u00a0\u00a0\u00a0\u00a0 A fraqueza e a escravid\u00e3o nunca fizeram nada al\u00e9m de pessoas m\u00e1s&#8221;.<\/p>\n<p style=\"text-align: center;\">Jean Jacques Rousseau<\/p>\n","protected":false},"excerpt":{"rendered":"<p>Na manh\u00e3 de hoje os alunos da medicina n\u00e3o satisfeitos com a in\u00e9rcia da Coordenadoria do Curso de Medicina, que insiste em manter o &#8220;PBL made in Brasil&#8221; a todo e qualquer custo, e ainda serem supervisionados por profissionais de sa\u00fade da rede b\u00e1sica, que sequer fizeram Resid\u00eancia M\u00e9dica, mas que agora passaram a ser &hellip; <a href=\"https:\/\/miltonmarchioli.com.br\/blog\/marcha-dos-alunos-da-medicina-da-famema-pelas-ruas-de-marilia-por-melhorias-no-ensino\/\" class=\"more-link\">Continue lendo <span class=\"screen-reader-text\">Marcha dos alunos da medicina da Famema pelas ruas de Mar\u00edlia por melhorias no ensino<\/span> <span class=\"meta-nav\">&rarr;<\/span><\/a><\/p>\n","protected":false},"author":2,"featured_media":0,"comment_status":"open","ping_status":"open","sticky":false,"template":"","format":"standard","meta":{"rop_custom_images_group":[],"rop_custom_messages_group":[],"rop_publish_now":"initial","rop_publish_now_accounts":[],"rop_publish_now_history":[],"rop_publish_now_status":"pending","footnotes":""},"categories":[8,332,13,9],"tags":[1187,1188],"class_list":["post-833","post","type-post","status-publish","format-standard","hentry","category-direito-e-saude","category-educacao","category-opiniao","category-saude-publica","tag-crise-no-modelo-de-ensino-pbl-famema","tag-marcha-dos-alunos-pelas-ruas-de-marilia"],"_links":{"self":[{"href":"https:\/\/miltonmarchioli.com.br\/blog\/wp-json\/wp\/v2\/posts\/833","targetHints":{"allow":["GET"]}}],"collection":[{"href":"https:\/\/miltonmarchioli.com.br\/blog\/wp-json\/wp\/v2\/posts"}],"about":[{"href":"https:\/\/miltonmarchioli.com.br\/blog\/wp-json\/wp\/v2\/types\/post"}],"author":[{"embeddable":true,"href":"https:\/\/miltonmarchioli.com.br\/blog\/wp-json\/wp\/v2\/users\/2"}],"replies":[{"embeddable":true,"href":"https:\/\/miltonmarchioli.com.br\/blog\/wp-json\/wp\/v2\/comments?post=833"}],"version-history":[{"count":24,"href":"https:\/\/miltonmarchioli.com.br\/blog\/wp-json\/wp\/v2\/posts\/833\/revisions"}],"predecessor-version":[{"id":13418,"href":"https:\/\/miltonmarchioli.com.br\/blog\/wp-json\/wp\/v2\/posts\/833\/revisions\/13418"}],"wp:attachment":[{"href":"https:\/\/miltonmarchioli.com.br\/blog\/wp-json\/wp\/v2\/media?parent=833"}],"wp:term":[{"taxonomy":"category","embeddable":true,"href":"https:\/\/miltonmarchioli.com.br\/blog\/wp-json\/wp\/v2\/categories?post=833"},{"taxonomy":"post_tag","embeddable":true,"href":"https:\/\/miltonmarchioli.com.br\/blog\/wp-json\/wp\/v2\/tags?post=833"}],"curies":[{"name":"wp","href":"https:\/\/api.w.org\/{rel}","templated":true}]}}