{"id":846,"date":"2011-10-07T11:32:40","date_gmt":"2011-10-07T11:32:40","guid":{"rendered":"http:\/\/miltonmarchioli.com.br\/blog\/?p=846"},"modified":"2022-01-03T11:45:28","modified_gmt":"2022-01-03T14:45:28","slug":"reuniao-de-integracao-abdomen-agudo-na-infancia","status":"publish","type":"post","link":"https:\/\/miltonmarchioli.com.br\/blog\/reuniao-de-integracao-abdomen-agudo-na-infancia\/","title":{"rendered":"Reuni\u00e3o de Integra\u00e7\u00e3o Cl\u00ednica &#8211; Abd\u00f4men Agudo na Inf\u00e2ncia"},"content":{"rendered":"<p><a href=\"https:\/\/miltonmarchioli.com.br\/blog\/wp-content\/uploads\/duvida-3.jpg\"><img loading=\"lazy\" decoding=\"async\" class=\"alignleft size-full wp-image-10287\" src=\"https:\/\/miltonmarchioli.com.br\/blog\/wp-content\/uploads\/duvida-3.jpg\" alt=\"duvida 3\" width=\"256\" height=\"197\" \/><\/a><a href=\"https:\/\/miltonmarchioli.com.br\/blog\/wp-content\/uploads\/Abdome-Agudo-Inflamat\u00f3rio-na-Infancia-Dr-Freitas-05-10-2011.pdf\">No dia 05 desse m\u00eas de outubro \u00a0aconteceu nas depend\u00eancias na\u00a0 Faculdade de Medicina de Mar\u00edlia a Reuni\u00e3o de Integra\u00e7\u00e3o Cl\u00ednica, a qual \u00e9 coordenada pelo Prof. Dr. Daher Sabbag Filho, docente de Gen\u00e9tica Cl\u00ednica da Famema, com a presen\u00e7a do professor Jos\u00e9\u00a0 de Freitas Guimar\u00e3es Neto, docente da disciplina de cirurgia pedi\u00e1trica, \u00a0que abordou o tema &#8211; Abd\u00f4men Agudo na Inf\u00e2ncia.<\/a><\/p>\n<p>O semin\u00e1rio dedica-se de forma profunda na descri\u00e7\u00e3o das mais variadas etiologias do abdome agudo ao longo de toda a inf\u00e2ncia, com a respectiva \u00eanfase a respeito da metodologia diagn\u00f3stica e das propostas terap\u00eauticas cir\u00fargicas pertinentes, discriminando de maneira extremamente did\u00e1tica as diferentes faixas et\u00e1rias que constituem o ramo de abrang\u00eancia da pediatria, a saber: per\u00edodo neonatal e de lactente, pr\u00e9-escolar e escolar.<\/p>\n<p>O Abdome Agudo \u00e9 uma entidade patol\u00f3gica que caracteriza-se por dor abdominal de instala\u00e7\u00e3o s\u00fabita, v\u00f4mitos e parada de elimina\u00e7\u00e3o de fezes, acompanhados muitas vezes por distens\u00e3o abdominal e pode ser classificado como: obstrutivo, perfurativo, hemorr\u00e1gico e inflamat\u00f3rio.<\/p>\n<p>O Abdome Agudo Obstrutivo cursa com os seguintes sintomas e sinais: c\u00f3licas, v\u00f4mitos (mais precoces quanto mais alta a obstru\u00e7\u00e3o, v\u00f4mitos fecal\u00f3ides e biliosos s\u00e3o tardios), parada de elimina\u00e7\u00e3o de gases e fezes, massa tumoral palp\u00e1vel no local da obstru\u00e7\u00e3o, distens\u00e3o abdominal e peristaltismo vis\u00edvel e radiologicamente observa-se distens\u00e3o com diferen\u00e7a no calibre das al\u00e7as e n\u00edvel hidroa\u00e9reo.<\/p>\n<p>O Abdome Agudo Perfurativo apresenta-se com dor\u00a0 e distens\u00e3o abdominal aguda, sinais de irrita\u00e7\u00e3o peritoneal e v\u00f4mitos e \u00e0 radiologia visualiza-se, na maioria das vezes, pneumoperit\u00f4neo.<\/p>\n<p>O Abdome Agudo Hemorr\u00e1gico manifesta-se por dor abdominal aguda, sinais de irrita\u00e7\u00e3o peritoneal, sinais de choque perif\u00e9rico, eventualmente, ali\u00e1s, na maioria das vezes, hist\u00f3ria pr\u00e9via de trauma e na radiografia,\u00a0 sinais de l\u00edquido na cavidade abdominal.<\/p>\n<p>O Abdome Agudo Inflamat\u00f3rio caracteriza-se por dor abdominal de car\u00e1ter progressivo, febre, v\u00f4mitos, parada de elimina\u00e7\u00e3o fecal e sinais de irrita\u00e7\u00e3o peritoneal e \u00e0 Radiologia, distens\u00e3o de al\u00e7as intestinais com n\u00edveis hidroa\u00e9reos.<\/p>\n<p><a href=\"https:\/\/miltonmarchioli.com.br\/blog\/wp-content\/uploads\/caso-clinico-6.jpg\"><img loading=\"lazy\" decoding=\"async\" class=\"alignleft size-full wp-image-10285\" src=\"https:\/\/miltonmarchioli.com.br\/blog\/wp-content\/uploads\/caso-clinico-6.jpg\" alt=\"caso clinico 6\" width=\"448\" height=\"336\" srcset=\"https:\/\/miltonmarchioli.com.br\/blog\/wp-content\/uploads\/caso-clinico-6.jpg 448w, https:\/\/miltonmarchioli.com.br\/blog\/wp-content\/uploads\/caso-clinico-6-300x225.jpg 300w\" sizes=\"auto, (max-width: 448px) 100vw, 448px\" \/><\/a><\/p>\n<p>&nbsp;<\/p>\n<p>&nbsp;<\/p>\n","protected":false},"excerpt":{"rendered":"<p>No dia 05 desse m\u00eas de outubro \u00a0aconteceu nas depend\u00eancias na\u00a0 Faculdade de Medicina de Mar\u00edlia a Reuni\u00e3o de Integra\u00e7\u00e3o Cl\u00ednica, a qual \u00e9 coordenada pelo Prof. Dr. Daher Sabbag Filho, docente de Gen\u00e9tica Cl\u00ednica da Famema, com a presen\u00e7a do professor Jos\u00e9\u00a0 de Freitas Guimar\u00e3es Neto, docente da disciplina de cirurgia pedi\u00e1trica, \u00a0que abordou &hellip; <a href=\"https:\/\/miltonmarchioli.com.br\/blog\/reuniao-de-integracao-abdomen-agudo-na-infancia\/\" class=\"more-link\">Continue lendo <span class=\"screen-reader-text\">Reuni\u00e3o de Integra\u00e7\u00e3o Cl\u00ednica &#8211; Abd\u00f4men Agudo na Inf\u00e2ncia<\/span> <span class=\"meta-nav\">&rarr;<\/span><\/a><\/p>\n","protected":false},"author":2,"featured_media":0,"comment_status":"open","ping_status":"open","sticky":false,"template":"","format":"standard","meta":{"rop_custom_images_group":[],"rop_custom_messages_group":[],"rop_publish_now":"initial","rop_publish_now_accounts":[],"rop_publish_now_history":[],"rop_publish_now_status":"pending","footnotes":""},"categories":[73,332,13,9],"tags":[668],"class_list":["post-846","post","type-post","status-publish","format-standard","hentry","category-cirurgia-infantil","category-educacao","category-opiniao","category-saude-publica","tag-reuniao-de-integracao-clinica-famema"],"_links":{"self":[{"href":"https:\/\/miltonmarchioli.com.br\/blog\/wp-json\/wp\/v2\/posts\/846","targetHints":{"allow":["GET"]}}],"collection":[{"href":"https:\/\/miltonmarchioli.com.br\/blog\/wp-json\/wp\/v2\/posts"}],"about":[{"href":"https:\/\/miltonmarchioli.com.br\/blog\/wp-json\/wp\/v2\/types\/post"}],"author":[{"embeddable":true,"href":"https:\/\/miltonmarchioli.com.br\/blog\/wp-json\/wp\/v2\/users\/2"}],"replies":[{"embeddable":true,"href":"https:\/\/miltonmarchioli.com.br\/blog\/wp-json\/wp\/v2\/comments?post=846"}],"version-history":[{"count":11,"href":"https:\/\/miltonmarchioli.com.br\/blog\/wp-json\/wp\/v2\/posts\/846\/revisions"}],"predecessor-version":[{"id":12800,"href":"https:\/\/miltonmarchioli.com.br\/blog\/wp-json\/wp\/v2\/posts\/846\/revisions\/12800"}],"wp:attachment":[{"href":"https:\/\/miltonmarchioli.com.br\/blog\/wp-json\/wp\/v2\/media?parent=846"}],"wp:term":[{"taxonomy":"category","embeddable":true,"href":"https:\/\/miltonmarchioli.com.br\/blog\/wp-json\/wp\/v2\/categories?post=846"},{"taxonomy":"post_tag","embeddable":true,"href":"https:\/\/miltonmarchioli.com.br\/blog\/wp-json\/wp\/v2\/tags?post=846"}],"curies":[{"name":"wp","href":"https:\/\/api.w.org\/{rel}","templated":true}]}}