{"id":8579,"date":"2015-05-01T18:43:01","date_gmt":"2015-05-01T21:43:01","guid":{"rendered":"http:\/\/miltonmarchioli.com.br\/blog\/?p=8579"},"modified":"2022-02-03T10:47:31","modified_gmt":"2022-02-03T13:47:31","slug":"protesto-do-diretorio-academico-christiano-altenfelder-pauta-e-extensa-saude-pesquisa-e-ensino","status":"publish","type":"post","link":"https:\/\/miltonmarchioli.com.br\/blog\/protesto-do-diretorio-academico-christiano-altenfelder-pauta-e-extensa-saude-pesquisa-e-ensino\/","title":{"rendered":"Protesto do Diret\u00f3rio Acad\u00eamico Christiano Altenfelder. Pauta \u00e9 extensa: sa\u00fade, pesquisa, e ensino"},"content":{"rendered":"<p><img loading=\"lazy\" decoding=\"async\" class=\"alignleft wp-image-8585\" title=\"daca 29-04-2015 giro 8\" src=\"https:\/\/miltonmarchioli.com.br\/blog\/wp-content\/uploads\/daca-29-04-2015-giro-8-300x183.jpg\" alt=\"\" width=\"285\" height=\"174\" srcset=\"https:\/\/miltonmarchioli.com.br\/blog\/wp-content\/uploads\/daca-29-04-2015-giro-8-300x183.jpg 300w, https:\/\/miltonmarchioli.com.br\/blog\/wp-content\/uploads\/daca-29-04-2015-giro-8-1024x627.jpg 1024w, https:\/\/miltonmarchioli.com.br\/blog\/wp-content\/uploads\/daca-29-04-2015-giro-8.jpg 1181w\" sizes=\"auto, (max-width: 285px) 100vw, 285px\" \/>No dia 29 do m\u00eas de abril houve um importante manifesto dos alunos do Diret\u00f3rio Acad\u00eamico Christiano Altenfelder (DACA)-Faculdade de Medicina de Mar\u00edlia &#8211; em busca de melhorias da sa\u00fade p\u00fablica, educa\u00e7\u00e3o e pesquisa.<\/p>\n<p>A paralisa\u00e7\u00e3o durou cerca de quatro horas e aconteceu na frente das instala\u00e7\u00f5es da sede administrativa da Faculdade de Medicina de Mar\u00edlia &#8211; P\u00e1tio do Carmelo<\/p>\n<p>Vamos a resenha publicada em Giro Mar\u00edlia:<\/p>\n<p><em><span style=\"color: #333300;\">Protesto de estudantes de medicina e enfermagem da Famema reuniu em torno de 150 pessoas na manh\u00e3 desta quarta-feira para pedir fim do corte de repasses para o complexo a encampa\u00e7\u00e3o por uma universidade estadual e investimentos como restaurante universit\u00e1rio, verbas para pesquisa e moderniza\u00e7\u00e3o.<\/span><\/em><\/p>\n<p><em><span style=\"color: #333300;\">O ato come\u00e7ou por volta de 9h com caminhada em torno do Hospital das Cl\u00ednicas e uma parada em frente \u00e0 sede da Famema. O grupo levantou faixas e cartazes, gritou palavras de ordem como \u201csa\u00fade n\u00e3o \u00e9 mercadoria\u201d e \u201cquero estudar, governador n\u00e3o quer deixar\u201d e transmitiu orienta\u00e7\u00f5es gerais sobre a passeata em seguida.<\/span><\/em><\/p>\n<p><span style=\"color: #333300;\"><em>Segundo os manifestantes, a diretoria da institui\u00e7\u00e3o teria informado que n\u00e3o vai tomar nenhuma atitude de confronto com o governo do estado em fun\u00e7\u00e3o do processo de transforma\u00e7\u00e3o do Hospital das Cl\u00ednicas em uma autarquia vinculada \u00e0 Secretaria Estadual da Sa\u00fade. A medida \u00e9 apontada como salva\u00e7\u00e3o financeira do hospital.<\/em><a style=\"color: #333300;\" href=\"https:\/\/miltonmarchioli.com.br\/blog\/wp-content\/uploads\/DACA-INTERNATO-29-05-2015-SEGUNDA.jpg\"><img loading=\"lazy\" decoding=\"async\" class=\"alignright wp-image-8610\" title=\"DACA- INTERNATO 29-05-2015 SEGUNDA\" src=\"https:\/\/miltonmarchioli.com.br\/blog\/wp-content\/uploads\/DACA-INTERNATO-29-05-2015-SEGUNDA-225x300.jpg\" alt=\"\" width=\"209\" height=\"279\" srcset=\"https:\/\/miltonmarchioli.com.br\/blog\/wp-content\/uploads\/DACA-INTERNATO-29-05-2015-SEGUNDA-225x300.jpg 225w, https:\/\/miltonmarchioli.com.br\/blog\/wp-content\/uploads\/DACA-INTERNATO-29-05-2015-SEGUNDA-768x1024.jpg 768w\" sizes=\"auto, (max-width: 209px) 100vw, 209px\" \/><\/a><\/span><\/p>\n<p><em><span style=\"color: #333300;\">Para os alunos, a transforma\u00e7\u00e3o em autarquia abre espa\u00e7o para atendimento privado &#8211; com redu\u00e7\u00e3o de espa\u00e7os para o SUS &#8211; a\u00e9m de permitir envolvimento de faculdades privadas com o atendimento, tirando espa\u00e7o para forma\u00e7\u00e3o dos alunos da Famema nos hospitais.<\/span><\/em><\/p>\n<p><em><span style=\"color: #333300;\">Os alunos pediram a presen\u00e7a do diretor do complexo Famema, o m\u00e9dico Paulo Michelone com frases como \u201c\u00f4 Michelone, pode escolher, ou cai o corte ou cai voc\u00ea\u201d. Segundo a assessoria de comunica\u00e7\u00e3o da Famema, o m\u00e9dico n\u00e3o estava no pr\u00e9dio.<\/span><\/em><\/p>\n<p><em><span style=\"color: #333300;\">Os manifestantes decidiram entrar na faculdade e completar a organiza\u00e7\u00e3o no p\u00e1tio. Repetiram discursos, pintaram novos cartazes e por volta de 10h30 iniciaram a passeata. Seguiram pela avenida Tiradentes, subiram a bandeirantes e chegaram \u00e0 prefeitura pela avenida Sampaio Vidal.<\/span><\/em><\/p>\n<p><em><span style=\"color: #333300;\">N\u00e3o tentaram audi\u00eancias nem com o prefeito Vin\u00edcius Camarinha e nem com vereadores. Segundo o comando do manifesto, como a institui\u00e7\u00e3o \u00e9 estadual,\u00a0 grupo deve tentar audi\u00eancia na Assembleia Legislativa. O deputado estadual e ex-prefeito Abelardo Camarinha foi lembrado e tamb\u00e9m sofreu ataques durante a passeata.<\/span><\/em><\/p>\n<p><span style=\"color: #333300;\"><a style=\"color: #333300;\" href=\"https:\/\/miltonmarchioli.com.br\/blog\/wp-content\/uploads\/daca-29-04-2015-giro-161.jpg\"><img loading=\"lazy\" decoding=\"async\" class=\"alignleft wp-image-8593\" title=\"daca 29-04-2015 giro 16\" src=\"https:\/\/miltonmarchioli.com.br\/blog\/wp-content\/uploads\/daca-29-04-2015-giro-161-300x274.jpg\" alt=\"\" width=\"259\" height=\"237\" srcset=\"https:\/\/miltonmarchioli.com.br\/blog\/wp-content\/uploads\/daca-29-04-2015-giro-161-300x274.jpg 300w, https:\/\/miltonmarchioli.com.br\/blog\/wp-content\/uploads\/daca-29-04-2015-giro-161-1024x938.jpg 1024w, https:\/\/miltonmarchioli.com.br\/blog\/wp-content\/uploads\/daca-29-04-2015-giro-161.jpg 1181w\" sizes=\"auto, (max-width: 259px) 100vw, 259px\" \/><\/a><em>Em todo o trajeto os alunos distribu\u00edram panfletos com informa\u00e7\u00f5es para a popula\u00e7\u00e3o. Segundo a carta, os cortes nos repasses provocaram perda de leitos no Hospital S\u00e3o Francisco, cancelamento de cirurgias, demorado<\/em> no atendimento nos hospitais.<\/span><\/p>\n<p><em><span style=\"color: #333300;\">\u201cAt\u00e9 quando estudantes trabalhadores e a popula\u00e7\u00e3o usu\u00e1ria do SUS pagar\u00e3o pelo desmonte que o estado tem promovido nas institui\u00e7\u00f5es p\u00fablicas?\u201d, diz o documento.<\/span><\/em><\/p>\n<p><em><span style=\"color: #333300;\">Ainda n\u00e3o h\u00e1 pr\u00f3ximo passo estabelecido para as manifesta\u00e7\u00f5es. Os\u00a0estudantes n\u00e3o conseguiram audi\u00eancia com a dire\u00e7\u00e3o da Famema para falar sobre os cortes e preju\u00edzos no atendimento e nos cursos.<\/span><\/em><\/p>\n<p><em><span style=\"color: #333300;\">Confira as principais reivindica\u00e7\u00f5es dos alunos:<\/span><\/em><\/p>\n<p><em><span style=\"color: #333300;\">\u2022 Revoga\u00e7\u00e3o do corte de 25% para a Famema<\/span><\/em><br \/>\n<em><span style=\"color: #333300;\"> \u2022 Encampa\u00e7\u00e3o da Famema por uma Universidade P\u00fablica Paulista<\/span><\/em><\/p>\n<p><em><span style=\"color: #333300;\"><strong>Autarquia HC Famema:<\/strong><\/span><\/em><\/p>\n<p><em><span style=\"color: #333300;\">\u2022 Participa\u00e7\u00e3o estudantil no conselho da autarquia HC Famema<\/span><\/em><br \/>\n<em><span style=\"color: #333300;\"> \u2022 Garantia de gerenciamento p\u00fablico direto do HC Famema (sem OSs! Sem privatiza\u00e7\u00e3o! Sem porta-dupla! Sem perda de campos de est\u00e1gio!)<\/span><\/em><\/p>\n<p><em><span style=\"color: #333300;\"><strong>Democracia Interna:<\/strong><\/span><\/em><\/p>\n<p><em><span style=\"color: #333300;\">\u2022 Maior transpar\u00eancia da gest\u00e3o<\/span><\/em><br \/>\n<em><span style=\"color: #333300;\"> \u2022 Mais participa\u00e7\u00e3o estudantil nos processos decis\u00f3rios<\/span><\/em><br \/>\n<em><span style=\"color: #333300;\"> \u2022 Revis\u00e3o do regimento interno da Famema e do estatuto da Congrega\u00e7\u00e3o (Convoca\u00e7\u00e3o de uma Regimentotuinte e uma Estatuinte!)<\/span><\/em><br \/>\n<em><span style=\"color: #333300;\"> \u2022 Paridade nos \u00f3rg\u00e3os colegiados (pelo fim do 70\/15\/15!).<\/span><\/em><\/p>\n<p><em><span style=\"color: #333300;\"><strong>Perman\u00eancia Estudantil:<\/strong><\/span><\/em><\/p>\n<p><em><span style=\"color: #333300;\">\u2022 Pagamento das Bolsas-aux\u00edlio atrasadas.<\/span><\/em><br \/>\n<em><span style=\"color: #333300;\"> \u2022 Constru\u00e7\u00e3o do Restaurante Universit\u00e1rio.<\/span><\/em><br \/>\n<em><span style=\"color: #333300;\"> \u2022 Garantia de acesso ao refeit\u00f3rio do hospital aos estudantes bolsistas enquanto n\u00e3o houver Restaurante Universit\u00e1rio.<\/span><\/em><br \/>\n<em><span style=\"color: #333300;\"> \u2022 Garantia do valor integral das bolsas-aux\u00edlio transporte e alimenta\u00e7\u00e3o, sem descontos de nenhuma natureza (como falta acad\u00eamica).<\/span><\/em><br \/>\n<em><span style=\"color: #333300;\"> \u2022 Financiamento das entidades estudantis (extens\u00e3o, movimento estudantil, esportes, congressos e encontros estudantis).<\/span><\/em><br \/>\n<em><span style=\"color: #333300;\"> \u2022 Reabertura do xerox da biblioteca.<\/span><\/em><\/p>\n<p><em><span style=\"color: #333300;\"><strong>Internato:<\/strong><\/span><\/em><br \/>\n<em><span style=\"color: #333300;\"> \u2022 Estabelecimento de uma escala e programa\u00e7\u00e3o de procedimentos que os internos devem passar em cada est\u00e1gio com acompanhamento docente, e garantia que todos esses procedimentos sejam aprendidos e realizados, fazendo uma divis\u00e3o justa entre internos e residentes.<\/span><\/em><br \/>\n<em><span style=\"color: #333300;\"> \u2022 Volta do est\u00e1gio da cirurgia tor\u00e1cica.<\/span><\/em><\/p>\n<p><span style=\"color: #008000;\"><strong><a style=\"color: #008000;\" href=\"http:\/\/www.giromarilia.com.br\/noticia\/giro-marilia\/protesto-contra-cortes-na-saude-ataca-alckmin-e-pede-encampacao-da-famema\/1920\">Fonte- Giro Mar\u00edlia<\/a><\/strong><\/span><\/p>\n<p id=\"MTA1MDk3OA\" class=\"frase fr\"><span style=\"color: #333300;\"><a style=\"color: #333300;\" href=\"https:\/\/miltonmarchioli.com.br\/blog\/wp-content\/uploads\/daca-29-04-2015-giro-14.jpg\"><img loading=\"lazy\" decoding=\"async\" class=\"aligncenter wp-image-8582\" title=\"daca 29-04-2015 giro 14\" src=\"https:\/\/miltonmarchioli.com.br\/blog\/wp-content\/uploads\/daca-29-04-2015-giro-14.jpg\" alt=\"\" width=\"596\" height=\"336\" srcset=\"https:\/\/miltonmarchioli.com.br\/blog\/wp-content\/uploads\/daca-29-04-2015-giro-14.jpg 1181w, https:\/\/miltonmarchioli.com.br\/blog\/wp-content\/uploads\/daca-29-04-2015-giro-14-300x169.jpg 300w, https:\/\/miltonmarchioli.com.br\/blog\/wp-content\/uploads\/daca-29-04-2015-giro-14-1024x577.jpg 1024w\" sizes=\"auto, (max-width: 596px) 100vw, 596px\" \/><\/a><\/span>&#8220;A injusti\u00e7a, por \u00ednfima que seja a criatura vitimada, revolta-me, transmuda-me, incendeia-me, roubando-me a tranquilidade e a estima pela vida&#8221;.<\/p>\n<p class=\"frase fr\" style=\"text-align: center;\">Rui Barbosa<\/p>\n","protected":false},"excerpt":{"rendered":"<p>No dia 29 do m\u00eas de abril houve um importante manifesto dos alunos do Diret\u00f3rio Acad\u00eamico Christiano Altenfelder (DACA)-Faculdade de Medicina de Mar\u00edlia &#8211; em busca de melhorias da sa\u00fade p\u00fablica, educa\u00e7\u00e3o e pesquisa. A paralisa\u00e7\u00e3o durou cerca de quatro horas e aconteceu na frente das instala\u00e7\u00f5es da sede administrativa da Faculdade de Medicina de &hellip; <a href=\"https:\/\/miltonmarchioli.com.br\/blog\/protesto-do-diretorio-academico-christiano-altenfelder-pauta-e-extensa-saude-pesquisa-e-ensino\/\" class=\"more-link\">Continue lendo <span class=\"screen-reader-text\">Protesto do Diret\u00f3rio Acad\u00eamico Christiano Altenfelder. Pauta \u00e9 extensa: sa\u00fade, pesquisa, e ensino<\/span> <span class=\"meta-nav\">&rarr;<\/span><\/a><\/p>\n","protected":false},"author":2,"featured_media":0,"comment_status":"open","ping_status":"open","sticky":false,"template":"","format":"standard","meta":{"rop_custom_images_group":[],"rop_custom_messages_group":[],"rop_publish_now":"initial","rop_publish_now_accounts":[],"rop_publish_now_history":[],"rop_publish_now_status":"pending","footnotes":""},"categories":[8,332,366,9],"tags":[592,811,202],"class_list":["post-8579","post","type-post","status-publish","format-standard","hentry","category-direito-e-saude","category-educacao","category-politica","category-saude-publica","tag-diretorio-academico-christiano-altenfelder","tag-encampacao-da-famema","tag-famema"],"_links":{"self":[{"href":"https:\/\/miltonmarchioli.com.br\/blog\/wp-json\/wp\/v2\/posts\/8579","targetHints":{"allow":["GET"]}}],"collection":[{"href":"https:\/\/miltonmarchioli.com.br\/blog\/wp-json\/wp\/v2\/posts"}],"about":[{"href":"https:\/\/miltonmarchioli.com.br\/blog\/wp-json\/wp\/v2\/types\/post"}],"author":[{"embeddable":true,"href":"https:\/\/miltonmarchioli.com.br\/blog\/wp-json\/wp\/v2\/users\/2"}],"replies":[{"embeddable":true,"href":"https:\/\/miltonmarchioli.com.br\/blog\/wp-json\/wp\/v2\/comments?post=8579"}],"version-history":[{"count":27,"href":"https:\/\/miltonmarchioli.com.br\/blog\/wp-json\/wp\/v2\/posts\/8579\/revisions"}],"predecessor-version":[{"id":13817,"href":"https:\/\/miltonmarchioli.com.br\/blog\/wp-json\/wp\/v2\/posts\/8579\/revisions\/13817"}],"wp:attachment":[{"href":"https:\/\/miltonmarchioli.com.br\/blog\/wp-json\/wp\/v2\/media?parent=8579"}],"wp:term":[{"taxonomy":"category","embeddable":true,"href":"https:\/\/miltonmarchioli.com.br\/blog\/wp-json\/wp\/v2\/categories?post=8579"},{"taxonomy":"post_tag","embeddable":true,"href":"https:\/\/miltonmarchioli.com.br\/blog\/wp-json\/wp\/v2\/tags?post=8579"}],"curies":[{"name":"wp","href":"https:\/\/api.w.org\/{rel}","templated":true}]}}