{"id":865,"date":"2011-10-09T06:16:28","date_gmt":"2011-10-09T06:16:28","guid":{"rendered":"http:\/\/miltonmarchioli.com.br\/blog\/?p=865"},"modified":"2022-01-03T12:00:47","modified_gmt":"2022-01-03T15:00:47","slug":"jjornal-o-estado-de-sao-paulo-registrou-a-passeata-dos-alunos-da-famema-questionando-o-modelo-de-ensino-pbl-da-famema","status":"publish","type":"post","link":"https:\/\/miltonmarchioli.com.br\/blog\/jjornal-o-estado-de-sao-paulo-registrou-a-passeata-dos-alunos-da-famema-questionando-o-modelo-de-ensino-pbl-da-famema\/","title":{"rendered":"Jornal O Estado de S\u00e3o Paulo registrou a passeata dos alunos da Famema  questionando o modelo de ensino PBL da Famema"},"content":{"rendered":"<p><a href=\"http:\/\/www.miltonmarchioli.com.br\/blog\/wp-content\/uploads\/passeata.jpg\"><img loading=\"lazy\" decoding=\"async\" class=\"alignleft size-medium wp-image-13421\" src=\"http:\/\/www.miltonmarchioli.com.br\/blog\/wp-content\/uploads\/passeata-300x137.jpg\" alt=\"passeata\" width=\"300\" height=\"137\" srcset=\"https:\/\/miltonmarchioli.com.br\/blog\/wp-content\/uploads\/passeata-300x137.jpg 300w, https:\/\/miltonmarchioli.com.br\/blog\/wp-content\/uploads\/passeata.jpg 332w\" sizes=\"auto, (max-width: 300px) 100vw, 300px\" \/><\/a>Os alunos por orienta\u00e7\u00e3o do Diret\u00f3rio Acad\u00eamico\u00a0 Christiano Altenfelder entregaram a prova &#8211; Teste de Progresso &#8211;\u00a0com o m\u00ednimo de acerto poss\u00edvel como forma de protesto no dia 06 de outubro de 2011.<\/p>\n<p><a href=\"http:\/\/www.estadao.com.br\/noticias\/vidae,com-protesto-em-marilia-estudantes-conseguem-parte-das-reivindicacoes,782486,0.htm\">Veja o texto do Jornal o Estado de S\u00e3o Paulo<\/a>&#8230;<\/p>\n<p><em>Alunos da Faculdade de Medicina de Mar\u00edlia (Famema) fizeram nesta quinta-feira uma passeata antes e um protesto durante a Prova Progresso Inter-institucional, aplicada a alunos de Medicina do 1\u00ba ao 6\u00ba anos em todo o Estado. Segundo os estudantes, o objetivo era chamar a aten\u00e7\u00e3o do governo estadual &#8220;para o sucateamento da universidade&#8221;.<\/em><\/p>\n<p><em>Originalmente, l\u00edderes do movimento prometeram boicotar a prova, mas, segundo o aluno do 3\u00ba ano Luiz D&#8217;Elia Zanella, de 28 anos, a ideia mudou para um esfor\u00e7o para tirar a menor nota poss\u00edvel. &#8220;A instru\u00e7\u00e3o era, nas quest\u00f5es em que o aluno sabia a resposta certa, marcar outra, e chutar quando n\u00e3o soubesse&#8221;, explicou. Coordenador cultural do diret\u00f3rio acad\u00eamico, Luiz afirmou que &#8220;houve uma grande ades\u00e3o&#8221; \u00e0 passeata e que &#8220;a grande maioria dos estudantes&#8221; saiu da prova no tempo m\u00ednimo de duas horas. O pr\u00f3prio Luiz diz que se esfor\u00e7ou para marcar o gabarito mais errado poss\u00edvel.<\/em><\/p>\n<p><em>A Prova Progresso n\u00e3o \u00e9 assinada, conta Luiz. N\u00e3o h\u00e1 forma de saber a nota que um determinado aluno tirou: ela serve apenas como diagn\u00f3stico do aprendizado na faculdade como um todo.\u00a0<\/em><\/p>\n<p><em>A assessoria de imprensa da Famema disse que a faculdade atender\u00e1 at\u00e9 o fim de outubro uma das demandas dos estudantes: um pr\u00e9dio pr\u00f3prio para a gradua\u00e7\u00e3o. Tamb\u00e9m criaram um &#8216;grupo gestor de gradua\u00e7\u00e3o&#8217;, que reunir\u00e1 representantes de alunos, professores e dire\u00e7\u00e3o da faculdade, e deve se reunir pela primeira vez na semana que vem. A Famema informou ainda &#8220;estudar a possibilidade&#8221; de realizar novos concursos. Segundo Luiz Zanella, os alunos est\u00e3o deixando de realizar atividades por causa da escassez de professores. Dois concursos realizados este ano, disse, n\u00e3o foram suficientes para atender \u00e0 demanda.<\/em><\/p>\n<p><em>A secretaria paulista de Desenvolvimento, respons\u00e1vel pelas universidades estaduais, informou que os repasses para a Famema cresceram este ano. Lei de dezembro de 2010 fixou previs\u00e3o de R$ 55 milh\u00f5es para 2011, contra R$ 48 milh\u00f5es do ano passado e R$ 52 milh\u00f5es em 2009. O repasse em 2008 foi de R$ 42 milh\u00f5es. O governo tamb\u00e9m informou que, por serem autarquias, n\u00e3o interfere ou d\u00e1 orienta\u00e7\u00f5es \u00e0s universidades nesse tipo de situa\u00e7\u00e3o.<\/em><\/p>\n<p><em>No 3\u00ba ano de Medicina, os alunos da Famema t\u00eam aulas em tr\u00eas &#8220;esta\u00e7\u00f5es&#8221;: sa\u00fade da mulher, da crian\u00e7a e do adulto. Normalmente, ao final do ano, o desempenho do aluno \u00e9 avaliado nas tr\u00eas \u00e1reas. Luiz contou que a dire\u00e7\u00e3o da faculdade anunciou que, neste ano, os alunos ser\u00e3o avaliados em apenas uma das tr\u00eas, definida por sorteio.<\/em><\/p>\n<p><a href=\"http:\/\/blogln.ning.com\/forum\/topics\/paralisa-o-estudantes-de-medicina-da-famema?xg_source=activity\">O Daca- Diret\u00f3rio Acad\u00eamico d<\/a><a href=\"http:\/\/blogln.ning.com\/forum\/topics\/paralisa-o-estudantes-de-medicina-da-famema?xg_source=activity\">a Faculdade de Medicina de Mar\u00edlia (Famema) tamb\u00e9m enviou carta ao colunista e editor da Revista Carta Capita Luis Nassif no dia 05\/10\/2011.<\/a><\/p>\n<p><a href=\"http:\/\/www.miltonmarchioli.com.br\/blog\/wp-content\/uploads\/passeta-2.jpg\"><img loading=\"lazy\" decoding=\"async\" class=\"alignleft size-full wp-image-13422\" src=\"http:\/\/www.miltonmarchioli.com.br\/blog\/wp-content\/uploads\/passeta-2.jpg\" alt=\"passeta 2\" width=\"800\" height=\"480\" srcset=\"https:\/\/miltonmarchioli.com.br\/blog\/wp-content\/uploads\/passeta-2.jpg 800w, https:\/\/miltonmarchioli.com.br\/blog\/wp-content\/uploads\/passeta-2-300x180.jpg 300w, https:\/\/miltonmarchioli.com.br\/blog\/wp-content\/uploads\/passeta-2-768x461.jpg 768w\" sizes=\"auto, (max-width: 800px) 100vw, 800px\" \/><\/a><\/p>\n","protected":false},"excerpt":{"rendered":"<p>Os alunos por orienta\u00e7\u00e3o do Diret\u00f3rio Acad\u00eamico\u00a0 Christiano Altenfelder entregaram a prova &#8211; Teste de Progresso &#8211;\u00a0com o m\u00ednimo de acerto poss\u00edvel como forma de protesto no dia 06 de outubro de 2011. Veja o texto do Jornal o Estado de S\u00e3o Paulo&#8230; Alunos da Faculdade de Medicina de Mar\u00edlia (Famema) fizeram nesta quinta-feira uma &hellip; <a href=\"https:\/\/miltonmarchioli.com.br\/blog\/jjornal-o-estado-de-sao-paulo-registrou-a-passeata-dos-alunos-da-famema-questionando-o-modelo-de-ensino-pbl-da-famema\/\" class=\"more-link\">Continue lendo <span class=\"screen-reader-text\">Jornal O Estado de S\u00e3o Paulo registrou a passeata dos alunos da Famema  questionando o modelo de ensino PBL da Famema<\/span> <span class=\"meta-nav\">&rarr;<\/span><\/a><\/p>\n","protected":false},"author":2,"featured_media":0,"comment_status":"open","ping_status":"open","sticky":false,"template":"","format":"standard","meta":{"rop_custom_images_group":[],"rop_custom_messages_group":[],"rop_publish_now":"initial","rop_publish_now_accounts":[],"rop_publish_now_history":[],"rop_publish_now_status":"pending","footnotes":""},"categories":[18,332,13,9],"tags":[1178,269,101],"class_list":["post-865","post","type-post","status-publish","format-standard","hentry","category-direito","category-educacao","category-opiniao","category-saude-publica","tag-jornal-estado-de-sao-paulo","tag-luis-nassif-famema-alunos-protestam-por-ensino-de-qualidade-em-2011","tag-pbl-famema"],"_links":{"self":[{"href":"https:\/\/miltonmarchioli.com.br\/blog\/wp-json\/wp\/v2\/posts\/865","targetHints":{"allow":["GET"]}}],"collection":[{"href":"https:\/\/miltonmarchioli.com.br\/blog\/wp-json\/wp\/v2\/posts"}],"about":[{"href":"https:\/\/miltonmarchioli.com.br\/blog\/wp-json\/wp\/v2\/types\/post"}],"author":[{"embeddable":true,"href":"https:\/\/miltonmarchioli.com.br\/blog\/wp-json\/wp\/v2\/users\/2"}],"replies":[{"embeddable":true,"href":"https:\/\/miltonmarchioli.com.br\/blog\/wp-json\/wp\/v2\/comments?post=865"}],"version-history":[{"count":29,"href":"https:\/\/miltonmarchioli.com.br\/blog\/wp-json\/wp\/v2\/posts\/865\/revisions"}],"predecessor-version":[{"id":13425,"href":"https:\/\/miltonmarchioli.com.br\/blog\/wp-json\/wp\/v2\/posts\/865\/revisions\/13425"}],"wp:attachment":[{"href":"https:\/\/miltonmarchioli.com.br\/blog\/wp-json\/wp\/v2\/media?parent=865"}],"wp:term":[{"taxonomy":"category","embeddable":true,"href":"https:\/\/miltonmarchioli.com.br\/blog\/wp-json\/wp\/v2\/categories?post=865"},{"taxonomy":"post_tag","embeddable":true,"href":"https:\/\/miltonmarchioli.com.br\/blog\/wp-json\/wp\/v2\/tags?post=865"}],"curies":[{"name":"wp","href":"https:\/\/api.w.org\/{rel}","templated":true}]}}