{"id":8710,"date":"2015-07-02T09:04:27","date_gmt":"2015-07-02T12:04:27","guid":{"rendered":"http:\/\/miltonmarchioli.com.br\/blog\/?p=8710"},"modified":"2022-02-03T17:19:26","modified_gmt":"2022-02-03T20:19:26","slug":"complexo-famema-passara-por-auditoria-da-secretaria-estadual-da-saude","status":"publish","type":"post","link":"https:\/\/miltonmarchioli.com.br\/blog\/complexo-famema-passara-por-auditoria-da-secretaria-estadual-da-saude\/","title":{"rendered":"Hospital das Cl\u00ednicas de Mar\u00edlia passar\u00e1 por auditoria da Secretaria Estadual da Sa\u00fade"},"content":{"rendered":"<p><a href=\"https:\/\/miltonmarchioli.com.br\/blog\/wp-content\/uploads\/secretaria-da-saude.jpg\"><img loading=\"lazy\" decoding=\"async\" class=\"alignleft size-full wp-image-8713\" src=\"https:\/\/miltonmarchioli.com.br\/blog\/wp-content\/uploads\/secretaria-da-saude.jpg\" alt=\"secretaria da saude\" width=\"180\" height=\"180\" srcset=\"https:\/\/miltonmarchioli.com.br\/blog\/wp-content\/uploads\/secretaria-da-saude.jpg 180w, https:\/\/miltonmarchioli.com.br\/blog\/wp-content\/uploads\/secretaria-da-saude-150x150.jpg 150w\" sizes=\"auto, (max-width: 180px) 100vw, 180px\" \/><\/a>A Secretaria do Estado de Sa\u00fade de S\u00e3o Paulo estar\u00e1 realizando auditoria no\u00a0 Hospital das Cl\u00ednicas de Mar\u00edlia, o qual \u00e9 campo de est\u00e1gio dos alunos da faculdade de medicina de Mar\u00edlia.<\/p>\n<p>O coordenador de Regi\u00f5es da Secretaria Estadual da Sa\u00fade, Osmar Mikio Morivaki, dirigir\u00e1\u00a0 nos pr\u00f3ximos 30 dias o trabalho de uma Comiss\u00e3o Especial de Auditoria nomeada pela Secretaria Estadual de Sa\u00fade para investigar a gest\u00e3o do\u00a0 Hospital das Cl\u00ednicas de Mar\u00edlia.<\/p>\n<p>A comiss\u00e3o \u00e9 formada por cinco profissionais e foi nomeada em Portaria da Secretaria de Sa\u00fade.<\/p>\n<p>trole de Sa\u00fade).<\/p>\n<p><a href=\"https:\/\/www.imprensaoficial.com.br\/DO\/GatewayPDF.aspx?link=\/2015\/executivo%20secao%20i\/junho\/24\/pag_0035_CI00C0M43B4JQe749BNC23MR8QM.pdf\"><span style=\"color: #008000;\"><strong>Resolu\u00e7\u00e3o 60 &#8211; SES<\/strong><\/span><\/a><\/p>\n<p><em>&#8220;Resolu\u00e7\u00e3o SS n\u00ba 60, de 23 de junho de 2015<\/em><\/p>\n<p><em>Institui Comiss\u00e3o T\u00e9cnica para avalia\u00e7\u00e3o da situa\u00e7\u00e3o e gest\u00e3o do Complexo Assistencial da Faculdade de\u00a0Medicina de Mar\u00edlia \u2013 Famema, e d\u00e1 providencias correlatas.<\/em><\/p>\n<p>O Secret\u00e1rio de Estado da Sa\u00fade, considerando: os princ\u00edpios regentes da Administra\u00e7\u00e3o P\u00fablica direta, indireta ou fundacional do Estado, insculpidos nos termos do artigo 111 da Constitui\u00e7\u00e3o Estadual;<\/p>\n<p>o disposto no Decreto Estadual &#8211; 58.052, de 16-05-2012, que regulamenta a lei de acesso \u00e0 informa\u00e7\u00e3o, Lei Federal &#8211; 12.527, de 18-11-2011, assegurando o dever do Estado na promo\u00e7\u00e3o da transpar\u00eancia nos gastos p\u00fablicos;<\/p>\n<p>o dever do Estado de aferir a regularidade da aplica\u00e7\u00e3o dos recursos transferidos \u00e0s institui\u00e7\u00f5es que integram a rede assistencial do SUS em seu territ\u00f3rio, inclusive das que det\u00eam a prefer\u00eancia para essa integra\u00e7\u00e3o;<\/p>\n<p>a compet\u00eancia atribu\u00edda \u00e0 autoridade administrativa para, diante da necessidade, oportunidade e conveni\u00eancia ao interesse p\u00fablico em face da not\u00edcia de redu\u00e7\u00e3o dos servi\u00e7os de sa\u00fade prestados no \u00e2mbito do Complexo Assistencial da Famema, fazer uso do poder discricion\u00e1rio, adotando as medidas necess\u00e1rias \u00e0\u00a0tutela dos interesses da coletividade, resolve:<\/p>\n<p>Artigo 1\u00ba &#8211; Fica institu\u00edda, na Secretaria da Sa\u00fade, Comiss\u00e3o T\u00e9cnica com o objetivo de, no prazo de 30 (trinta) dias, proceder an\u00e1lise da situa\u00e7\u00e3o e de gest\u00e3o do Complexo Assistencial da Faculdade de Medicina de Mar\u00edlia \u2013 Famema em rela\u00e7\u00e3o aos aspectos gerenciais, administrativos e de financiamento na realiza\u00e7\u00e3o de a\u00e7\u00f5es,\u00a0atividades e servi\u00e7os de assist\u00eancia \u00e0 sa\u00fade no \u00e2mbito do SUS.<\/p>\n<p>Artigo 2\u00ba &#8211; A Comiss\u00e3o, ora institu\u00edda, ser\u00e1 composta pelos servidores da Secretaria, abaixo discriminados e sob a coordena\u00e7\u00e3o do primeiro, cujas atividades profissionais s\u00e3o consent\u00e2neas com os aspectos a serem avaliados, garantido o suporte t\u00e9cnico das Coordenadorias, nas respectivas \u00e1reas de atua\u00e7\u00e3o:<\/p>\n<p>Osmar Mikio Moriwaki \u2013<br \/>\nC\u00e9dula de Identidade RG. 8.667.916<br \/>\nArthur Miguel Ferreira Lawand<br \/>\nC\u00e9dula de Identidade RG. 33.930.376-1<br \/>\nRoseli da Silva Hallak<br \/>\nC\u00e9dula de Identidade RG. 23.638.044-8<br \/>\nMaria Aparecida Ribeiro Singer<br \/>\nC\u00e9dula de Identidade RG. 6.116.979-1<br \/>\nVanderley Soares Moia<br \/>\nC\u00e9dula de Identidade RG. 6.748.708-X<\/p>\n<p>Artigo 3\u00ba &#8211; Poder\u00e3o ser convidados representantes das entidades p\u00fablicas ou privadas, para acompanhar e\/ou auxiliar nos trabalhos.<\/p>\n<p>Artigo 4\u00ba &#8211; Esta Resolu\u00e7\u00e3o entra em vigor na data de sua publica\u00e7\u00e3o.&#8221;<\/p>\n<p><a href=\"https:\/\/miltonmarchioli.com.br\/blog\/wp-content\/uploads\/governo-de-s\u00e3o-paulo.jpg\"><img loading=\"lazy\" decoding=\"async\" class=\"aligncenter size-full wp-image-12238\" src=\"https:\/\/miltonmarchioli.com.br\/blog\/wp-content\/uploads\/governo-de-s\u00e3o-paulo.jpg\" alt=\"governo de s\u00e3o paulo\" width=\"620\" height=\"410\" srcset=\"https:\/\/miltonmarchioli.com.br\/blog\/wp-content\/uploads\/governo-de-s\u00e3o-paulo.jpg 620w, https:\/\/miltonmarchioli.com.br\/blog\/wp-content\/uploads\/governo-de-s\u00e3o-paulo-300x198.jpg 300w\" sizes=\"auto, (max-width: 620px) 100vw, 620px\" \/><\/a><\/p>\n","protected":false},"excerpt":{"rendered":"<p>A Secretaria do Estado de Sa\u00fade de S\u00e3o Paulo estar\u00e1 realizando auditoria no\u00a0 Hospital das Cl\u00ednicas de Mar\u00edlia, o qual \u00e9 campo de est\u00e1gio dos alunos da faculdade de medicina de Mar\u00edlia. O coordenador de Regi\u00f5es da Secretaria Estadual da Sa\u00fade, Osmar Mikio Morivaki, dirigir\u00e1\u00a0 nos pr\u00f3ximos 30 dias o trabalho de uma Comiss\u00e3o Especial &hellip; <a href=\"https:\/\/miltonmarchioli.com.br\/blog\/complexo-famema-passara-por-auditoria-da-secretaria-estadual-da-saude\/\" class=\"more-link\">Continue lendo <span class=\"screen-reader-text\">Hospital das Cl\u00ednicas de Mar\u00edlia passar\u00e1 por auditoria da Secretaria Estadual da Sa\u00fade<\/span> <span class=\"meta-nav\">&rarr;<\/span><\/a><\/p>\n","protected":false},"author":2,"featured_media":0,"comment_status":"open","ping_status":"open","sticky":false,"template":"","format":"standard","meta":{"rop_custom_images_group":[],"rop_custom_messages_group":[],"rop_publish_now":"initial","rop_publish_now_accounts":[],"rop_publish_now_history":[],"rop_publish_now_status":"pending","footnotes":""},"categories":[8,366,9],"tags":[713,1286],"class_list":["post-8710","post","type-post","status-publish","format-standard","hentry","category-direito-e-saude","category-politica","category-saude-publica","tag-hospital-das-clinicas-de-marilia","tag-secretaria-da-saude-do-estado-de-sao-paulo"],"_links":{"self":[{"href":"https:\/\/miltonmarchioli.com.br\/blog\/wp-json\/wp\/v2\/posts\/8710","targetHints":{"allow":["GET"]}}],"collection":[{"href":"https:\/\/miltonmarchioli.com.br\/blog\/wp-json\/wp\/v2\/posts"}],"about":[{"href":"https:\/\/miltonmarchioli.com.br\/blog\/wp-json\/wp\/v2\/types\/post"}],"author":[{"embeddable":true,"href":"https:\/\/miltonmarchioli.com.br\/blog\/wp-json\/wp\/v2\/users\/2"}],"replies":[{"embeddable":true,"href":"https:\/\/miltonmarchioli.com.br\/blog\/wp-json\/wp\/v2\/comments?post=8710"}],"version-history":[{"count":9,"href":"https:\/\/miltonmarchioli.com.br\/blog\/wp-json\/wp\/v2\/posts\/8710\/revisions"}],"predecessor-version":[{"id":13831,"href":"https:\/\/miltonmarchioli.com.br\/blog\/wp-json\/wp\/v2\/posts\/8710\/revisions\/13831"}],"wp:attachment":[{"href":"https:\/\/miltonmarchioli.com.br\/blog\/wp-json\/wp\/v2\/media?parent=8710"}],"wp:term":[{"taxonomy":"category","embeddable":true,"href":"https:\/\/miltonmarchioli.com.br\/blog\/wp-json\/wp\/v2\/categories?post=8710"},{"taxonomy":"post_tag","embeddable":true,"href":"https:\/\/miltonmarchioli.com.br\/blog\/wp-json\/wp\/v2\/tags?post=8710"}],"curies":[{"name":"wp","href":"https:\/\/api.w.org\/{rel}","templated":true}]}}