{"id":8716,"date":"2015-07-04T13:56:17","date_gmt":"2015-07-04T16:56:17","guid":{"rendered":"http:\/\/miltonmarchioli.com.br\/blog\/?p=8716"},"modified":"2022-02-03T17:48:11","modified_gmt":"2022-02-03T20:48:11","slug":"diretorio-academico-christiano-altenfelder-pede-explicacao-a-diretoria-administrativa-da-famema","status":"publish","type":"post","link":"https:\/\/miltonmarchioli.com.br\/blog\/diretorio-academico-christiano-altenfelder-pede-explicacao-a-diretoria-administrativa-da-famema\/","title":{"rendered":"Diret\u00f3rio Acad\u00eamico Christiano Altenfelder pede explica\u00e7\u00e3o \u00e0 Diretoria Administrativa da Famema"},"content":{"rendered":"<p><a href=\"http:\/\/www.miltonmarchioli.com.br\/blog\/wp-content\/uploads\/pergunta.jpg\"><img loading=\"lazy\" decoding=\"async\" class=\"alignleft size-medium wp-image-13833\" src=\"http:\/\/www.miltonmarchioli.com.br\/blog\/wp-content\/uploads\/pergunta-300x212.jpg\" alt=\"pergunta\" width=\"300\" height=\"212\" srcset=\"https:\/\/miltonmarchioli.com.br\/blog\/wp-content\/uploads\/pergunta-300x212.jpg 300w, https:\/\/miltonmarchioli.com.br\/blog\/wp-content\/uploads\/pergunta-768x543.jpg 768w, https:\/\/miltonmarchioli.com.br\/blog\/wp-content\/uploads\/pergunta.jpg 822w\" sizes=\"auto, (max-width: 300px) 100vw, 300px\" \/><\/a><\/p>\n<p>O Diret\u00f3rio Acad\u00eamico Christiano Altenfelder encaminhou requerimento \u00e0 Diretoria Administrativa da Famema &#8211; Senhor Gilson Caleman &#8211; para que d\u00ea explica\u00e7\u00f5es sobre quatro pontos que se descortinam em futuro pr\u00f3ximo na institui\u00e7\u00e3o.<\/p>\n<p>1- O pr\u00e9dio a Unidade de Educa\u00e7\u00e3o e do Carmelo ser\u00e3o devolvidos ao locador por falta de pagamento;<\/p>\n<p>2- O Hospital Materno Infantil ser\u00e1 transferido para a nova Ala C do Hospital das Cl\u00ednicas;<\/p>\n<p>3- O Ambulat\u00f3rio Mario Covas ser\u00e1 transferido para o Hospital Materno Infantil;<\/p>\n<p>4- Se a institui\u00e7\u00e3o passar\u00e1 por auditoria;<\/p>\n<p>5- Apesar de sancionada, a autarquia Hospital das Cl\u00ednicas Famema ainda n\u00e3o disp\u00f5e de verbas.<\/p>\n<p>Veja o requerimento de 22\/06\/2015:<\/p>\n<p><a href=\"https:\/\/miltonmarchioli.com.br\/blog\/wp-content\/uploads\/DACA-22-06-2015.jpg\"><img loading=\"lazy\" decoding=\"async\" class=\"aligncenter size-full wp-image-8717\" src=\"https:\/\/miltonmarchioli.com.br\/blog\/wp-content\/uploads\/DACA-22-06-2015.jpg\" alt=\"DACA 22-06-2015\" width=\"562\" height=\"734\" srcset=\"https:\/\/miltonmarchioli.com.br\/blog\/wp-content\/uploads\/DACA-22-06-2015.jpg 562w, https:\/\/miltonmarchioli.com.br\/blog\/wp-content\/uploads\/DACA-22-06-2015-230x300.jpg 230w\" sizes=\"auto, (max-width: 562px) 100vw, 562px\" \/><\/a>A resposta do Diretor Administrativo da Famema, em apertada s\u00edntese, relatou que os questionamentos 1, 2 e 3 ainda est\u00e3o sendo discutidos. O questionamento 4 a resposta \u00e9 sim. Quanto ao questionamento 5, ainda n\u00e3o houve a publica\u00e7\u00e3o do Decreto regulamentando a Lei Complementar 1262\/2015.<\/p>\n<p><a href=\"http:\/\/www.miltonmarchioli.com.br\/blog\/wp-content\/uploads\/QUESTIONAMENTOS-ALUNA.jpg\"><img loading=\"lazy\" decoding=\"async\" class=\"aligncenter size-full wp-image-13834\" src=\"http:\/\/www.miltonmarchioli.com.br\/blog\/wp-content\/uploads\/QUESTIONAMENTOS-ALUNA.jpg\" alt=\"QUESTIONAMENTOS- ALUNA\" width=\"1086\" height=\"714\" srcset=\"https:\/\/miltonmarchioli.com.br\/blog\/wp-content\/uploads\/QUESTIONAMENTOS-ALUNA.jpg 1086w, https:\/\/miltonmarchioli.com.br\/blog\/wp-content\/uploads\/QUESTIONAMENTOS-ALUNA-300x197.jpg 300w, https:\/\/miltonmarchioli.com.br\/blog\/wp-content\/uploads\/QUESTIONAMENTOS-ALUNA-768x505.jpg 768w, https:\/\/miltonmarchioli.com.br\/blog\/wp-content\/uploads\/QUESTIONAMENTOS-ALUNA-1024x673.jpg 1024w\" sizes=\"auto, (max-width: 1086px) 100vw, 1086px\" \/><\/a><\/p>\n<p>&nbsp;<\/p>\n","protected":false},"excerpt":{"rendered":"<p>O Diret\u00f3rio Acad\u00eamico Christiano Altenfelder encaminhou requerimento \u00e0 Diretoria Administrativa da Famema &#8211; Senhor Gilson Caleman &#8211; para que d\u00ea explica\u00e7\u00f5es sobre quatro pontos que se descortinam em futuro pr\u00f3ximo na institui\u00e7\u00e3o. 1- O pr\u00e9dio a Unidade de Educa\u00e7\u00e3o e do Carmelo ser\u00e3o devolvidos ao locador por falta de pagamento; 2- O Hospital Materno Infantil &hellip; <a href=\"https:\/\/miltonmarchioli.com.br\/blog\/diretorio-academico-christiano-altenfelder-pede-explicacao-a-diretoria-administrativa-da-famema\/\" class=\"more-link\">Continue lendo <span class=\"screen-reader-text\">Diret\u00f3rio Acad\u00eamico Christiano Altenfelder pede explica\u00e7\u00e3o \u00e0 Diretoria Administrativa da Famema<\/span> <span class=\"meta-nav\">&rarr;<\/span><\/a><\/p>\n","protected":false},"author":2,"featured_media":0,"comment_status":"open","ping_status":"open","sticky":false,"template":"","format":"standard","meta":{"rop_custom_images_group":[],"rop_custom_messages_group":[],"rop_publish_now":"initial","rop_publish_now_accounts":[],"rop_publish_now_history":[],"rop_publish_now_status":"pending","footnotes":""},"categories":[332,9],"tags":[592],"class_list":["post-8716","post","type-post","status-publish","format-standard","hentry","category-educacao","category-saude-publica","tag-diretorio-academico-christiano-altenfelder"],"_links":{"self":[{"href":"https:\/\/miltonmarchioli.com.br\/blog\/wp-json\/wp\/v2\/posts\/8716","targetHints":{"allow":["GET"]}}],"collection":[{"href":"https:\/\/miltonmarchioli.com.br\/blog\/wp-json\/wp\/v2\/posts"}],"about":[{"href":"https:\/\/miltonmarchioli.com.br\/blog\/wp-json\/wp\/v2\/types\/post"}],"author":[{"embeddable":true,"href":"https:\/\/miltonmarchioli.com.br\/blog\/wp-json\/wp\/v2\/users\/2"}],"replies":[{"embeddable":true,"href":"https:\/\/miltonmarchioli.com.br\/blog\/wp-json\/wp\/v2\/comments?post=8716"}],"version-history":[{"count":22,"href":"https:\/\/miltonmarchioli.com.br\/blog\/wp-json\/wp\/v2\/posts\/8716\/revisions"}],"predecessor-version":[{"id":13835,"href":"https:\/\/miltonmarchioli.com.br\/blog\/wp-json\/wp\/v2\/posts\/8716\/revisions\/13835"}],"wp:attachment":[{"href":"https:\/\/miltonmarchioli.com.br\/blog\/wp-json\/wp\/v2\/media?parent=8716"}],"wp:term":[{"taxonomy":"category","embeddable":true,"href":"https:\/\/miltonmarchioli.com.br\/blog\/wp-json\/wp\/v2\/categories?post=8716"},{"taxonomy":"post_tag","embeddable":true,"href":"https:\/\/miltonmarchioli.com.br\/blog\/wp-json\/wp\/v2\/tags?post=8716"}],"curies":[{"name":"wp","href":"https:\/\/api.w.org\/{rel}","templated":true}]}}