{"id":8740,"date":"2015-07-03T12:31:20","date_gmt":"2015-07-03T15:31:20","guid":{"rendered":"http:\/\/miltonmarchioli.com.br\/blog\/?p=8740"},"modified":"2022-02-03T17:23:18","modified_gmt":"2022-02-03T20:23:18","slug":"ambulatorios-neurovascular-e-cefaleia-extintos-na-famema","status":"publish","type":"post","link":"https:\/\/miltonmarchioli.com.br\/blog\/ambulatorios-neurovascular-e-cefaleia-extintos-na-famema\/","title":{"rendered":"Ambulat\u00f3rios Neurovascular e Cefaleia extintos na Famema"},"content":{"rendered":"<p><a href=\"https:\/\/miltonmarchioli.com.br\/blog\/wp-content\/uploads\/the-end.jpg\"><img loading=\"lazy\" decoding=\"async\" class=\"alignleft wp-image-8744\" src=\"https:\/\/miltonmarchioli.com.br\/blog\/wp-content\/uploads\/the-end-300x197.jpg\" alt=\"the end\" width=\"244\" height=\"160\" srcset=\"https:\/\/miltonmarchioli.com.br\/blog\/wp-content\/uploads\/the-end-300x197.jpg 300w, https:\/\/miltonmarchioli.com.br\/blog\/wp-content\/uploads\/the-end.jpg 473w\" sizes=\"auto, (max-width: 244px) 100vw, 244px\" \/><\/a>Fomos informados no dia de hoje que os Ambulat\u00f3rios de Neurovascular e Cefaleia &#8211; parceria entre a disciplina de Neurologia e disciplina de Educa\u00e7\u00e3o em Ci\u00eancias da Sa\u00fade- deixar\u00e3o de atender pacientes encaminhados do Departamento Regional de Sa\u00fade IX do Estado de S\u00e3o Paulo.<\/p>\n<p>Os referidos ambulat\u00f3rios recebiam alunos do 4\u00ba ano do curso de medicina da Famema, os quais eram supervisionados por mim nos encaminhamentos provenientes de 62 munic\u00edpios que integram o IX Departamento Regional de Sa\u00fade do Estado de S\u00e3o Paulo.<\/p>\n<p>A decis\u00e3o partiu do chefe da disciplina de Neurologia &#8211; Luiz Domingos Mendes Melges &#8211; a qual s\u00f3 podemos lamentar, pois consider\u00e1vamos importante local de est\u00e1gio paro alunos do 4\u00ba ano do curso de medicina.<\/p>\n<p>Outrossim, recebia alunos do curso de medicina das ligas &#8211; Socineuro e Socidor.<\/p>\n<p>Sob minha supervis\u00e3o, o\u00a0 Ambulat\u00f3rio Neurovascular esteve em funcionamento de 2010 a junho de 2015, e o Ambulat\u00f3rio de Cefaleia de 2009 a junho de 2015.<\/p>\n<p>Fomos pegos de surpresa pela decis\u00e3o do rompimento da parceria entre as Disciplinas de Neurologia e\u00a0 Educa\u00e7\u00e3o em Ci\u00eancias da Sa\u00fade.<\/p>\n<p>N\u00e3o recebemos qualquer tipo de documento &#8211; requerimento ou of\u00edcio- por parte do docente Luiz Domingos Mendes Melges informando o rompimento da parceria entre as disciplinas, o qual nos foi informado pela Assistente Social do Ambulat\u00f3rio Mario Covas -Ant\u00f4nia Neide Eug\u00eanio\u00a0 Peres.<\/p>\n<p>Agradecemos os servidores da Fumes e da Famar que trabalharam conosco nesse per\u00edodo de funcionamento dos mencionados ambulat\u00f3rios.<\/p>\n<p>Meus sinceros agradecimentos a todos os Secret\u00e1rios Municipais de Sa\u00fade dos munic\u00edpios pertencentes ao IX Departamento Regional de Sa\u00fade do Estado de S\u00e3o Paulo que confiaram no nosso trabalho \u00e0 frente dos ambulat\u00f3rios.<\/p>\n<p>Em defesa do SUS e da integralidade do cuidado aos menos favorecidos da popula\u00e7\u00e3o brasileira !<\/p>\n<p><a href=\"https:\/\/miltonmarchioli.com.br\/blog\/wp-content\/uploads\/sus-3.jpg\"><img loading=\"lazy\" decoding=\"async\" class=\"aligncenter wp-image-8743\" src=\"https:\/\/miltonmarchioli.com.br\/blog\/wp-content\/uploads\/sus-3.jpg\" alt=\"sus - 3\" width=\"307\" height=\"527\" srcset=\"https:\/\/miltonmarchioli.com.br\/blog\/wp-content\/uploads\/sus-3.jpg 339w, https:\/\/miltonmarchioli.com.br\/blog\/wp-content\/uploads\/sus-3-175x300.jpg 175w\" sizes=\"auto, (max-width: 307px) 100vw, 307px\" \/><\/a><\/p>\n","protected":false},"excerpt":{"rendered":"<p>Fomos informados no dia de hoje que os Ambulat\u00f3rios de Neurovascular e Cefaleia &#8211; parceria entre a disciplina de Neurologia e disciplina de Educa\u00e7\u00e3o em Ci\u00eancias da Sa\u00fade- deixar\u00e3o de atender pacientes encaminhados do Departamento Regional de Sa\u00fade IX do Estado de S\u00e3o Paulo. Os referidos ambulat\u00f3rios recebiam alunos do 4\u00ba ano do curso de &hellip; <a href=\"https:\/\/miltonmarchioli.com.br\/blog\/ambulatorios-neurovascular-e-cefaleia-extintos-na-famema\/\" class=\"more-link\">Continue lendo <span class=\"screen-reader-text\">Ambulat\u00f3rios Neurovascular e Cefaleia extintos na Famema<\/span> <span class=\"meta-nav\">&rarr;<\/span><\/a><\/p>\n","protected":false},"author":2,"featured_media":0,"comment_status":"open","ping_status":"open","sticky":false,"template":"","format":"standard","meta":{"rop_custom_images_group":[],"rop_custom_messages_group":[],"rop_publish_now":"initial","rop_publish_now_accounts":[],"rop_publish_now_history":[],"rop_publish_now_status":"pending","footnotes":""},"categories":[8,332,366,9],"tags":[446,445,594,193],"class_list":["post-8740","post","type-post","status-publish","format-standard","hentry","category-direito-e-saude","category-educacao","category-politica","category-saude-publica","tag-ambulatorio-cefaleia-famema","tag-ambulatorio-neurovascular-famema","tag-luiz-domingos-mendes-melges","tag-milton-marchioli"],"_links":{"self":[{"href":"https:\/\/miltonmarchioli.com.br\/blog\/wp-json\/wp\/v2\/posts\/8740","targetHints":{"allow":["GET"]}}],"collection":[{"href":"https:\/\/miltonmarchioli.com.br\/blog\/wp-json\/wp\/v2\/posts"}],"about":[{"href":"https:\/\/miltonmarchioli.com.br\/blog\/wp-json\/wp\/v2\/types\/post"}],"author":[{"embeddable":true,"href":"https:\/\/miltonmarchioli.com.br\/blog\/wp-json\/wp\/v2\/users\/2"}],"replies":[{"embeddable":true,"href":"https:\/\/miltonmarchioli.com.br\/blog\/wp-json\/wp\/v2\/comments?post=8740"}],"version-history":[{"count":13,"href":"https:\/\/miltonmarchioli.com.br\/blog\/wp-json\/wp\/v2\/posts\/8740\/revisions"}],"predecessor-version":[{"id":13832,"href":"https:\/\/miltonmarchioli.com.br\/blog\/wp-json\/wp\/v2\/posts\/8740\/revisions\/13832"}],"wp:attachment":[{"href":"https:\/\/miltonmarchioli.com.br\/blog\/wp-json\/wp\/v2\/media?parent=8740"}],"wp:term":[{"taxonomy":"category","embeddable":true,"href":"https:\/\/miltonmarchioli.com.br\/blog\/wp-json\/wp\/v2\/categories?post=8740"},{"taxonomy":"post_tag","embeddable":true,"href":"https:\/\/miltonmarchioli.com.br\/blog\/wp-json\/wp\/v2\/tags?post=8740"}],"curies":[{"name":"wp","href":"https:\/\/api.w.org\/{rel}","templated":true}]}}