{"id":8764,"date":"2015-07-09T00:00:22","date_gmt":"2015-07-09T03:00:22","guid":{"rendered":"http:\/\/miltonmarchioli.com.br\/blog\/?p=8764"},"modified":"2022-02-04T12:14:58","modified_gmt":"2022-02-04T15:14:58","slug":"os-intocaveis-deflagram-a-operacao-esculapio-na-famema","status":"publish","type":"post","link":"https:\/\/miltonmarchioli.com.br\/blog\/os-intocaveis-deflagram-a-operacao-esculapio-na-famema\/","title":{"rendered":"Os intoc\u00e1veis deflagram a Opera\u00e7\u00e3o Escul\u00e1pio na Famema"},"content":{"rendered":"<p><a href=\"https:\/\/miltonmarchioli.com.br\/blog\/wp-content\/uploads\/DR-FERNANDO-BATTAUS.jpg\"><img loading=\"lazy\" decoding=\"async\" class=\"alignleft size-full wp-image-8765\" src=\"https:\/\/miltonmarchioli.com.br\/blog\/wp-content\/uploads\/DR-FERNANDO-BATTAUS.jpg\" alt=\"DR FERNANDO BATTAUS\" width=\"275\" height=\"183\" \/><\/a>A Opera\u00e7\u00e3o Escul\u00e1pio deflagrada na cidade de Mar\u00edlia na investiga\u00e7\u00e3o de irregularidades administrativas na Famema tem como seus l\u00edderes: Dr. Fernando Augusto Battaus, Delegado Chefe da Delegacia da Pol\u00edcia Federal em Mar\u00edlia, o Dr. Jefferson Aparecido Dias, Procurador da Rep\u00fablica,\u00a0 e o Dr. Oriel da Rocha Queiroz, Promotor de Justi\u00e7a do Estado de S\u00e3o Paulo.<\/p>\n<p>A CPI da Fumes iniciada com muitas tentativas de obstru\u00e7\u00e3o pela Diretoria Geral anterior, gest\u00e3o 2009-2012, com v\u00e1rios Mandados de Seguran\u00e7a, finalmente foi aprovada em 2012, apesar de tentativas de &#8220;melar&#8221; a vota\u00e7\u00e3o final com o pedido de vistas de \u00faltima hora do ex-vereador Jos\u00e9 Carlos Albuquerque.<\/p>\n<p><a href=\"https:\/\/www.youtube.com\/watch?v=GfE9Pj0dRXs\">Houve necessidade de uma sess\u00e3o extraordin\u00e1ria, na qual a CPI foi aprovada por unanimidade.<\/a><\/p>\n<p>A CPI da Fume encontrou muitas dificuldades para ser iniciada devido a in\u00fameros Mandados de Seguran\u00e7a impetrados pela\u00a0 Diretoria Geral da Famema (2009-2012).<a href=\"https:\/\/miltonmarchioli.com.br\/blog\/wp-content\/uploads\/JEFFERSON-APARECIDO-DIAS.jpg\"><img loading=\"lazy\" decoding=\"async\" class=\"alignright size-full wp-image-8766\" src=\"https:\/\/miltonmarchioli.com.br\/blog\/wp-content\/uploads\/JEFFERSON-APARECIDO-DIAS.jpg\" alt=\"JEFFERSON APARECIDO DIAS\" width=\"275\" height=\"183\" \/><\/a><\/p>\n<p>A partir dessa aprova\u00e7\u00e3o, a CPI da Fumes foi utilizada como pe\u00e7a inicial do Inqu\u00e9rito Civil, e que acabou por fim deflagrar a Opera\u00e7\u00e3o\u00a0 Escul\u00e1pio na Famema.<\/p>\n<p>Os servidores da Fumes e da Famar agradecem ao inestim\u00e1vel trabalho dessas tr\u00eas autoridades em defesa da\u00a0 Sa\u00fade P\u00fablica na cidade de Mar\u00edlia.<\/p>\n<p>Mar\u00edlia ser\u00e1 eternamente grata aos defensores da moralidade e transpar\u00eancia na Sa\u00fade P\u00fablica de Mar\u00edlia.<\/p>\n<p>S\u00f3 lamentamos que muitos docentes da institui\u00e7\u00e3o ao saberem de irregularidades n\u00e3o procuraram o Minist\u00e9rio P\u00fablico Estadual, a Procuradoria Geral da Rep\u00fablica ou a Pol\u00edcia Federal.<\/p>\n<p><a href=\"https:\/\/miltonmarchioli.com.br\/blog\/wp-content\/uploads\/ORIEL-DA-ROCHA-QUEIROZ.jpg\"><img loading=\"lazy\" decoding=\"async\" class=\"alignleft wp-image-8767\" src=\"https:\/\/miltonmarchioli.com.br\/blog\/wp-content\/uploads\/ORIEL-DA-ROCHA-QUEIROZ.jpg\" alt=\"ORIEL DA ROCHA QUEIROZ\" width=\"273\" height=\"182\" srcset=\"https:\/\/miltonmarchioli.com.br\/blog\/wp-content\/uploads\/ORIEL-DA-ROCHA-QUEIROZ.jpg 640w, https:\/\/miltonmarchioli.com.br\/blog\/wp-content\/uploads\/ORIEL-DA-ROCHA-QUEIROZ-300x200.jpg 300w\" sizes=\"auto, (max-width: 273px) 100vw, 273px\" \/><\/a>Comodismo !<\/p>\n<p>Mas, enfim o que valeu foram os poucos servidores que colaboraram com informa\u00e7\u00f5es\u00a0 importantes cedidas em confian\u00e7a para investiga\u00e7\u00e3o pelas autoridades competentes<\/p>\n<p>Meus sinceros agradecimentos ao que lutaram comigo pela moralidade na administra\u00e7\u00e3o p\u00fablica.<\/p>\n<p>Que o Senhor Jesus continue aben\u00e7oando a comunidade de servidores da Fumes e da Famar.<\/p>\n<header data-reactid=\".0.0.1.0.0\">\n<h4 data-reactid=\".0.0.1.0.0.0\"><span style=\"color: #339966;\"><span data-reactid=\".0.0.1.0.0.0.0\">Salmo<\/span> <span data-reactid=\".0.0.1.0.0.0.2\">121<\/span><\/span><\/h4>\n<\/header>\n<div class=\"bible verses\" data-reactid=\".0.0.1.0.1\">\n<p data-v=\"acf:19121001\" data-reactid=\".0.0.1.0.1.$0\"><sup data-reactid=\".0.0.1.0.1.$0.0\">1<\/sup> <span data-reactid=\".0.0.1.0.1.$0.2\">Levantarei os meus olhos para os montes, de onde vem o meu socorro.<\/span><\/p>\n<p data-v=\"acf:19121002\" data-reactid=\".0.0.1.0.1.$1\"><sup data-reactid=\".0.0.1.0.1.$1.0\">2<\/sup> <span data-reactid=\".0.0.1.0.1.$1.2\">O meu socorro vem do Senhor que fez o c\u00e9u e a terra.<\/span><\/p>\n<p data-v=\"acf:19121003\" data-reactid=\".0.0.1.0.1.$2\"><sup data-reactid=\".0.0.1.0.1.$2.0\">3<\/sup> <span data-reactid=\".0.0.1.0.1.$2.2\">N\u00e3o deixar\u00e1 vacilar o teu p\u00e9; aquele que te guarda n\u00e3o tosquenejar\u00e1.<\/span><\/p>\n<p data-v=\"acf:19121004\" data-reactid=\".0.0.1.0.1.$3\"><sup data-reactid=\".0.0.1.0.1.$3.0\">4<\/sup> <span data-reactid=\".0.0.1.0.1.$3.2\">Eis que n\u00e3o tosquenejar\u00e1 nem dormir\u00e1 o guarda de Israel.<\/span><\/p>\n<p data-v=\"acf:19121005\" data-reactid=\".0.0.1.0.1.$4\"><sup data-reactid=\".0.0.1.0.1.$4.0\">5<\/sup> <span data-reactid=\".0.0.1.0.1.$4.2\">O Senhor \u00e9 quem te guarda; o Senhor \u00e9 a tua sombra \u00e0 tua direita.<\/span><\/p>\n<p data-v=\"acf:19121006\" data-reactid=\".0.0.1.0.1.$5\"><sup data-reactid=\".0.0.1.0.1.$5.0\">6<\/sup> <span data-reactid=\".0.0.1.0.1.$5.2\">O sol n\u00e3o te molestar\u00e1 de dia nem a lua de noite.<\/span><\/p>\n<p data-v=\"acf:19121007\" data-reactid=\".0.0.1.0.1.$6\"><sup data-reactid=\".0.0.1.0.1.$6.0\">7<\/sup> <span data-reactid=\".0.0.1.0.1.$6.2\">O Senhor te guardar\u00e1 de todo o mal; guardar\u00e1 a tua alma.<\/span><\/p>\n<p data-v=\"acf:19121008\" data-reactid=\".0.0.1.0.1.$7\"><sup data-reactid=\".0.0.1.0.1.$7.0\">8<\/sup> <span data-reactid=\".0.0.1.0.1.$7.2\">O Senhor guardar\u00e1 a tua entrada e a tua sa\u00edda, desde agora e para sempre.<\/span><\/p>\n<p data-v=\"acf:19121008\" data-reactid=\".0.0.1.0.1.$7\"><a href=\"https:\/\/miltonmarchioli.com.br\/blog\/wp-content\/uploads\/isaias.jpg\"><img loading=\"lazy\" decoding=\"async\" class=\"aligncenter size-full wp-image-9984\" src=\"https:\/\/miltonmarchioli.com.br\/blog\/wp-content\/uploads\/isaias.jpg\" alt=\"isaias\" width=\"403\" height=\"403\" srcset=\"https:\/\/miltonmarchioli.com.br\/blog\/wp-content\/uploads\/isaias.jpg 403w, https:\/\/miltonmarchioli.com.br\/blog\/wp-content\/uploads\/isaias-150x150.jpg 150w, https:\/\/miltonmarchioli.com.br\/blog\/wp-content\/uploads\/isaias-300x300.jpg 300w\" sizes=\"auto, (max-width: 403px) 100vw, 403px\" \/><\/a><\/p>\n<\/div>\n","protected":false},"excerpt":{"rendered":"<p>A Opera\u00e7\u00e3o Escul\u00e1pio deflagrada na cidade de Mar\u00edlia na investiga\u00e7\u00e3o de irregularidades administrativas na Famema tem como seus l\u00edderes: Dr. Fernando Augusto Battaus, Delegado Chefe da Delegacia da Pol\u00edcia Federal em Mar\u00edlia, o Dr. Jefferson Aparecido Dias, Procurador da Rep\u00fablica,\u00a0 e o Dr. Oriel da Rocha Queiroz, Promotor de Justi\u00e7a do Estado de S\u00e3o Paulo. &hellip; <a href=\"https:\/\/miltonmarchioli.com.br\/blog\/os-intocaveis-deflagram-a-operacao-esculapio-na-famema\/\" class=\"more-link\">Continue lendo <span class=\"screen-reader-text\">Os intoc\u00e1veis deflagram a Opera\u00e7\u00e3o Escul\u00e1pio na Famema<\/span> <span class=\"meta-nav\">&rarr;<\/span><\/a><\/p>\n","protected":false},"author":2,"featured_media":0,"comment_status":"open","ping_status":"open","sticky":false,"template":"","format":"standard","meta":{"rop_custom_images_group":[],"rop_custom_messages_group":[],"rop_publish_now":"initial","rop_publish_now_accounts":[],"rop_publish_now_history":[],"rop_publish_now_status":"pending","footnotes":""},"categories":[8,366,9],"tags":[447,1050],"class_list":["post-8764","post","type-post","status-publish","format-standard","hentry","category-direito-e-saude","category-politica","category-saude-publica","tag-operacao-esculapio-famema","tag-os-intocaveis"],"_links":{"self":[{"href":"https:\/\/miltonmarchioli.com.br\/blog\/wp-json\/wp\/v2\/posts\/8764","targetHints":{"allow":["GET"]}}],"collection":[{"href":"https:\/\/miltonmarchioli.com.br\/blog\/wp-json\/wp\/v2\/posts"}],"about":[{"href":"https:\/\/miltonmarchioli.com.br\/blog\/wp-json\/wp\/v2\/types\/post"}],"author":[{"embeddable":true,"href":"https:\/\/miltonmarchioli.com.br\/blog\/wp-json\/wp\/v2\/users\/2"}],"replies":[{"embeddable":true,"href":"https:\/\/miltonmarchioli.com.br\/blog\/wp-json\/wp\/v2\/comments?post=8764"}],"version-history":[{"count":6,"href":"https:\/\/miltonmarchioli.com.br\/blog\/wp-json\/wp\/v2\/posts\/8764\/revisions"}],"predecessor-version":[{"id":13840,"href":"https:\/\/miltonmarchioli.com.br\/blog\/wp-json\/wp\/v2\/posts\/8764\/revisions\/13840"}],"wp:attachment":[{"href":"https:\/\/miltonmarchioli.com.br\/blog\/wp-json\/wp\/v2\/media?parent=8764"}],"wp:term":[{"taxonomy":"category","embeddable":true,"href":"https:\/\/miltonmarchioli.com.br\/blog\/wp-json\/wp\/v2\/categories?post=8764"},{"taxonomy":"post_tag","embeddable":true,"href":"https:\/\/miltonmarchioli.com.br\/blog\/wp-json\/wp\/v2\/tags?post=8764"}],"curies":[{"name":"wp","href":"https:\/\/api.w.org\/{rel}","templated":true}]}}