{"id":877,"date":"2011-10-11T18:37:54","date_gmt":"2011-10-11T18:37:54","guid":{"rendered":"http:\/\/miltonmarchioli.com.br\/blog\/?p=877"},"modified":"2022-01-03T22:50:08","modified_gmt":"2022-01-04T01:50:08","slug":"cpi-da-fumes-reaberta-pelo-poder-judiciario","status":"publish","type":"post","link":"https:\/\/miltonmarchioli.com.br\/blog\/cpi-da-fumes-reaberta-pelo-poder-judiciario\/","title":{"rendered":"CPI da Fumes reaberta pelo Poder Judici\u00e1rio"},"content":{"rendered":"<p><a href=\"https:\/\/miltonmarchioli.com.br\/blog\/wp-content\/uploads\/lupa.jpg\"><img loading=\"lazy\" decoding=\"async\" class=\"alignleft size-medium wp-image-10301\" src=\"https:\/\/miltonmarchioli.com.br\/blog\/wp-content\/uploads\/lupa-170x300.jpg\" alt=\"lupa\" width=\"170\" height=\"300\" srcset=\"https:\/\/miltonmarchioli.com.br\/blog\/wp-content\/uploads\/lupa-170x300.jpg 170w, https:\/\/miltonmarchioli.com.br\/blog\/wp-content\/uploads\/lupa.jpg 286w\" sizes=\"auto, (max-width: 170px) 100vw, 170px\" \/><\/a>Nesse m\u00eas de setembro de 2011\u00a0 h\u00e1 decis\u00e3o \u00a0fundamentada em senten\u00e7a proveniente de Mandado de Seguran\u00e7a prolatada pela ju\u00edza \u00c2ngela Martinez Henrinch, cassando a liminar que impedia a\u00a0 CPI da Fumes (Funda\u00e7\u00e3o Municipal de Ensino Superior de Mar\u00edlia), e por isso a mesma foi reaberta.<\/p>\n<p>Assim foi a senten\u00e7a:<\/p>\n<p><em>In verbis:<\/em><\/p>\n<p><em>\u201cAssim, considerando que a impetrante (Fumes) n\u00e3o trouxe aos autos a prova da viola\u00e7\u00e3o a direito l\u00edquido e certo que alega ter, a denega\u00e7\u00e3o da seguran\u00e7a postulada \u00e9 medida que se imp\u00f5e. Posto isso, julgo improcedente o presente mandado de seguran\u00e7a impetrado pela Funda\u00e7\u00e3o Municipal de Ensino Superior de Mar\u00edlia, por consequ\u00eancia, casso a liminar 121\/123\u201d, proferiu em senten\u00e7a a ju\u00edza \u00c2ngela Martinez Heirinch.<\/em><\/p>\n<p>A CPI da Fumes criada para investigar os repasses de R$ 240 milh\u00f5es do or\u00e7amento municipal entre os anos de 2006 e 2010 foi reiniciada no dia\u00a014\u00a0 de setembro de 2011, \u00a0ap\u00f3s receber parecer do Departamento Jur\u00eddico da C\u00e2mara confirmando que\u00a0o\u00a0Tribunal de Justi\u00e7a negou recurso\u00a0da autarquia Famema.<\/p>\n<p>A CPI instalada em maio do ano de 2010 foi suspenso no dia 14 de julho seguinte, quando o juiz substituto Henrique Berlofa Vila Verde expediu liminar em Mandado de Seguran\u00e7a impetrado pela Fumes.<\/p>\n<p>A d\u00edvida\u00a0 gigantesca (FGTS e INSS n\u00e3o recolhidos) inviabilizou\u00a0 os repasses de dota\u00e7\u00e3o or\u00e7ament\u00e1ria para a FUMES, e\u00a0 nesse diapas\u00e3o h\u00e1\u00a0quatro\u00a0anos os repasses de verbas\u00a0 p\u00fablicas para a autarquia Famema\u00a0 s\u00e3o\u00a0 transferidos para a\u00a0 Famar (Funda\u00e7\u00e3o de Apoio \u00e0 Faculdade de Medicina de Mar\u00edlia), que \u00e9\u00a0 uma funda\u00e7\u00e3o de direito privado, por\u00e9m com aspecto <strong>sui generis <\/strong>(verbas p\u00fablicas), criada \u00e0s pressas para conseguir repasses ao complexo Famema, que inclui al\u00e9m do Hospital das Cl\u00ednicas I, II e III, Ambulat\u00f3rio M\u00e1rio Covas, Hemocentro e o\u00a0 pagamento dos servidores da Famar e Fumes.<\/p>\n<p>A CPI tamb\u00e9m quer informa\u00e7\u00f5es sobre a constitui\u00e7\u00e3o da Famar, funda\u00e7\u00e3o privada que hoje administra os recursos para a autaruia de ensino e Hospital das Cl\u00ednicas de Mar\u00edlia.<\/p>\n<p>Estima-se que a CNPJ Fumes e CNPJ Famema\u00a0 devam\u00a0 R$ 500 milh\u00f5es em passivos de INSS e Fundo de Garantia por Tempo de Servi\u00e7o\u00a0(FGTS) .<\/p>\n<p>A CPI havia sido trancada a pedido da Diretoria Geral da Famema (Diretor Jos\u00e9 Augusto Alves Ottaiano), antes mesmo do in\u00edcio das investiga\u00e7\u00f5es, logo ap\u00f3s sua instala\u00e7\u00e3o na C\u00e2mara Municipalde Mar\u00edlia com a alega\u00e7\u00e3o de que a Fumes j\u00e1 \u00e9 fiscalizada pelo Tribunal de Contas de S\u00e3o Paulo.<\/p>\n<p>Somente a auditoria\u00a0 realizada pela CPI para se \u00a0detectar o que houve nesses \u00faltimos anos das Diretorias Gerais da Famema e Fumes,<\/p>\n<p>A CPI ser\u00e1\u00a0fundamental e necess\u00e1ria,\u00a0pois, em momento posterior, ao se\u00a0 discutir a possibilidade de encampa\u00e7\u00e3o da Famema por uma Universidade &#8211; USP, UNESP ou UNICAMP, essa d\u00edvida ser\u00e1 um empecilho para encampa\u00e7\u00e3o futura.<\/p>\n<p>Entendo ser necess\u00e1ria a investiga\u00e7\u00e3o,\u00a0 pois\u00a0 toda administra\u00e7\u00e3o p\u00fablica j\u00e1 \u00e9 avaliada anualmente pelo TCE- Tribunal de Contas do Estado (TCE), o\u00a0 qual apontou irregularidades na Fumes.<\/p>\n<p>Sendo assim foi criada a Famar para se manter os repasses do poder p\u00fablico para a autarquia Famema, pois a insolv\u00eancia financeira da Fumes a impede de receber verbas da Secretaria de Desenvolvimento Econ\u00f4mico.<\/p>\n<p>\u00c9 o que assevera a Constitui\u00e7\u00e3o Federal.<\/p>\n<p>Assim, temos na mesma institui\u00e7\u00e3o &#8211; Autarquia, lei 8898\/94, Fumes que n\u00e3o foi extinta \u00e0 \u00e9poca da estadualiza\u00e7\u00e3o da Famema em 1994, mas que era para ser extinta, e\u00a0a Famar criada em 2007 quando o TCE\u00a0 constatou irregularidades na Fumes.<\/p>\n<p>A CPI \u00e9 o caminho para se investigar, al\u00e9m do Minist\u00e9rio P\u00fablico,\u00a0 por meio de uma A\u00e7\u00e3o Civil P\u00fablica, para se \u00a0detectar em que momento os repasses\u00a0ao \u00a0INSS n\u00e3o foram feitos, bem como o FGTS n\u00e3o foram depositados nas contas dos servidores.<\/p>\n<p>A administra\u00e7\u00e3o p\u00fablica \u00e9 impessoal, aliada aos conceitos de probidade e moralidade.<\/p>\n<p>Os\u00a0 docentes ocupantes de cargos p\u00fablicos, em faculdades e ou unviersidades, s\u00e3o tempor\u00e1rios , mas a institui\u00e7\u00e3o fica e permanece.<\/p>\n<p>A CPI n\u00e3o \u00e9 contra a\u00a0 atual administra\u00e7\u00e3o, mas sim verificar como est\u00e1 o exerc\u00edcio da administra\u00e7\u00e3o p\u00fablica indireta &#8211; autarquia, Famar e a Fumes.<\/p>\n<p>CPI ser\u00e1 \u00fatil e necess\u00e1ria para a sa\u00fade p\u00fablica de Mar\u00edlia.<\/p>\n<p><a href=\"https:\/\/miltonmarchioli.com.br\/blog\/wp-content\/uploads\/cpi-dolar.jpg\"><img loading=\"lazy\" decoding=\"async\" class=\"aligncenter wp-image-9411\" src=\"https:\/\/miltonmarchioli.com.br\/blog\/wp-content\/uploads\/cpi-dolar.jpg\" alt=\"cpi-dolar\" width=\"612\" height=\"312\" srcset=\"https:\/\/miltonmarchioli.com.br\/blog\/wp-content\/uploads\/cpi-dolar.jpg 918w, https:\/\/miltonmarchioli.com.br\/blog\/wp-content\/uploads\/cpi-dolar-300x153.jpg 300w\" sizes=\"auto, (max-width: 612px) 100vw, 612px\" \/><\/a> &#8220;Em pol\u00edtica, tal como na moral, \u00e9 um grande mal n\u00e3o fazer bem, e todo o cidad\u00e3o in\u00fatil deve ser considerado um homem pernicioso&#8221;.<\/p>\n<p style=\"text-align: center;\">Jean Jacques Rousseau<\/p>\n","protected":false},"excerpt":{"rendered":"<p>Nesse m\u00eas de setembro de 2011\u00a0 h\u00e1 decis\u00e3o \u00a0fundamentada em senten\u00e7a proveniente de Mandado de Seguran\u00e7a prolatada pela ju\u00edza \u00c2ngela Martinez Henrinch, cassando a liminar que impedia a\u00a0 CPI da Fumes (Funda\u00e7\u00e3o Municipal de Ensino Superior de Mar\u00edlia), e por isso a mesma foi reaberta. Assim foi a senten\u00e7a: In verbis: \u201cAssim, considerando que a &hellip; <a href=\"https:\/\/miltonmarchioli.com.br\/blog\/cpi-da-fumes-reaberta-pelo-poder-judiciario\/\" class=\"more-link\">Continue lendo <span class=\"screen-reader-text\">CPI da Fumes reaberta pelo Poder Judici\u00e1rio<\/span> <span class=\"meta-nav\">&rarr;<\/span><\/a><\/p>\n","protected":false},"author":2,"featured_media":0,"comment_status":"open","ping_status":"open","sticky":false,"template":"","format":"standard","meta":{"rop_custom_images_group":[],"rop_custom_messages_group":[],"rop_publish_now":"initial","rop_publish_now_accounts":[],"rop_publish_now_history":[],"rop_publish_now_status":"pending","footnotes":""},"categories":[18,8,13,9],"tags":[87],"class_list":["post-877","post","type-post","status-publish","format-standard","hentry","category-direito","category-direito-e-saude","category-opiniao","category-saude-publica","tag-cpi-fumes"],"_links":{"self":[{"href":"https:\/\/miltonmarchioli.com.br\/blog\/wp-json\/wp\/v2\/posts\/877","targetHints":{"allow":["GET"]}}],"collection":[{"href":"https:\/\/miltonmarchioli.com.br\/blog\/wp-json\/wp\/v2\/posts"}],"about":[{"href":"https:\/\/miltonmarchioli.com.br\/blog\/wp-json\/wp\/v2\/types\/post"}],"author":[{"embeddable":true,"href":"https:\/\/miltonmarchioli.com.br\/blog\/wp-json\/wp\/v2\/users\/2"}],"replies":[{"embeddable":true,"href":"https:\/\/miltonmarchioli.com.br\/blog\/wp-json\/wp\/v2\/comments?post=877"}],"version-history":[{"count":24,"href":"https:\/\/miltonmarchioli.com.br\/blog\/wp-json\/wp\/v2\/posts\/877\/revisions"}],"predecessor-version":[{"id":13426,"href":"https:\/\/miltonmarchioli.com.br\/blog\/wp-json\/wp\/v2\/posts\/877\/revisions\/13426"}],"wp:attachment":[{"href":"https:\/\/miltonmarchioli.com.br\/blog\/wp-json\/wp\/v2\/media?parent=877"}],"wp:term":[{"taxonomy":"category","embeddable":true,"href":"https:\/\/miltonmarchioli.com.br\/blog\/wp-json\/wp\/v2\/categories?post=877"},{"taxonomy":"post_tag","embeddable":true,"href":"https:\/\/miltonmarchioli.com.br\/blog\/wp-json\/wp\/v2\/tags?post=877"}],"curies":[{"name":"wp","href":"https:\/\/api.w.org\/{rel}","templated":true}]}}