{"id":8795,"date":"2015-07-10T01:43:22","date_gmt":"2015-07-10T04:43:22","guid":{"rendered":"http:\/\/miltonmarchioli.com.br\/blog\/?p=8795"},"modified":"2022-02-07T10:11:44","modified_gmt":"2022-02-07T13:11:44","slug":"diretorio-academico-christiano-altenfelder-se-posiciona-sobre-a-operacao-esculapio-na-famema","status":"publish","type":"post","link":"https:\/\/miltonmarchioli.com.br\/blog\/diretorio-academico-christiano-altenfelder-se-posiciona-sobre-a-operacao-esculapio-na-famema\/","title":{"rendered":"Diret\u00f3rio Acad\u00eamico Christiano Altenfelder se posiciona sobre a Opera\u00e7\u00e3o Escul\u00e1pio na Famema"},"content":{"rendered":"<p><a href=\"http:\/\/www.miltonmarchioli.com.br\/blog\/wp-content\/uploads\/ESCUL\u00c1PIO-FAMEMA-2015.jpg\"><img loading=\"lazy\" decoding=\"async\" class=\"alignleft size-full wp-image-13848\" src=\"http:\/\/www.miltonmarchioli.com.br\/blog\/wp-content\/uploads\/ESCUL\u00c1PIO-FAMEMA-2015.jpg\" alt=\"ESCUL\u00c1PIO FAMEMA 2015\" width=\"261\" height=\"193\" \/><\/a><\/p>\n<p><span style=\"color: #008000;\"><strong>NOTA DE POSICIONAMENTO OFICIAL DO DACA EM 08-07-2015<\/strong><\/span><\/p>\n<p>O Diret\u00f3rio Acad\u00eamico Christiano Altenfelder (DACA) , \u00f3rg\u00e3o representativo m\u00e1ximo dos estudantes de Medicina da Faculdade de Medicina de Mar\u00edlia (FAMEMA), vem por meio desta se pronunciar sobre os eventos do dia 8 de julho.<\/p>\n<p>Nessa quarta-feira, a Pol\u00edcia Federal e o Minist\u00e9rio P\u00fablico cumpriram ordens de busca e apreens\u00e3o nas depend\u00eancias da FAMEMA, bem como nas resid\u00eancias particulares dos diretores da institui\u00e7\u00e3o e em suas cl\u00ednicas. As acusa\u00e7\u00f5es s\u00e3o amplas e preocupantes, indo desde peculato at\u00e9 forma\u00e7\u00e3o de quadrilha. Os respons\u00e1veis pela investiga\u00e7\u00e3o citam o superfaturamento de licita\u00e7\u00f5es e a realiza\u00e7\u00e3o de plant\u00f5es fantasmas como alguns exemplos dos crimes de corrup\u00e7\u00e3o realizados dentro de nosso hospital.<\/p>\n<p>O DACA, desde 2009 vem realizando investiga\u00e7\u00f5es independentes nas contas da faculdade, ocupando cargos dentro da curadoria e na congrega\u00e7\u00e3o da institui\u00e7\u00e3o. Desde ent\u00e3o produzimos CENTENAS de den\u00fancias &#8211; muitas delas usadas pela PF na investiga\u00e7\u00e3o atual. As fraudes n\u00e3o s\u00e3o novidades para n\u00f3s, os plant\u00f5es fantasmas e a canaliza\u00e7\u00e3o do dinheiro p\u00fablico para cl\u00ednicas privadas n\u00e3o s\u00e3o novidade para nenhum aluno da faculdade. S\u00e3o casos de corrup\u00e7\u00e3o escancarados, feitos por diretores que &#8211; do alto de sua arrog\u00e2ncia e soberba &#8211; se viam acima da lei.<\/p>\n<p>Quando confrontados com esses fatos, os diretores por in\u00fameras vezes usaram de amea\u00e7as graves. Em um dos casos mais emblem\u00e1ticos, os alunos do diret\u00f3rio foram coagidos a entregar seus computadores pessoais para uma auditoria interna. As ironias da vida permitiram que os pr\u00f3prios diretores tivessem seus computadores apreendidos, dessa vez de maneira legal.<\/p>\n<p>Mas esse n\u00e3o foi o \u00fanico exemplo da intransig\u00eancia da dire\u00e7\u00e3o.<\/p>\n<p>Durante reuni\u00f5es esse ano sobre outros casos de corrup\u00e7\u00e3o, como o caso dos professores fantasmas, os diretores fizeram chantagens emocionais e amea\u00e7aram cancelar o Workshop da FAMEMA, uma das \u00fanicas fontes de renda do diret\u00f3rio.<\/p>\n<p>Esses exemplos servem para ilustrar o que todos j\u00e1 sabem, independente do assunto, a dire\u00e7\u00e3o n\u00e3o est\u00e1 disposta a cooperar e debater. O caminho da &#8220;porrada primeiro, pergunta depois&#8221; \u00e9 percorrido por todos os membros da dire\u00e7\u00e3o, ainda que o assunto seja consenso entre os estudantes, como o <strong>curr\u00edculo falido da gradua\u00e7\u00e3o.<\/strong> N\u00e3o importa quantos alunos do primeiro ano reclamem e se vejam em meio a uma desestrutura\u00e7\u00e3o total, a dire\u00e7\u00e3o ainda se considerar\u00e1 especialista em educa\u00e7\u00e3o m\u00e9dica &#8211; muitos sem nunca terem estudado o assunto.<\/p>\n<p>O caso FUMES\/FAMAR \u00e9 ainda mais emblem\u00e1tico. Ap\u00f3s afundar em d\u00edvidas com a FUMES por conta da p\u00e9ssima gest\u00e3o, os gestores da faculdade resolveram fundar a FAMAR (uma institui\u00e7\u00e3o de direito privado) que passou a receber as verbas do governo estadual ILEGALMENTE e sem liberar seus or\u00e7amentos, ou seja, deixando a comunidade no escuro e abrindo caminho para toda a corrup\u00e7\u00e3o que estamos acostumados em todas as esferas de governo. Tudo isso com apoio INTEGRAL do Governo do Estado de S\u00e3o Paulo, que contrariou determina\u00e7\u00e3o de ilegalidade do contrato com a FAMAR, mantendo os repasses.<\/p>\n<p>Enviamos esse ano of\u00edcios para a FAMAR, pedindo libera\u00e7\u00e3o das contas. H\u00e1 cerca de 3 meses esperamos a resposta.<\/p>\n<p>O DACA est\u00e1 em contato direto com membros do poder legislativo do estado e do munic\u00edpio, bem como com os respons\u00e1veis pela auditoria do complexo. Com acesso a esses importantes contatos, o DACA tem em sua posse um dossi\u00ea de quase nove mil p\u00e1ginas, que j\u00e1 foi enviado ao Minist\u00e9rio P\u00fablico &#8211; com resumos enviados \u00e0s m\u00eddias.<\/p>\n<p>Aos trancos e barrancos o Movimento Estudantil se manteve na luta. Nosso objetivo sempre foi passar a limpo a FAMEMA, para que assim possamos construir uma faculdade que seja de fato refer\u00eancia em ensino e assist\u00eancia. Os estudantes sofrem em suas lutas, mas se mant\u00eam em p\u00e9.<\/p>\n<p><a href=\"https:\/\/www.facebook.com\/daca.famema\/posts\/1475958382433818\"><span style=\"color: #008000;\">Fonte- Diret\u00f3rio Acad\u00eamico Christiano Altenfelder<\/span><\/a><\/p>\n<p><a href=\"http:\/\/www.miltonmarchioli.com.br\/blog\/wp-content\/uploads\/ESCUL\u00c1PIO-FAMEMA-2015-TERCEIRA.jpg\"><img loading=\"lazy\" decoding=\"async\" class=\"aligncenter size-full wp-image-13851\" src=\"http:\/\/www.miltonmarchioli.com.br\/blog\/wp-content\/uploads\/ESCUL\u00c1PIO-FAMEMA-2015-TERCEIRA.jpg\" alt=\"ESCUL\u00c1PIO FAMEMA 2015 TERCEIRA\" width=\"1246\" height=\"720\" srcset=\"https:\/\/miltonmarchioli.com.br\/blog\/wp-content\/uploads\/ESCUL\u00c1PIO-FAMEMA-2015-TERCEIRA.jpg 1246w, https:\/\/miltonmarchioli.com.br\/blog\/wp-content\/uploads\/ESCUL\u00c1PIO-FAMEMA-2015-TERCEIRA-300x173.jpg 300w, https:\/\/miltonmarchioli.com.br\/blog\/wp-content\/uploads\/ESCUL\u00c1PIO-FAMEMA-2015-TERCEIRA-768x444.jpg 768w, https:\/\/miltonmarchioli.com.br\/blog\/wp-content\/uploads\/ESCUL\u00c1PIO-FAMEMA-2015-TERCEIRA-1024x592.jpg 1024w\" sizes=\"auto, (max-width: 1246px) 100vw, 1246px\" \/><\/a><\/p>\n<p>&nbsp;<\/p>\n<p>&nbsp;<\/p>\n","protected":false},"excerpt":{"rendered":"<p>NOTA DE POSICIONAMENTO OFICIAL DO DACA EM 08-07-2015 O Diret\u00f3rio Acad\u00eamico Christiano Altenfelder (DACA) , \u00f3rg\u00e3o representativo m\u00e1ximo dos estudantes de Medicina da Faculdade de Medicina de Mar\u00edlia (FAMEMA), vem por meio desta se pronunciar sobre os eventos do dia 8 de julho. Nessa quarta-feira, a Pol\u00edcia Federal e o Minist\u00e9rio P\u00fablico cumpriram ordens de &hellip; <a href=\"https:\/\/miltonmarchioli.com.br\/blog\/diretorio-academico-christiano-altenfelder-se-posiciona-sobre-a-operacao-esculapio-na-famema\/\" class=\"more-link\">Continue lendo <span class=\"screen-reader-text\">Diret\u00f3rio Acad\u00eamico Christiano Altenfelder se posiciona sobre a Opera\u00e7\u00e3o Escul\u00e1pio na Famema<\/span> <span class=\"meta-nav\">&rarr;<\/span><\/a><\/p>\n","protected":false},"author":2,"featured_media":0,"comment_status":"open","ping_status":"open","sticky":false,"template":"","format":"standard","meta":{"rop_custom_images_group":[],"rop_custom_messages_group":[],"rop_publish_now":"initial","rop_publish_now_accounts":[],"rop_publish_now_history":[],"rop_publish_now_status":"pending","footnotes":""},"categories":[8,332,9],"tags":[464],"class_list":["post-8795","post","type-post","status-publish","format-standard","hentry","category-direito-e-saude","category-educacao","category-saude-publica","tag-diretorio-academico-christiano-altenfelder-famema-operacao-esculapio"],"_links":{"self":[{"href":"https:\/\/miltonmarchioli.com.br\/blog\/wp-json\/wp\/v2\/posts\/8795","targetHints":{"allow":["GET"]}}],"collection":[{"href":"https:\/\/miltonmarchioli.com.br\/blog\/wp-json\/wp\/v2\/posts"}],"about":[{"href":"https:\/\/miltonmarchioli.com.br\/blog\/wp-json\/wp\/v2\/types\/post"}],"author":[{"embeddable":true,"href":"https:\/\/miltonmarchioli.com.br\/blog\/wp-json\/wp\/v2\/users\/2"}],"replies":[{"embeddable":true,"href":"https:\/\/miltonmarchioli.com.br\/blog\/wp-json\/wp\/v2\/comments?post=8795"}],"version-history":[{"count":17,"href":"https:\/\/miltonmarchioli.com.br\/blog\/wp-json\/wp\/v2\/posts\/8795\/revisions"}],"predecessor-version":[{"id":13852,"href":"https:\/\/miltonmarchioli.com.br\/blog\/wp-json\/wp\/v2\/posts\/8795\/revisions\/13852"}],"wp:attachment":[{"href":"https:\/\/miltonmarchioli.com.br\/blog\/wp-json\/wp\/v2\/media?parent=8795"}],"wp:term":[{"taxonomy":"category","embeddable":true,"href":"https:\/\/miltonmarchioli.com.br\/blog\/wp-json\/wp\/v2\/categories?post=8795"},{"taxonomy":"post_tag","embeddable":true,"href":"https:\/\/miltonmarchioli.com.br\/blog\/wp-json\/wp\/v2\/tags?post=8795"}],"curies":[{"name":"wp","href":"https:\/\/api.w.org\/{rel}","templated":true}]}}