{"id":8876,"date":"2015-07-13T17:54:17","date_gmt":"2015-07-13T20:54:17","guid":{"rendered":"http:\/\/miltonmarchioli.com.br\/blog\/?p=8876"},"modified":"2022-02-08T10:26:06","modified_gmt":"2022-02-08T13:26:06","slug":"iniciada-nova-greve-dos-servidores-da-famema-em-2015","status":"publish","type":"post","link":"https:\/\/miltonmarchioli.com.br\/blog\/iniciada-nova-greve-dos-servidores-da-famema-em-2015\/","title":{"rendered":"Iniciada nova greve dos servidores da Famema em 2015"},"content":{"rendered":"<p><a href=\"https:\/\/miltonmarchioli.com.br\/blog\/wp-content\/uploads\/greve.jpg\"><img loading=\"lazy\" decoding=\"async\" class=\"alignleft wp-image-8877\" src=\"https:\/\/miltonmarchioli.com.br\/blog\/wp-content\/uploads\/greve.jpg\" alt=\"greve\" width=\"269\" height=\"171\" \/><\/a>Mais uma crise institucional na Famema.<\/p>\n<p>A quarta greve dos servidores em cinco anos : 2011, 2013, 2014 e 2015.<\/p>\n<p>Motivo:\u00a0 falta de reajuste salarial.<\/p>\n<p>Consequ\u00eancias\u00a0 \u00a0da greve: perda e falta de atendimento por parte dos usu\u00e1rios do SUS, ainda que os servidores estejam respeitando as leis de greve.<\/p>\n<p>Fator ensejador da greve: n\u00e3o avan\u00e7aram as negocia\u00e7\u00f5es entre os gestores da Famema com os servidores da Famar e Fumes.<\/p>\n<p>Caso n\u00e3o ocorra o acordo coletivo haver\u00e1 o diss\u00eddio coletivo no TRT-15\u00a0 de Campinas.<\/p>\n<p>A greve dever durar de 15 a 30 dias segundo previs\u00e3o dos representantes do Sinsa\u00fade.<\/p>\n<p>O Hospital das Cl\u00ednicas de Mar\u00edlia, que \u00e9 refer\u00eancia para 62 cidades da regi\u00e3o, atravessa uma das maiores crises financeiras da sua hist\u00f3ria. No fim de maio, os\u00a0<a href=\"http:\/\/g1.globo.com\/sp\/bauru-marilia\/noticia\/2015\/05\/diretores-da-famema-pedem-socorro-ao-estado-para-cumprir-pagamentos.html\" target=\"_blank\">diretores da faculdade pediram verbas para o Estado<\/a>\u00a0para poderem cumprir os repasses prometidos para janeiro e tamb\u00e9m para reposi\u00e7\u00e3o salarial dos funcion\u00e1rios.<\/p>\n<p>Devido \u00e0 gravidade da situa\u00e7\u00e3o, muitos pacientes t\u00eam sido dispensados por falta de material b\u00e1sico, desde os rem\u00e9dios mais simples at\u00e9 materiais de limpeza.<\/p>\n<p>O Hospital das Cl\u00ednicas, formado por cinco unidades hospitalares, \u00e9 refer\u00eancia para 62 cidades da regi\u00e3o, e necessita da libera\u00e7\u00e3o dos recursos para poder continuar atendendo usu\u00e1rios do SUS.<\/p>\n<div class=\"text_exposed_show\">\n<p><a href=\"https:\/\/miltonmarchioli.com.br\/blog\/wp-content\/uploads\/GREVE-MAO.jpg\"><img loading=\"lazy\" decoding=\"async\" class=\"aligncenter wp-image-8883\" src=\"https:\/\/miltonmarchioli.com.br\/blog\/wp-content\/uploads\/GREVE-MAO.jpg\" alt=\"GREVE MAO\" width=\"385\" height=\"422\" srcset=\"https:\/\/miltonmarchioli.com.br\/blog\/wp-content\/uploads\/GREVE-MAO.jpg 527w, https:\/\/miltonmarchioli.com.br\/blog\/wp-content\/uploads\/GREVE-MAO-274x300.jpg 274w\" sizes=\"auto, (max-width: 385px) 100vw, 385px\" \/><\/a><\/p>\n<\/div>\n","protected":false},"excerpt":{"rendered":"<p>Mais uma crise institucional na Famema. A quarta greve dos servidores em cinco anos : 2011, 2013, 2014 e 2015. Motivo:\u00a0 falta de reajuste salarial. Consequ\u00eancias\u00a0 \u00a0da greve: perda e falta de atendimento por parte dos usu\u00e1rios do SUS, ainda que os servidores estejam respeitando as leis de greve. Fator ensejador da greve: n\u00e3o avan\u00e7aram &hellip; <a href=\"https:\/\/miltonmarchioli.com.br\/blog\/iniciada-nova-greve-dos-servidores-da-famema-em-2015\/\" class=\"more-link\">Continue lendo <span class=\"screen-reader-text\">Iniciada nova greve dos servidores da Famema em 2015<\/span> <span class=\"meta-nav\">&rarr;<\/span><\/a><\/p>\n","protected":false},"author":2,"featured_media":0,"comment_status":"open","ping_status":"open","sticky":false,"template":"","format":"standard","meta":{"rop_custom_images_group":[],"rop_custom_messages_group":[],"rop_publish_now":"initial","rop_publish_now_accounts":[],"rop_publish_now_history":[],"rop_publish_now_status":"pending","footnotes":""},"categories":[8,11,332,366,9],"tags":[202,1287],"class_list":["post-8876","post","type-post","status-publish","format-standard","hentry","category-direito-e-saude","category-economia","category-educacao","category-politica","category-saude-publica","tag-famema","tag-greve-servidores-da-famar-e-fumes"],"_links":{"self":[{"href":"https:\/\/miltonmarchioli.com.br\/blog\/wp-json\/wp\/v2\/posts\/8876","targetHints":{"allow":["GET"]}}],"collection":[{"href":"https:\/\/miltonmarchioli.com.br\/blog\/wp-json\/wp\/v2\/posts"}],"about":[{"href":"https:\/\/miltonmarchioli.com.br\/blog\/wp-json\/wp\/v2\/types\/post"}],"author":[{"embeddable":true,"href":"https:\/\/miltonmarchioli.com.br\/blog\/wp-json\/wp\/v2\/users\/2"}],"replies":[{"embeddable":true,"href":"https:\/\/miltonmarchioli.com.br\/blog\/wp-json\/wp\/v2\/comments?post=8876"}],"version-history":[{"count":10,"href":"https:\/\/miltonmarchioli.com.br\/blog\/wp-json\/wp\/v2\/posts\/8876\/revisions"}],"predecessor-version":[{"id":13856,"href":"https:\/\/miltonmarchioli.com.br\/blog\/wp-json\/wp\/v2\/posts\/8876\/revisions\/13856"}],"wp:attachment":[{"href":"https:\/\/miltonmarchioli.com.br\/blog\/wp-json\/wp\/v2\/media?parent=8876"}],"wp:term":[{"taxonomy":"category","embeddable":true,"href":"https:\/\/miltonmarchioli.com.br\/blog\/wp-json\/wp\/v2\/categories?post=8876"},{"taxonomy":"post_tag","embeddable":true,"href":"https:\/\/miltonmarchioli.com.br\/blog\/wp-json\/wp\/v2\/tags?post=8876"}],"curies":[{"name":"wp","href":"https:\/\/api.w.org\/{rel}","templated":true}]}}