{"id":8890,"date":"2015-07-14T20:14:06","date_gmt":"2015-07-14T23:14:06","guid":{"rendered":"http:\/\/miltonmarchioli.com.br\/blog\/?p=8890"},"modified":"2022-02-08T10:27:53","modified_gmt":"2022-02-08T13:27:53","slug":"reuniao-entre-famema-e-vereadores-em-2009-mudou-a-saude-publica-de-marilia","status":"publish","type":"post","link":"https:\/\/miltonmarchioli.com.br\/blog\/reuniao-entre-famema-e-vereadores-em-2009-mudou-a-saude-publica-de-marilia\/","title":{"rendered":"Reuni\u00e3o entre  Diretoria da Famema e vereadores em 2009. Mudou a Sa\u00fade P\u00fablica de Mar\u00edlia ?"},"content":{"rendered":"<p><a href=\"https:\/\/miltonmarchioli.com.br\/blog\/wp-content\/uploads\/reuni\u00e3o.jpg\"><img loading=\"lazy\" decoding=\"async\" class=\"alignleft wp-image-12250\" src=\"https:\/\/miltonmarchioli.com.br\/blog\/wp-content\/uploads\/reuni\u00e3o-300x225.jpg\" alt=\"reuni\u00e3o\" width=\"272\" height=\"204\" srcset=\"https:\/\/miltonmarchioli.com.br\/blog\/wp-content\/uploads\/reuni\u00e3o-300x225.jpg 300w, https:\/\/miltonmarchioli.com.br\/blog\/wp-content\/uploads\/reuni\u00e3o-768x576.jpg 768w, https:\/\/miltonmarchioli.com.br\/blog\/wp-content\/uploads\/reuni\u00e3o.jpg 1024w\" sizes=\"auto, (max-width: 272px) 100vw, 272px\" \/><\/a>Em 10 de setembro de 2009 houve a reuni\u00e3o entre a Diretoria da Famema e os vereadores para se obter o t\u00edtulo de Utilidade P\u00fablica para a Famar.<\/p>\n<p>Eis o texto <em>ipsis litteris<\/em> do texto extra\u00eddo da C\u00e2mara Municipal de Mar\u00edlia em 2009:<\/p>\n<p><em>Ocorreu na manh\u00e3 de hoje, 10 de setembro, na C\u00e2mara Municipal de Mar\u00edlia reuni\u00e3o entre os vereadores, a dire\u00e7\u00e3o da FAMEMA \u2013 Faculdade de Medicina de Mar\u00edlia e representantes da FAMAR \u2013 Funda\u00e7\u00e3o de Apoio \u00e0 Faculdade de Medicina de Mar\u00edlia. Estiveram presentes \u00e0 reuni\u00e3o, os vereadores Delegado Wilson Damasceno, Herval Rosa Seabra, J\u00fanior da Farm\u00e1cia, M\u00e1rio Cora\u00edni J\u00fanior e Yoshio Takaoka, o Diretor-Geral da C\u00e2mara, Lu\u00eds Henrique Albertoni e o assessor parlamentar, Manuel Cortez, representando o Presidente Eduardo Nascimento, que estava em viagem. Pela Faculdade de Medicina de Mar\u00edlia, compareceram o Diretor-Geral e Presidente do Conselho de Administra\u00e7\u00e3o da FAMAR, Jos\u00e9 Augusto Alves Ottaiano; o Presidente da Diretoria Executiva da FAMAR, Alfredo Rafael Dell\u2019Aringa; o Vice-Diretor Geral da FAMEMA e Membro do Conselho de Administra\u00e7\u00e3o da FAMAR, Paulo Roberto Michelone; os advogados da FAMAR, Francisco de Assis Alves e Isabela Nougu\u00e9s Wargaftig e o Assistente T\u00e9cnico II da Diretoria da FAMEMA, Winston Wiira.<\/em><\/p>\n<p><em>A Dire\u00e7\u00e3o da FAMEMA pleiteia, junto \u00e0 C\u00e2mara, a aprova\u00e7\u00e3o do Projeto de Lei n\u00ba 112\/2009, de autoria do Vereador Eduardo Nascimento, que declara de utilidade p\u00fablica a FAMAR. Eles argumentaram que a FUMES \u2013 Funda\u00e7\u00e3o Municipal de Ensino Superior de Mar\u00edlia, antiga respons\u00e1vel pela FAMEMA, encontra-se em situa\u00e7\u00e3o irregular perante o INSS, uma vez que durante d\u00e9cadas n\u00e3o foi feito o recolhimento da parte patronal relativa ao tributo, acarretando o inadimplemento da entidade, a impossibilidade da obten\u00e7\u00e3o de certid\u00f5es, o bloqueio dos bens, a impossibilidade de contrata\u00e7\u00e3o de pessoal e de aquisi\u00e7\u00e3o de materiais de consumo.<\/em><\/p>\n<p><em>Segundo o advogado Francisco de Assis Alves, n\u00e3o houve outra alternativa a n\u00e3o ser a cria\u00e7\u00e3o de uma outra funda\u00e7\u00e3o, a FAMAR, para gerir os neg\u00f3cios da FAMEMA, Hospital de Cl\u00ednicas I e II e os outros \u00f3rg\u00e3os do Complexo. Os m\u00e9dicos reivindicaram tamb\u00e9m uma \u00e1rea pertencente ao Munic\u00edpio, para implanta\u00e7\u00e3o de um Hospital de Reabilita\u00e7\u00e3o, cujo projeto, do Governo do Estado, j\u00e1 est\u00e1 em fase final, dependendo apenas da libera\u00e7\u00e3o da \u00e1rea. Eles argumentaram que a FUMES possui uma \u00e1rea, mas que est\u00e1 \u201csub-judice\u201d, e a Promotoria P\u00fablica de Mar\u00edlia j\u00e1 teria concordado com sua permuta por uma outra \u00e1rea, caso a Prefeitura fizesse a doa\u00e7\u00e3o.<\/em><\/p>\n<p><em>Conforme explicaram o Diretor-Geral da C\u00e2mara, Lu\u00eds Albertoni e o assessor Manuel Cortez, o Projeto de Lei ainda n\u00e3o havia sido votado porque faltavam documentos relativos \u00e0 FAMAR e que estes documentos j\u00e1 foram solicitados \u00e0 entidade pela C\u00e2mara.<\/em><\/p>\n<p><em>Os Vereadores se comprometeram a agendar uma reuni\u00e3o com o Prefeito, em regime de urg\u00eancia, para discuss\u00e3o das quest\u00f5es relativas \u00e0 FAMAR\/FAMEMA. Segundo o Vereador Herval Rosa Seabra, \u201ca quest\u00e3o da sa\u00fade, por ser de extrema import\u00e2ncia \u00e0 sociedade em geral, deve ser tratada com aten\u00e7\u00e3o especial por parte do poder p\u00fablico\u201d, sugerindo aos representantes da FAMEMA que a presen\u00e7a dos residentes de Medicina pudesse retornar aos pronto-atendimentos e postos de sa\u00fade do Munic\u00edpio.<\/em><\/p>\n<p><em>A preocupa\u00e7\u00e3o do Vereador M\u00e1rio Cora\u00edni J\u00fanior foi com rela\u00e7\u00e3o \u00e0 fiscaliza\u00e7\u00e3o a ser exercida sobre os atos praticados pela FAMAR, devido ao recebimento de verbas p\u00fablicas, recursos oriundos das v\u00e1rias esferas de governo, no que foi respondido pelos advogados da Funda\u00e7\u00e3o, que a FAMAR era fiscalizada pelo Tribunal de Contas do Estado de S\u00e3o Paulo.<\/em><\/p>\n<p><em>O Vereador Delegado Wilson Damasceno, Presidente da Comiss\u00e3o de Justi\u00e7a e Reda\u00e7\u00e3o da C\u00e2mara, comentou que assim que recebesse a documenta\u00e7\u00e3o faltante, daria parecer favor\u00e1vel ao Projeto de Lei que considera de utilidade p\u00fablica a FAMAR.<\/em><\/p>\n<p><em>O Vereador Yoshio Takaoka disse que \u201cacredito que n\u00f3s, Vereadores, temos que ajudar a FAMAR, para que a FAMAR possa ajudar o Hospital de Cl\u00ednicas e o S\u00e3o Francisco, pois para que o S\u00e3o Francisco volte a funcionar, \u00e9 preciso fazer a contrata\u00e7\u00e3o de pessoal, e atrav\u00e9s da FUMES isso \u00e9 imposs\u00edvel\u201d.<\/em><\/p>\n<p><strong><span style=\"color: #008000;\">Fonte- Camar<\/span><\/strong><\/p>\n<p>Essa reuni\u00e3o tem quase seis anos de sua exist\u00eancia.<\/p>\n<p>E nos dias atuais a Sa\u00fade Publica de Mar\u00edlia mudou para melhor em qualidade e quantidade de atendimentos ?<\/p>\n<p><a href=\"https:\/\/miltonmarchioli.com.br\/blog\/wp-content\/uploads\/FAMAR-NA-CAMARA-MUNICIPAL-2009.jpg\"><img loading=\"lazy\" decoding=\"async\" class=\"aligncenter wp-image-8892\" src=\"https:\/\/miltonmarchioli.com.br\/blog\/wp-content\/uploads\/FAMAR-NA-CAMARA-MUNICIPAL-2009.jpg\" alt=\"FAMAR NA CAMARA MUNICIPAL 2009\" width=\"577\" height=\"383\" srcset=\"https:\/\/miltonmarchioli.com.br\/blog\/wp-content\/uploads\/FAMAR-NA-CAMARA-MUNICIPAL-2009.jpg 1024w, https:\/\/miltonmarchioli.com.br\/blog\/wp-content\/uploads\/FAMAR-NA-CAMARA-MUNICIPAL-2009-300x200.jpg 300w\" sizes=\"auto, (max-width: 577px) 100vw, 577px\" \/><\/a><\/p>\n","protected":false},"excerpt":{"rendered":"<p>Em 10 de setembro de 2009 houve a reuni\u00e3o entre a Diretoria da Famema e os vereadores para se obter o t\u00edtulo de Utilidade P\u00fablica para a Famar. Eis o texto ipsis litteris do texto extra\u00eddo da C\u00e2mara Municipal de Mar\u00edlia em 2009: Ocorreu na manh\u00e3 de hoje, 10 de setembro, na C\u00e2mara Municipal de &hellip; <a href=\"https:\/\/miltonmarchioli.com.br\/blog\/reuniao-entre-famema-e-vereadores-em-2009-mudou-a-saude-publica-de-marilia\/\" class=\"more-link\">Continue lendo <span class=\"screen-reader-text\">Reuni\u00e3o entre  Diretoria da Famema e vereadores em 2009. Mudou a Sa\u00fade P\u00fablica de Mar\u00edlia ?<\/span> <span class=\"meta-nav\">&rarr;<\/span><\/a><\/p>\n","protected":false},"author":2,"featured_media":0,"comment_status":"open","ping_status":"open","sticky":false,"template":"","format":"standard","meta":{"rop_custom_images_group":[],"rop_custom_messages_group":[],"rop_publish_now":"initial","rop_publish_now_accounts":[],"rop_publish_now_history":[],"rop_publish_now_status":"pending","footnotes":""},"categories":[8,11,366,9],"tags":[620],"class_list":["post-8890","post","type-post","status-publish","format-standard","hentry","category-direito-e-saude","category-economia","category-politica","category-saude-publica","tag-reuniao-diretoria-famema-e-vereadores-de-marilia-2009"],"_links":{"self":[{"href":"https:\/\/miltonmarchioli.com.br\/blog\/wp-json\/wp\/v2\/posts\/8890","targetHints":{"allow":["GET"]}}],"collection":[{"href":"https:\/\/miltonmarchioli.com.br\/blog\/wp-json\/wp\/v2\/posts"}],"about":[{"href":"https:\/\/miltonmarchioli.com.br\/blog\/wp-json\/wp\/v2\/types\/post"}],"author":[{"embeddable":true,"href":"https:\/\/miltonmarchioli.com.br\/blog\/wp-json\/wp\/v2\/users\/2"}],"replies":[{"embeddable":true,"href":"https:\/\/miltonmarchioli.com.br\/blog\/wp-json\/wp\/v2\/comments?post=8890"}],"version-history":[{"count":6,"href":"https:\/\/miltonmarchioli.com.br\/blog\/wp-json\/wp\/v2\/posts\/8890\/revisions"}],"predecessor-version":[{"id":12251,"href":"https:\/\/miltonmarchioli.com.br\/blog\/wp-json\/wp\/v2\/posts\/8890\/revisions\/12251"}],"wp:attachment":[{"href":"https:\/\/miltonmarchioli.com.br\/blog\/wp-json\/wp\/v2\/media?parent=8890"}],"wp:term":[{"taxonomy":"category","embeddable":true,"href":"https:\/\/miltonmarchioli.com.br\/blog\/wp-json\/wp\/v2\/categories?post=8890"},{"taxonomy":"post_tag","embeddable":true,"href":"https:\/\/miltonmarchioli.com.br\/blog\/wp-json\/wp\/v2\/tags?post=8890"}],"curies":[{"name":"wp","href":"https:\/\/api.w.org\/{rel}","templated":true}]}}