{"id":893,"date":"2011-10-13T01:40:43","date_gmt":"2011-10-13T01:40:43","guid":{"rendered":"http:\/\/miltonmarchioli.com.br\/blog\/?p=893"},"modified":"2022-01-04T10:05:36","modified_gmt":"2022-01-04T13:05:36","slug":"seminario-drogas-anticonvulsivantes-ou-antiepilepticas","status":"publish","type":"post","link":"https:\/\/miltonmarchioli.com.br\/blog\/seminario-drogas-anticonvulsivantes-ou-antiepilepticas\/","title":{"rendered":"Drogas anticonvulsivantes ou antiepil\u00e9pticas. Semin\u00e1rio. Curso de Medicina da Famema"},"content":{"rendered":"<p><a href=\"https:\/\/miltonmarchioli.com.br\/blog\/wp-content\/uploads\/medicamentos-12.jpg\"><img loading=\"lazy\" decoding=\"async\" class=\"alignleft wp-image-10303\" src=\"https:\/\/miltonmarchioli.com.br\/blog\/wp-content\/uploads\/medicamentos-12-300x225.jpg\" alt=\"medicamentos 12\" width=\"268\" height=\"201\" srcset=\"https:\/\/miltonmarchioli.com.br\/blog\/wp-content\/uploads\/medicamentos-12-300x225.jpg 300w, https:\/\/miltonmarchioli.com.br\/blog\/wp-content\/uploads\/medicamentos-12.jpg 600w\" sizes=\"auto, (max-width: 268px) 100vw, 268px\" \/><\/a>Semin\u00e1rio\u00a0 apresentado pela aluna do 4\u00ba ano do curso de medicina &#8211; Helena Ramos Daoud\u00a0 Yacoub- em est\u00e1gio do Ambulat\u00f3rio Mario Covas- Cefaleia em revis\u00e3o de <a href=\"https:\/\/miltonmarchioli.com.br\/blog\/wp-content\/uploads\/aula-anticonvulsivantes-HELENA-YACOUB.ppt\">drogas anticonvulsivantes ou antiepil\u00e9pticas.<\/a><\/p>\n<p>Excelente revis\u00e3o feita pela acad\u00eamica do curso de medicina da Famema.<\/p>\n<p>Importante revis\u00e3o evidenciando as diferen\u00e7as nos mecanismos de a\u00e7\u00e3o (farmacodin\u00e2mica) das drogas anticonvulsivantes.<\/p>\n<p>A compreens\u00e3o dos diferentes mecanismos desses f\u00e1rmacos utilizados no tratamento da epilepsia \u00e9 de \u00a0fundamental\u00a0 import\u00e2ncia para o sucesso do tratamento.<\/p>\n<p>Alguns desses f\u00e1rmacos ainda n\u00e3o est\u00e3o disponibilizados na rede b\u00e1sica de sa\u00fade, como o topiramato, que ainda \u00e9 considerado medicamento de alto custo.<\/p>\n<p>O topiramato \u00e9 tanto indicado no tratamento das crises convulsivas, como tamb\u00e9m como profilaxia para a migr\u00e2nea.<\/p>\n<p>O tratamento da epilepsia deve ser iniciado apenas com um f\u00e1rmaco, em dose eficaz.<\/p>\n<p>Se o efeito obtido n\u00e3o for satisfat\u00f3rio, deve ser substitu\u00eddo ou associado a outro.<\/p>\n<p>Nas crises generalizadas, os f\u00e1rmacos mais usados s\u00e3o o \u00e1cido valpr\u00f3ico e a carbamazepina.<\/p>\n<p>Nas crises focais, a\u00a0 carbamazepina parece ser o mais eficaz e, no estado de mal epil\u00e9ptico, o f\u00e1rmaco de primeira escolha \u00e9 a fenito\u00edna por via intravenosa (fosfenitoina), seguida de fenobarbital\u00a0.<\/p>\n<p>Em outras situa\u00e7\u00f5es dif\u00edceis de controlar recorre-se a outros f\u00e1rmacos, como o clonazepam, a etossuximida e a vigabatrina, e outros, ou mesmo a associa\u00e7\u00f5es de antiepil\u00e9pticos.<\/p>\n<p>Em qualquer tipo de epilepsia a supress\u00e3o brusca do tratamento n\u00e3o \u00e9 recomend\u00e1vel, pelo risco de reaparecimento da sintomatologia.<\/p>\n<p>Quando se torna necess\u00e1rio a substitui\u00e7\u00e3o de um f\u00e1rmaco, faz-se a introdu\u00e7\u00e3o do segundo, retirando, gradualmente, o primeiro.<\/p>\n<p>A posologia deve ser estabelecida caso a caso, tendo em conta a gravidade da situa\u00e7\u00e3o, a idade, a resposta \u00e0 terap\u00eautica, a profiss\u00e3o, etc.<\/p>\n<p>A dose de manuten\u00e7\u00e3o de qualquer antiepil\u00e9ptico deve ser a m\u00ednima necess\u00e1ria para manter o doente livre de crises.<\/p>\n<p>Como o tratamento com estes f\u00e1rmacos \u00e9, em regra, prolongado, torna-se necess\u00e1rio estar atento \u00e0s poss\u00edveis rea\u00e7\u00f5es adversas, hep\u00e1ticas, hematol\u00f3gicas e renais pela elevada frequ\u00eancia com que ocorrem com esses f\u00e1rmacos.<\/p>\n<p>A lamotrigina \u00e9 utilizada em monoterapia, e n\u00e3o deve ser utilizada em doentes com idade inferior a 12 anos, ou no tratamento adjuvante de crises parciais. Nesta situa\u00e7\u00e3o est\u00e1 indicado o\u00a0 topiramato, quando aquelas crises n\u00e3o s\u00e3o satisfatoriamente controladas por outros antiepil\u00e9pticos.<\/p>\n<p>O Ambuat\u00f3rio de Cefaleia recebe encaminhamentos do Departamento Regional de Sa\u00fade IX do Estado de S\u00e3o Paulo.<\/p>\n<p>Lutemos por uma Sa\u00fade P\u00fablica com qualidade !<\/p>\n<figure id=\"attachment_10304\" aria-describedby=\"caption-attachment-10304\" style=\"width: 670px\" class=\"wp-caption aligncenter\"><a href=\"https:\/\/miltonmarchioli.com.br\/blog\/wp-content\/uploads\/medicamentos-13.jpg\"><img loading=\"lazy\" decoding=\"async\" class=\"size-full wp-image-10304\" src=\"https:\/\/miltonmarchioli.com.br\/blog\/wp-content\/uploads\/medicamentos-13.jpg\" alt=\"Bowl filled with pills and hand with spoon on a table\" width=\"670\" height=\"445\" srcset=\"https:\/\/miltonmarchioli.com.br\/blog\/wp-content\/uploads\/medicamentos-13.jpg 670w, https:\/\/miltonmarchioli.com.br\/blog\/wp-content\/uploads\/medicamentos-13-300x199.jpg 300w\" sizes=\"auto, (max-width: 670px) 100vw, 670px\" \/><\/a><figcaption id=\"caption-attachment-10304\" class=\"wp-caption-text\">Bowl filled with pills and hand with spoon on a table<\/figcaption><\/figure>\n","protected":false},"excerpt":{"rendered":"<p>Semin\u00e1rio\u00a0 apresentado pela aluna do 4\u00ba ano do curso de medicina &#8211; Helena Ramos Daoud\u00a0 Yacoub- em est\u00e1gio do Ambulat\u00f3rio Mario Covas- Cefaleia em revis\u00e3o de drogas anticonvulsivantes ou antiepil\u00e9pticas. Excelente revis\u00e3o feita pela acad\u00eamica do curso de medicina da Famema. Importante revis\u00e3o evidenciando as diferen\u00e7as nos mecanismos de a\u00e7\u00e3o (farmacodin\u00e2mica) das drogas anticonvulsivantes. A &hellip; <a href=\"https:\/\/miltonmarchioli.com.br\/blog\/seminario-drogas-anticonvulsivantes-ou-antiepilepticas\/\" class=\"more-link\">Continue lendo <span class=\"screen-reader-text\">Drogas anticonvulsivantes ou antiepil\u00e9pticas. Semin\u00e1rio. Curso de Medicina da Famema<\/span> <span class=\"meta-nav\">&rarr;<\/span><\/a><\/p>\n","protected":false},"author":2,"featured_media":0,"comment_status":"open","ping_status":"open","sticky":false,"template":"","format":"standard","meta":{"rop_custom_images_group":[],"rop_custom_messages_group":[],"rop_publish_now":"initial","rop_publish_now_accounts":[],"rop_publish_now_history":[],"rop_publish_now_status":"pending","footnotes":""},"categories":[332,4,13,9],"tags":[591,193],"class_list":["post-893","post","type-post","status-publish","format-standard","hentry","category-educacao","category-neurologia","category-opiniao","category-saude-publica","tag-ambulatorio-cefaleia-ambulatorio-mario-covas-famema","tag-milton-marchioli"],"_links":{"self":[{"href":"https:\/\/miltonmarchioli.com.br\/blog\/wp-json\/wp\/v2\/posts\/893","targetHints":{"allow":["GET"]}}],"collection":[{"href":"https:\/\/miltonmarchioli.com.br\/blog\/wp-json\/wp\/v2\/posts"}],"about":[{"href":"https:\/\/miltonmarchioli.com.br\/blog\/wp-json\/wp\/v2\/types\/post"}],"author":[{"embeddable":true,"href":"https:\/\/miltonmarchioli.com.br\/blog\/wp-json\/wp\/v2\/users\/2"}],"replies":[{"embeddable":true,"href":"https:\/\/miltonmarchioli.com.br\/blog\/wp-json\/wp\/v2\/comments?post=893"}],"version-history":[{"count":14,"href":"https:\/\/miltonmarchioli.com.br\/blog\/wp-json\/wp\/v2\/posts\/893\/revisions"}],"predecessor-version":[{"id":13427,"href":"https:\/\/miltonmarchioli.com.br\/blog\/wp-json\/wp\/v2\/posts\/893\/revisions\/13427"}],"wp:attachment":[{"href":"https:\/\/miltonmarchioli.com.br\/blog\/wp-json\/wp\/v2\/media?parent=893"}],"wp:term":[{"taxonomy":"category","embeddable":true,"href":"https:\/\/miltonmarchioli.com.br\/blog\/wp-json\/wp\/v2\/categories?post=893"},{"taxonomy":"post_tag","embeddable":true,"href":"https:\/\/miltonmarchioli.com.br\/blog\/wp-json\/wp\/v2\/tags?post=893"}],"curies":[{"name":"wp","href":"https:\/\/api.w.org\/{rel}","templated":true}]}}