{"id":8934,"date":"2015-07-17T20:02:22","date_gmt":"2015-07-17T23:02:22","guid":{"rendered":"http:\/\/miltonmarchioli.com.br\/blog\/?p=8934"},"modified":"2022-02-09T09:26:51","modified_gmt":"2022-02-09T12:26:51","slug":"ministerio-publico-federal-devera-oferecer-denuncia-apos-conclusao-do-inquerito-policial-da-policia-federal","status":"publish","type":"post","link":"https:\/\/miltonmarchioli.com.br\/blog\/ministerio-publico-federal-devera-oferecer-denuncia-apos-conclusao-do-inquerito-policial-da-policia-federal\/","title":{"rendered":"Minist\u00e9rio P\u00fablico Federal dever\u00e1 oferecer den\u00fancia ap\u00f3s conclus\u00e3o do inqu\u00e9rito policial da Pol\u00edcia Federal"},"content":{"rendered":"<p><a href=\"https:\/\/miltonmarchioli.com.br\/blog\/wp-content\/uploads\/esculapio-2.jpg\"><img loading=\"lazy\" decoding=\"async\" class=\"alignleft wp-image-8755\" src=\"https:\/\/miltonmarchioli.com.br\/blog\/wp-content\/uploads\/esculapio-2.jpg\" alt=\"esculapio 2\" width=\"226\" height=\"226\" srcset=\"https:\/\/miltonmarchioli.com.br\/blog\/wp-content\/uploads\/esculapio-2.jpg 300w, https:\/\/miltonmarchioli.com.br\/blog\/wp-content\/uploads\/esculapio-2-150x150.jpg 150w\" sizes=\"auto, (max-width: 226px) 100vw, 226px\" \/><\/a><a href=\"https:\/\/www.youtube.com\/watch?v=j2B5pM9uET0&amp;feature=youtu.be\">O Minist\u00e9rio P\u00fablico Federal (MPF) deve formalizar as primeiras den\u00fancias contra os acusados de fraudes na administra\u00e7\u00e3o da Famema (Faculdade de Medicina de Mar\u00edlia) ap\u00f3s conclus\u00e3o do inqu\u00e9rito policial. <\/a><\/p>\n<p>Os investigados devem ser indiciados pelos crimes de fraude em licita\u00e7\u00e3o, desvio de recurso p\u00fablico (peculato) e associa\u00e7\u00e3o criminosa conforme investiga\u00e7\u00e3o da Opera\u00e7\u00e3o Escul\u00e1pio ocorrida dia 08 de julho de 2015.<\/p>\n<p>As investiga\u00e7\u00f5es come\u00e7aram em janeiro de 2013.<\/p>\n<p>\u201cA apura\u00e7\u00e3o de irregularidades nesses documentos apreendidos na Opera\u00e7\u00e3o Escul\u00e1pio levar\u00e1 uma demanda de tempo de an\u00e1lise na investiga\u00e7\u00e3o, mas as apura\u00e7\u00f5es de algumas irregularidades j\u00e1 estavam bem avan\u00e7adas no in\u00edcio da investiga\u00e7\u00e3o e faltavam apenas pontos para amarrar a acusa\u00e7\u00e3o\u201d, disse o Procurador da Rep\u00fablica, Jeferson Aparecido Dias.<\/p>\n<p>A investiga\u00e7\u00e3o foi iniciada pelo Minist\u00e9rio P\u00fablico do Estado de S\u00e3o Paulo com documentos obtidos atrav\u00e9s da CPI da Fumes (Funda\u00e7\u00e3o Municipal de Ensino Superior de Mar\u00edlia) conclu\u00edda pela C\u00e2mara de Mar\u00edlia em 2012, e Tribunal de Contas do Estado . A apura\u00e7\u00e3o apontou irregularidades com verbas federais destinadas \u00e0 Famar (Funda\u00e7\u00e3o de Apoio \u00e0 Faculdade de Medicina de Mar\u00edlia),e por isso atraiu a compet\u00eancia do Minist\u00e9rio P\u00fablico Federal.<\/p>\n<p>\u201cA Famar gerencia um or\u00e7amento anual de cerca de R$ 200 milh\u00f5es para gerir o Complexo Famema. Esses documentos obtidos desde o ano de 2011 revelaram v\u00e1rias irregularidades. N\u00e3o sabemos o tamanho do montante desviado, mas a cifras assustam\u201d, afirmou o Procurador da Rep\u00fablica.<\/p>\n<p>A investiga\u00e7\u00e3o apontou irregularidades na formaliza\u00e7\u00e3o de conv\u00eanios com cl\u00ednicas m\u00e9dicas nas especialidades de oftalmologia, radioterapia, e nefrologia. \u201cAo inv\u00e9s do servi\u00e7o m\u00e9dico ser realizado pelo hospital, o dinheiro p\u00fablico era destinado para as cl\u00ednicas particulares. Na maioria dos casos os gestores da Famema eram contratantes e contratados\u201d, afirmou o Procurador da Rep\u00fablica.<\/p>\n<p>Ainda segundo o MPF, os documentos obtidos at\u00e9 agora na investiga\u00e7\u00e3o identificou tamb\u00e9m fraudes em licita\u00e7\u00f5es para aquisi\u00e7\u00e3o de equipamentos, pr\u00f3teses e \u00f3rteses. \u201c\u00c9 bem evidente o superfaturamento nas licita\u00e7\u00f5es. Os valores pagos indicados nos documentos apreendidos na Opera\u00e7\u00e3o Escul\u00e1pio obtidos s\u00e3o bem acima do mercado nacional\u201d, disse o Procurador da Rep\u00fablica.<\/p>\n<p>Aduz Dias, que a investiga\u00e7\u00e3o identificou fraude nos plant\u00f5es m\u00e9dicos realizados no Complexo Famema. \u201cA carga excessiva de trabalho era incompat\u00edvel ou esses plant\u00f5es m\u00e9dicos n\u00e3o eram realizados, pois n\u00e3o haveria tempo h\u00e1bil nem para dormir. Ficou evidente que um grupo de servidores da Fumes e Famar se beneficiava fraudando esses documentos\u201d, finalizou.<\/p>\n<p>Opera\u00e7\u00e3o Escul\u00e1pio um divisor de \u00e1guas na Sa\u00fade P\u00fablica de Mar\u00edlia!<\/p>\n<p>Opera\u00e7\u00e3o Escul\u00e1pio um divisor de \u00e1guas na Sa\u00fade P\u00fablica no interior de S\u00e3o Paulo !<\/p>\n<p><span style=\"text-decoration: underline;\"><strong><span style=\"color: #000000;\"><em><a href=\"https:\/\/miltonmarchioli.com.br\/blog\/wp-content\/uploads\/esculapio-81.jpg\"><img loading=\"lazy\" decoding=\"async\" class=\"aligncenter size-full wp-image-8936\" src=\"https:\/\/miltonmarchioli.com.br\/blog\/wp-content\/uploads\/esculapio-81.jpg\" alt=\"esculapio 8\" width=\"599\" height=\"342\" srcset=\"https:\/\/miltonmarchioli.com.br\/blog\/wp-content\/uploads\/esculapio-81.jpg 599w, https:\/\/miltonmarchioli.com.br\/blog\/wp-content\/uploads\/esculapio-81-300x171.jpg 300w\" sizes=\"auto, (max-width: 599px) 100vw, 599px\" \/><\/a><\/em><\/span><\/strong><\/span><\/p>\n","protected":false},"excerpt":{"rendered":"<p>O Minist\u00e9rio P\u00fablico Federal (MPF) deve formalizar as primeiras den\u00fancias contra os acusados de fraudes na administra\u00e7\u00e3o da Famema (Faculdade de Medicina de Mar\u00edlia) ap\u00f3s conclus\u00e3o do inqu\u00e9rito policial. Os investigados devem ser indiciados pelos crimes de fraude em licita\u00e7\u00e3o, desvio de recurso p\u00fablico (peculato) e associa\u00e7\u00e3o criminosa conforme investiga\u00e7\u00e3o da Opera\u00e7\u00e3o Escul\u00e1pio ocorrida dia &hellip; <a href=\"https:\/\/miltonmarchioli.com.br\/blog\/ministerio-publico-federal-devera-oferecer-denuncia-apos-conclusao-do-inquerito-policial-da-policia-federal\/\" class=\"more-link\">Continue lendo <span class=\"screen-reader-text\">Minist\u00e9rio P\u00fablico Federal dever\u00e1 oferecer den\u00fancia ap\u00f3s conclus\u00e3o do inqu\u00e9rito policial da Pol\u00edcia Federal<\/span> <span class=\"meta-nav\">&rarr;<\/span><\/a><\/p>\n","protected":false},"author":2,"featured_media":0,"comment_status":"open","ping_status":"open","sticky":false,"template":"","format":"standard","meta":{"rop_custom_images_group":[],"rop_custom_messages_group":[],"rop_publish_now":"initial","rop_publish_now_accounts":[],"rop_publish_now_history":[],"rop_publish_now_status":"pending","footnotes":""},"categories":[8,366,9],"tags":[755,1288,447],"class_list":["post-8934","post","type-post","status-publish","format-standard","hentry","category-direito-e-saude","category-politica","category-saude-publica","tag-ministerio-publico-estadual","tag-ministerio-publico-federal","tag-operacao-esculapio-famema"],"_links":{"self":[{"href":"https:\/\/miltonmarchioli.com.br\/blog\/wp-json\/wp\/v2\/posts\/8934","targetHints":{"allow":["GET"]}}],"collection":[{"href":"https:\/\/miltonmarchioli.com.br\/blog\/wp-json\/wp\/v2\/posts"}],"about":[{"href":"https:\/\/miltonmarchioli.com.br\/blog\/wp-json\/wp\/v2\/types\/post"}],"author":[{"embeddable":true,"href":"https:\/\/miltonmarchioli.com.br\/blog\/wp-json\/wp\/v2\/users\/2"}],"replies":[{"embeddable":true,"href":"https:\/\/miltonmarchioli.com.br\/blog\/wp-json\/wp\/v2\/comments?post=8934"}],"version-history":[{"count":15,"href":"https:\/\/miltonmarchioli.com.br\/blog\/wp-json\/wp\/v2\/posts\/8934\/revisions"}],"predecessor-version":[{"id":13859,"href":"https:\/\/miltonmarchioli.com.br\/blog\/wp-json\/wp\/v2\/posts\/8934\/revisions\/13859"}],"wp:attachment":[{"href":"https:\/\/miltonmarchioli.com.br\/blog\/wp-json\/wp\/v2\/media?parent=8934"}],"wp:term":[{"taxonomy":"category","embeddable":true,"href":"https:\/\/miltonmarchioli.com.br\/blog\/wp-json\/wp\/v2\/categories?post=8934"},{"taxonomy":"post_tag","embeddable":true,"href":"https:\/\/miltonmarchioli.com.br\/blog\/wp-json\/wp\/v2\/tags?post=8934"}],"curies":[{"name":"wp","href":"https:\/\/api.w.org\/{rel}","templated":true}]}}