{"id":899,"date":"2011-10-13T03:51:07","date_gmt":"2011-10-13T03:51:07","guid":{"rendered":"http:\/\/miltonmarchioli.com.br\/blog\/?p=899"},"modified":"2022-01-04T10:28:39","modified_gmt":"2022-01-04T13:28:39","slug":"diretorio-academico-christiano-altenfelder-recebe-apoio-do-diretorio-academico-da-unicamp","status":"publish","type":"post","link":"https:\/\/miltonmarchioli.com.br\/blog\/diretorio-academico-christiano-altenfelder-recebe-apoio-do-diretorio-academico-da-unicamp\/","title":{"rendered":"Diret\u00f3rio  Acad\u00eamico Christiano Altenfelder recebe apoio do Diret\u00f3rio Acad\u00eamico  da Unicamp"},"content":{"rendered":"<p><img loading=\"lazy\" decoding=\"async\" class=\"alignleft size-medium wp-image-11881\" src=\"https:\/\/miltonmarchioli.com.br\/blog\/wp-content\/uploads\/mo\u00e7\u00e3o-de-apoio-300x145.jpg\" alt=\"mo\u00e7\u00e3o de apoio\" width=\"300\" height=\"145\" srcset=\"https:\/\/miltonmarchioli.com.br\/blog\/wp-content\/uploads\/mo\u00e7\u00e3o-de-apoio-300x145.jpg 300w, https:\/\/miltonmarchioli.com.br\/blog\/wp-content\/uploads\/mo\u00e7\u00e3o-de-apoio.jpg 448w\" sizes=\"auto, (max-width: 300px) 100vw, 300px\" \/>A Dire\u00e7\u00e3o Geral da \u00a0Faculdade de Medicina de Mar\u00edlia (Famema), ap\u00f3s movimento estudantil que foi deflagrado em Assembleia Geral dos Estudantes ocorrida no dia 03 de outubro\u00a0&#8211; movimento idealizado pelo Diret\u00f3rio Acad\u00eamico Christiano\u00a0 Altenfelder (DACA)- ainda n\u00e3o se manifestou com alguma posi\u00e7\u00e3o oficial \u00e0s reivindica\u00e7\u00f5es dos alunos.<\/p>\n<p>Os alunos solicitam melhorias, tais como contrata\u00e7\u00e3o de professores nas cadeiras b\u00e1sicas,\u00a0 constru\u00e7\u00e3o de refeit\u00f3rio universit\u00e1rio, constru\u00e7\u00e3o de salas de aulas e melhora na qualidade do ensino superior, pois\u00a0os alunos do curso de medicina\u00a0questionam o atual modelo PBL, sem aulas\u00a0 e ou laborat\u00f3rios nas cadeiras b\u00e1sicas: anatomia, histologia, fisiologia, bioqu\u00edmica, imunologia, microbiologia, farmacologia, \u00a0parasitologia e \u00a0patologia.<\/p>\n<p>O movimento foi deflagrado no dia 04 de outubro, e ap\u00f3s reuni\u00e3o com a Diretoria de Gradua\u00e7\u00e3o no dia 03 de outubro, houve consenso de se esperar 15 dias para\u00a0se\u00a0aguardar as exig\u00eancias\u00a0 apontadas na Assembleia Geral do Daca com os alunos da Famema.<\/p>\n<p>O movimento com enorme ades\u00e3o dos alunos da Faculdade de Medicina de Mar\u00edlia (Famema), foi amplamente divulgado pelo Jornal o Estado de S\u00e3o Paulo.<\/p>\n<p>Em Mar\u00edlia, os alunos fizeram grande manifesta\u00e7\u00e3o exigindo resolu\u00e7\u00e3o dos problemas que ocorrem na gradua\u00e7\u00e3o, tais como rediscutir o\u00a0 atual modelo de ensino:\u00a0 o PBL (Problem Based Learning), ou ABP (Aprendizagem Baseada em Problemas).<\/p>\n<p>O PBL, que \u00e9\u00a0na verdade, \u00a0mais \u00a0uma\u00a0 modelo pedag\u00f3gico de ensino, e n\u00e3o o fim em si mesmo, \u00e9 aplicado na Famema sem o necess\u00e1rio cuidado em se oferecer os conte\u00fados te\u00f3ricos m\u00ednimos durante o curso de gradua\u00e7\u00e3o de medicina, e por tal motivo obriga os alunos a procurarem durante a gradua\u00e7\u00e3o a realiza\u00e7\u00e3o de &#8220;cursos preparat\u00f3rios&#8221; como \u00a0Med Curso, SJT e outros, se quiserem entrar em Resid\u00eancia M\u00e9dicas pelo pa\u00eds.<\/p>\n<p>O descaso ao longo dos \u00faltimos meses com os alunos da 4\u00ba ano do curso de medicina,\u00a0os\u00a0quais devem se deslocar a cidade de Gar\u00e7a para realizarem est\u00e1gio com &#8220;professores colaboradores&#8221; em USF , provocou muita revolta entre os alunos, embora os alunos tenham solicitado em reuni\u00e3o, acontecida no final do primeiro semestre, que essa situa\u00e7\u00e3o fosse mudada pela Coordenadoria do Curso de Medicina da Famema.<\/p>\n<p>Final do primeiro semestre, e quase ao final do segundo semestre,\u00a0 nada mudou na institui\u00e7\u00e3o, segundo relatam os alunos, e diante de tais fatos, os alunos lutam por implemento de mudan\u00e7as j\u00e1, sob pena de greve\u00a0 nos pr\u00f3ximos dias.<\/p>\n<p>O DACA reivindica que a faculdade de medicina volte a ter aulas magnas com conte\u00fados te\u00f3ricos ao longo do curso, e n\u00e3o apenas o modelo pedag\u00f3gico PBL, e a necessidade de rediscuss\u00e3o dos crit\u00e9rios de avalia\u00e7\u00e3o, a qual \u00e9 feita\u00a0hoje na institui\u00e7\u00e3o por meio de curr\u00edculo de compet\u00eancia,\u00a0 e ainda por meio de <strong>conceitos satisfat\u00f3rio e ou insatisfat\u00f3rio em conceito subjetivo emitido por docente ou docentes.<\/strong><\/p>\n<p>As aulas podem e devem ser dadas sim, e desenvolvidas em diversos cen\u00e1rios, tais como, Unidades B\u00e1sicas de Sa\u00fade, em Unidades de Sa\u00fade da Fam\u00edlia, em laborat\u00f3rios de ensino, e em ambulat\u00f3rios de especialidades, com aquisi\u00e7\u00e3o de conceitos te\u00f3ricos em atividades pr\u00e1ticas para efetividade do aprendizado.<\/p>\n<p>Os alunos relatam que esperam\u00a0 futura encampa\u00e7\u00e3o da Famema pela Unesp, Unicamp ou USP, e que almejam o equil\u00edbrio com a utiliza\u00e7\u00e3o de\u00a0 ferramentas e modelos pedag\u00f3gico \u00e0 institui\u00e7\u00e3o, mesclando aulas magnas, rediscuss\u00e3o do PBL na institui\u00e7\u00e3o, e cria\u00e7\u00e3o de laborat\u00f3rios de ensino-apredizagem.<\/p>\n<p><a href=\"https:\/\/miltonmarchioli.com.br\/blog\/wp-content\/uploads\/MO\u00c7\u00c3O-DE-APOIO-FAMEMA-UNICAMP-12-10-2011.pdf\">O\u00a0 DACA recebeu apoio do Diret\u00f3rio Acad\u00eamico da\u00a0 Faculdade de Medicina da Unicamp &#8211; Adolto Lutz\u00a0\u00a0por meio de\u00a0mo\u00e7\u00e3o de \u00a0apoio ao movimento dos alunos em suas reivindica\u00e7\u00f5es que se fazem pertinentes e necess\u00e1rias na Famema.<\/a><\/p>\n<p>Um movimento estudantil jamais visto na Famema.<\/p>\n<p>Alunos querem rediscutir o modelo de ensino:<\/p>\n<p>&#8220;O PBL made in Brasil&#8221; !<\/p>\n<p>N\u00e3o ao sucateamento da educa\u00e7\u00e3o em ensino superior com recursos p\u00fablicos.<\/p>\n<p>A sociedade brasileira n\u00e3o merece!Em defesa de ensino superior com qualidade\u00a0 !<\/p>\n<p><a href=\"https:\/\/miltonmarchioli.com.br\/blog\/wp-content\/uploads\/pbl-piada-barata-legalizada81.jpg\"><img loading=\"lazy\" decoding=\"async\" class=\"aligncenter wp-image-9365\" src=\"https:\/\/miltonmarchioli.com.br\/blog\/wp-content\/uploads\/pbl-piada-barata-legalizada81.jpg\" alt=\"pbl-piada-barata-legalizada8\" width=\"594\" height=\"445\" srcset=\"https:\/\/miltonmarchioli.com.br\/blog\/wp-content\/uploads\/pbl-piada-barata-legalizada81.jpg 720w, https:\/\/miltonmarchioli.com.br\/blog\/wp-content\/uploads\/pbl-piada-barata-legalizada81-300x225.jpg 300w\" sizes=\"auto, (max-width: 594px) 100vw, 594px\" \/><\/a><\/p>\n","protected":false},"excerpt":{"rendered":"<p>A Dire\u00e7\u00e3o Geral da \u00a0Faculdade de Medicina de Mar\u00edlia (Famema), ap\u00f3s movimento estudantil que foi deflagrado em Assembleia Geral dos Estudantes ocorrida no dia 03 de outubro\u00a0&#8211; movimento idealizado pelo Diret\u00f3rio Acad\u00eamico Christiano\u00a0 Altenfelder (DACA)- ainda n\u00e3o se manifestou com alguma posi\u00e7\u00e3o oficial \u00e0s reivindica\u00e7\u00f5es dos alunos. Os alunos solicitam melhorias, tais como contrata\u00e7\u00e3o de &hellip; <a href=\"https:\/\/miltonmarchioli.com.br\/blog\/diretorio-academico-christiano-altenfelder-recebe-apoio-do-diretorio-academico-da-unicamp\/\" class=\"more-link\">Continue lendo <span class=\"screen-reader-text\">Diret\u00f3rio  Acad\u00eamico Christiano Altenfelder recebe apoio do Diret\u00f3rio Acad\u00eamico  da Unicamp<\/span> <span class=\"meta-nav\">&rarr;<\/span><\/a><\/p>\n","protected":false},"author":2,"featured_media":0,"comment_status":"open","ping_status":"open","sticky":false,"template":"","format":"standard","meta":{"rop_custom_images_group":[],"rop_custom_messages_group":[],"rop_publish_now":"initial","rop_publish_now_accounts":[],"rop_publish_now_history":[],"rop_publish_now_status":"pending","footnotes":""},"categories":[8,332,13,9],"tags":[88,202,488],"class_list":["post-899","post","type-post","status-publish","format-standard","hentry","category-direito-e-saude","category-educacao","category-opiniao","category-saude-publica","tag-daca-recebe-mocao-de-apoio-do-diretorio-da-faculdade-de-medicina-da-unicamp","tag-famema","tag-pbl"],"_links":{"self":[{"href":"https:\/\/miltonmarchioli.com.br\/blog\/wp-json\/wp\/v2\/posts\/899","targetHints":{"allow":["GET"]}}],"collection":[{"href":"https:\/\/miltonmarchioli.com.br\/blog\/wp-json\/wp\/v2\/posts"}],"about":[{"href":"https:\/\/miltonmarchioli.com.br\/blog\/wp-json\/wp\/v2\/types\/post"}],"author":[{"embeddable":true,"href":"https:\/\/miltonmarchioli.com.br\/blog\/wp-json\/wp\/v2\/users\/2"}],"replies":[{"embeddable":true,"href":"https:\/\/miltonmarchioli.com.br\/blog\/wp-json\/wp\/v2\/comments?post=899"}],"version-history":[{"count":28,"href":"https:\/\/miltonmarchioli.com.br\/blog\/wp-json\/wp\/v2\/posts\/899\/revisions"}],"predecessor-version":[{"id":13430,"href":"https:\/\/miltonmarchioli.com.br\/blog\/wp-json\/wp\/v2\/posts\/899\/revisions\/13430"}],"wp:attachment":[{"href":"https:\/\/miltonmarchioli.com.br\/blog\/wp-json\/wp\/v2\/media?parent=899"}],"wp:term":[{"taxonomy":"category","embeddable":true,"href":"https:\/\/miltonmarchioli.com.br\/blog\/wp-json\/wp\/v2\/categories?post=899"},{"taxonomy":"post_tag","embeddable":true,"href":"https:\/\/miltonmarchioli.com.br\/blog\/wp-json\/wp\/v2\/tags?post=899"}],"curies":[{"name":"wp","href":"https:\/\/api.w.org\/{rel}","templated":true}]}}