{"id":9119,"date":"2015-08-17T22:50:03","date_gmt":"2015-08-18T01:50:03","guid":{"rendered":"http:\/\/miltonmarchioli.com.br\/blog\/?p=9119"},"modified":"2022-02-10T09:09:41","modified_gmt":"2022-02-10T12:09:41","slug":"conselho-pleno-da-oab-nacional-finaliza-votacao-do-novo-codigo-de-etica-dos-advogados","status":"publish","type":"post","link":"https:\/\/miltonmarchioli.com.br\/blog\/conselho-pleno-da-oab-nacional-finaliza-votacao-do-novo-codigo-de-etica-dos-advogados\/","title":{"rendered":"Conselho Pleno da OAB Nacional finaliza vota\u00e7\u00e3o do novo C\u00f3digo de \u00c9tica dos Advogados"},"content":{"rendered":"<p><a href=\"https:\/\/miltonmarchioli.com.br\/blog\/wp-content\/uploads\/\u00e9tica-total.png\"><img loading=\"lazy\" decoding=\"async\" class=\"alignleft size-medium wp-image-12269\" src=\"https:\/\/miltonmarchioli.com.br\/blog\/wp-content\/uploads\/\u00e9tica-total-300x199.png\" alt=\"\u00e9tica total\" width=\"300\" height=\"199\" srcset=\"https:\/\/miltonmarchioli.com.br\/blog\/wp-content\/uploads\/\u00e9tica-total-300x199.png 300w, https:\/\/miltonmarchioli.com.br\/blog\/wp-content\/uploads\/\u00e9tica-total.png 490w\" sizes=\"auto, (max-width: 300px) 100vw, 300px\" \/><\/a>Foi finalizada nesta segunda-feira (17) a vota\u00e7\u00e3o do Novo C\u00f3digo de \u00c9tica e Disciplina da Advocacia e da OAB.<\/p>\n<p>Ap\u00f3s diversas reuni\u00f5es extraordin\u00e1rias, os conselheiros federais terminaram a an\u00e1lise do anteprojeto elaborado por comiss\u00e3o especialmente designada para este fim.<\/p>\n<p>O novo C\u00f3digo de \u00c9tica da Advocacia atualiza e revisa o texto de 1995. O projeto ser\u00e1 encaminhado agora para a reda\u00e7\u00e3o final com todas as contribui\u00e7\u00f5es dos conselheiros.<\/p>\n<p>Foi estabelecido um per\u00edodo de 180 dias antes da entrada em vigor, para que as Seccionais tenham tempo de se adaptar os regimentos internos.<\/p>\n<p>Entre as novidades introduzidas pelo Novo C\u00f3digo de \u00c9tica est\u00e3o a aprova\u00e7\u00e3o da advocacia <strong>pro bono<\/strong> no Brasil, novas regras para a publicidade, especialmente na internet e telefonia, quest\u00f5es sobre honor\u00e1rios, advocacia p\u00fablica, rela\u00e7\u00f5es com clientes, sigilo profissional e dos procedimentos dos julgamentos de infra\u00e7\u00f5es.<\/p>\n<p>No caso da publicidade, assim como nos demais meios permitidos, a apresenta\u00e7\u00e3o do profissional em redes sociais deve ter car\u00e1ter meramente informativo e primar pela discri\u00e7\u00e3o e sobriedade, n\u00e3o podendo configurar capta\u00e7\u00e3o de clientela ou mercantiliza\u00e7\u00e3o da profiss\u00e3o.<\/p>\n<p>Segue vedada, por exemplo, a publicidade em r\u00e1dio, cinema e televis\u00e3o, outdoors e pain\u00e9is luminosos, muros, paredes, ve\u00edculos e elevadores.<\/p>\n<p>Antes de ir \u00e0 vota\u00e7\u00e3o no Conselho Pleno, a OAB abriu o texto do anteprojeto do C\u00f3digo de \u00c9tica para contribui\u00e7\u00f5es da advocacia e de entidades de classe.<\/p>\n<p><a href=\"http:\/\/www.oab.org.br\/noticia\/28655\/conselho-pleno-finaliza-votacao-do-novo-codigo-de-etica\"><strong>Fonte- Conselho Federal da Ordem dos Advogados do Brasil<\/strong><\/a><\/p>\n<p><a href=\"https:\/\/miltonmarchioli.com.br\/blog\/wp-content\/uploads\/OAB-CODIGO-DE-ETICA.jpg\"><img loading=\"lazy\" decoding=\"async\" class=\"aligncenter wp-image-9120\" src=\"https:\/\/miltonmarchioli.com.br\/blog\/wp-content\/uploads\/OAB-CODIGO-DE-ETICA.jpg\" alt=\"OAB- CODIGO DE ETICA\" width=\"426\" height=\"284\" srcset=\"https:\/\/miltonmarchioli.com.br\/blog\/wp-content\/uploads\/OAB-CODIGO-DE-ETICA.jpg 609w, https:\/\/miltonmarchioli.com.br\/blog\/wp-content\/uploads\/OAB-CODIGO-DE-ETICA-300x200.jpg 300w\" sizes=\"auto, (max-width: 426px) 100vw, 426px\" \/><\/a><\/p>\n","protected":false},"excerpt":{"rendered":"<p>Foi finalizada nesta segunda-feira (17) a vota\u00e7\u00e3o do Novo C\u00f3digo de \u00c9tica e Disciplina da Advocacia e da OAB. Ap\u00f3s diversas reuni\u00f5es extraordin\u00e1rias, os conselheiros federais terminaram a an\u00e1lise do anteprojeto elaborado por comiss\u00e3o especialmente designada para este fim. O novo C\u00f3digo de \u00c9tica da Advocacia atualiza e revisa o texto de 1995. O projeto &hellip; <a href=\"https:\/\/miltonmarchioli.com.br\/blog\/conselho-pleno-da-oab-nacional-finaliza-votacao-do-novo-codigo-de-etica-dos-advogados\/\" class=\"more-link\">Continue lendo <span class=\"screen-reader-text\">Conselho Pleno da OAB Nacional finaliza vota\u00e7\u00e3o do novo C\u00f3digo de \u00c9tica dos Advogados<\/span> <span class=\"meta-nav\">&rarr;<\/span><\/a><\/p>\n","protected":false},"author":2,"featured_media":0,"comment_status":"open","ping_status":"open","sticky":false,"template":"","format":"standard","meta":{"rop_custom_images_group":[],"rop_custom_messages_group":[],"rop_publish_now":"initial","rop_publish_now_accounts":[],"rop_publish_now_history":[],"rop_publish_now_status":"pending","footnotes":""},"categories":[18,366],"tags":[465],"class_list":["post-9119","post","type-post","status-publish","format-standard","hentry","category-direito","category-politica","tag-oab-codigo-de-etica-dos-advogados"],"_links":{"self":[{"href":"https:\/\/miltonmarchioli.com.br\/blog\/wp-json\/wp\/v2\/posts\/9119","targetHints":{"allow":["GET"]}}],"collection":[{"href":"https:\/\/miltonmarchioli.com.br\/blog\/wp-json\/wp\/v2\/posts"}],"about":[{"href":"https:\/\/miltonmarchioli.com.br\/blog\/wp-json\/wp\/v2\/types\/post"}],"author":[{"embeddable":true,"href":"https:\/\/miltonmarchioli.com.br\/blog\/wp-json\/wp\/v2\/users\/2"}],"replies":[{"embeddable":true,"href":"https:\/\/miltonmarchioli.com.br\/blog\/wp-json\/wp\/v2\/comments?post=9119"}],"version-history":[{"count":7,"href":"https:\/\/miltonmarchioli.com.br\/blog\/wp-json\/wp\/v2\/posts\/9119\/revisions"}],"predecessor-version":[{"id":13863,"href":"https:\/\/miltonmarchioli.com.br\/blog\/wp-json\/wp\/v2\/posts\/9119\/revisions\/13863"}],"wp:attachment":[{"href":"https:\/\/miltonmarchioli.com.br\/blog\/wp-json\/wp\/v2\/media?parent=9119"}],"wp:term":[{"taxonomy":"category","embeddable":true,"href":"https:\/\/miltonmarchioli.com.br\/blog\/wp-json\/wp\/v2\/categories?post=9119"},{"taxonomy":"post_tag","embeddable":true,"href":"https:\/\/miltonmarchioli.com.br\/blog\/wp-json\/wp\/v2\/tags?post=9119"}],"curies":[{"name":"wp","href":"https:\/\/api.w.org\/{rel}","templated":true}]}}