{"id":9122,"date":"2015-08-23T23:29:09","date_gmt":"2015-08-24T02:29:09","guid":{"rendered":"http:\/\/miltonmarchioli.com.br\/blog\/?p=9122"},"modified":"2022-02-10T10:08:06","modified_gmt":"2022-02-10T13:08:06","slug":"conselho-federal-de-medicina-e-associacao-medica-brasileira-querem-suspender-o-decreto-84972015","status":"publish","type":"post","link":"https:\/\/miltonmarchioli.com.br\/blog\/conselho-federal-de-medicina-e-associacao-medica-brasileira-querem-suspender-o-decreto-84972015\/","title":{"rendered":"Conselho Federal de Medicina e Associa\u00e7\u00e3o M\u00e9dica Brasileira querem suspender o Decreto 8497\/2015"},"content":{"rendered":"<p><a href=\"http:\/\/www.miltonmarchioli.com.br\/blog\/wp-content\/uploads\/decis\u00e3o-1.jpg\"><img loading=\"lazy\" decoding=\"async\" class=\"alignleft size-medium wp-image-13865\" src=\"http:\/\/www.miltonmarchioli.com.br\/blog\/wp-content\/uploads\/decis\u00e3o-1-297x300.jpg\" alt=\"decis\u00e3o 1\" width=\"297\" height=\"300\" srcset=\"https:\/\/miltonmarchioli.com.br\/blog\/wp-content\/uploads\/decis\u00e3o-1-297x300.jpg 297w, https:\/\/miltonmarchioli.com.br\/blog\/wp-content\/uploads\/decis\u00e3o-1.jpg 703w\" sizes=\"auto, (max-width: 297px) 100vw, 297px\" \/><\/a><\/p>\n<p>O Grupo de Trabalho criado para elaborar reda\u00e7\u00e3o alternativa ao texto do Decreto n\u00ba 8497\/2015, da Presid\u00eancia da Rep\u00fablica, que traz artigos que interferem no processo de forma\u00e7\u00e3o de especialistas no Pa\u00eds, concluiu seus trabalhos no dia 20 desse m\u00eas.<\/p>\n<p>Ap\u00f3s duas rodadas de trabalho, uma proposta foi consensuada entre os participantes.<\/p>\n<p>No novo texto, a grande maioria das sugest\u00f5es feitas pelas entidades m\u00e9dicas foram incorporadas, evitando preju\u00edzos para o sistema formador de especialistas no Brasil.<\/p>\n<p>Do Grupo participaram o Conselho Federal de Medicina (CFM), a Associa\u00e7\u00e3o M\u00e9dica Brasileira (AMB) e a Federa\u00e7\u00e3o Nacional dos M\u00e9dicos (Fenam). Al\u00e9m deles, contribu\u00edram com as discuss\u00f5es representantes do Governo e seis deputados federais.<\/p>\n<p>O Minist\u00e9rio da Sa\u00fade publicou nota em seu site informando sobre o consenso estabelecido e que a proposta agora ser\u00e1 submetida aos ministros Arthur Chioro e Renato Janine (Educa\u00e7\u00e3o) para posterior encaminhamento \u00e0 Casa Civil.<\/p>\n<p>As entidades m\u00e9dicas acreditam que a nova reda\u00e7\u00e3o aperfei\u00e7oou o texto original, mas se mant\u00e9m atentas aos desdobramentos e poss\u00edveis retrocessos nas negocia\u00e7\u00f5es.<\/p>\n<p>Caso n\u00e3o exista consenso at\u00e9 a pr\u00f3xima quarta-feira (26), o presidente da C\u00e2mara dos Deputados, Eduardo Cunha, se comprometeu a colocar \u2013 em car\u00e1ter de urg\u00eancia \u2013 o Projeto de Decreto Legislativo (PDC 157\/15) em vota\u00e7\u00e3o. Se aprovado, ele sustar\u00e1 os efeitos das medidas propostas pelo Governo, em seu formato original.<\/p>\n<p>Os dispositivos [do Decreto 8497\/15] suplantam compet\u00eancias da AMB e das demais associa\u00e7\u00f5es m\u00e9dicas legalmente constitu\u00eddas que fiscalizam os cursos e certificam como especialistas os profissionais m\u00e9dicos.<\/p>\n<p>O Decreto 8497\/2915 invade compet\u00eancias da AMB e CFM.<\/p>\n<p><strong><a href=\"http:\/\/portal.cfm.org.br\/index.php?option=com_content&amp;view=article&amp;id=25685:2015-08-21-18-39-56&amp;catid=3\">Fonte- Conselho Federal de Medicina<\/a><\/strong><\/p>\n<p><a href=\"https:\/\/miltonmarchioli.com.br\/blog\/wp-content\/uploads\/cfm-texto-alernativo-ao-decreto-8497-2015.jpg\"><img loading=\"lazy\" decoding=\"async\" class=\"aligncenter wp-image-9124\" src=\"https:\/\/miltonmarchioli.com.br\/blog\/wp-content\/uploads\/cfm-texto-alernativo-ao-decreto-8497-2015.jpg\" alt=\"cfm - texto alernativo ao decreto 8497-2015\" width=\"583\" height=\"686\" srcset=\"https:\/\/miltonmarchioli.com.br\/blog\/wp-content\/uploads\/cfm-texto-alernativo-ao-decreto-8497-2015.jpg 836w, https:\/\/miltonmarchioli.com.br\/blog\/wp-content\/uploads\/cfm-texto-alernativo-ao-decreto-8497-2015-255x300.jpg 255w\" sizes=\"auto, (max-width: 583px) 100vw, 583px\" \/><\/a><\/p>\n","protected":false},"excerpt":{"rendered":"<p>O Grupo de Trabalho criado para elaborar reda\u00e7\u00e3o alternativa ao texto do Decreto n\u00ba 8497\/2015, da Presid\u00eancia da Rep\u00fablica, que traz artigos que interferem no processo de forma\u00e7\u00e3o de especialistas no Pa\u00eds, concluiu seus trabalhos no dia 20 desse m\u00eas. Ap\u00f3s duas rodadas de trabalho, uma proposta foi consensuada entre os participantes. No novo texto, &hellip; <a href=\"https:\/\/miltonmarchioli.com.br\/blog\/conselho-federal-de-medicina-e-associacao-medica-brasileira-querem-suspender-o-decreto-84972015\/\" class=\"more-link\">Continue lendo <span class=\"screen-reader-text\">Conselho Federal de Medicina e Associa\u00e7\u00e3o M\u00e9dica Brasileira querem suspender o Decreto 8497\/2015<\/span> <span class=\"meta-nav\">&rarr;<\/span><\/a><\/p>\n","protected":false},"author":2,"featured_media":0,"comment_status":"open","ping_status":"open","sticky":false,"template":"","format":"standard","meta":{"rop_custom_images_group":[],"rop_custom_messages_group":[],"rop_publish_now":"initial","rop_publish_now_accounts":[],"rop_publish_now_history":[],"rop_publish_now_status":"pending","footnotes":""},"categories":[18,8,332],"tags":[548],"class_list":["post-9122","post","type-post","status-publish","format-standard","hentry","category-direito","category-direito-e-saude","category-educacao","tag-decreto-8497-2015-especialistas-medicos-no-brasil"],"_links":{"self":[{"href":"https:\/\/miltonmarchioli.com.br\/blog\/wp-json\/wp\/v2\/posts\/9122","targetHints":{"allow":["GET"]}}],"collection":[{"href":"https:\/\/miltonmarchioli.com.br\/blog\/wp-json\/wp\/v2\/posts"}],"about":[{"href":"https:\/\/miltonmarchioli.com.br\/blog\/wp-json\/wp\/v2\/types\/post"}],"author":[{"embeddable":true,"href":"https:\/\/miltonmarchioli.com.br\/blog\/wp-json\/wp\/v2\/users\/2"}],"replies":[{"embeddable":true,"href":"https:\/\/miltonmarchioli.com.br\/blog\/wp-json\/wp\/v2\/comments?post=9122"}],"version-history":[{"count":11,"href":"https:\/\/miltonmarchioli.com.br\/blog\/wp-json\/wp\/v2\/posts\/9122\/revisions"}],"predecessor-version":[{"id":13866,"href":"https:\/\/miltonmarchioli.com.br\/blog\/wp-json\/wp\/v2\/posts\/9122\/revisions\/13866"}],"wp:attachment":[{"href":"https:\/\/miltonmarchioli.com.br\/blog\/wp-json\/wp\/v2\/media?parent=9122"}],"wp:term":[{"taxonomy":"category","embeddable":true,"href":"https:\/\/miltonmarchioli.com.br\/blog\/wp-json\/wp\/v2\/categories?post=9122"},{"taxonomy":"post_tag","embeddable":true,"href":"https:\/\/miltonmarchioli.com.br\/blog\/wp-json\/wp\/v2\/tags?post=9122"}],"curies":[{"name":"wp","href":"https:\/\/api.w.org\/{rel}","templated":true}]}}