{"id":9136,"date":"2015-08-25T20:47:00","date_gmt":"2015-08-25T23:47:00","guid":{"rendered":"http:\/\/miltonmarchioli.com.br\/blog\/?p=9136"},"modified":"2022-02-10T10:23:00","modified_gmt":"2022-02-10T13:23:00","slug":"cfm-revela-insuficiencia-de-leitos-publicos-de-equipes-de-esf-e-de-hospitais-de-ensino-em-cidades-que-possuem-cursos-de-medicina","status":"publish","type":"post","link":"https:\/\/miltonmarchioli.com.br\/blog\/cfm-revela-insuficiencia-de-leitos-publicos-de-equipes-de-esf-e-de-hospitais-de-ensino-em-cidades-que-possuem-cursos-de-medicina\/","title":{"rendered":"CFM revela insufici\u00eancia de leitos p\u00fablicos, de equipes de ESF e de hospitais de ensino em cidades que possuem cursos de medicina"},"content":{"rendered":"<p><a href=\"http:\/\/www.miltonmarchioli.com.br\/blog\/wp-content\/uploads\/medicina.jpg\"><img loading=\"lazy\" decoding=\"async\" class=\"alignleft size-medium wp-image-13867\" src=\"http:\/\/www.miltonmarchioli.com.br\/blog\/wp-content\/uploads\/medicina-300x198.jpg\" alt=\"medicina\" width=\"300\" height=\"198\" srcset=\"https:\/\/miltonmarchioli.com.br\/blog\/wp-content\/uploads\/medicina-300x198.jpg 300w, https:\/\/miltonmarchioli.com.br\/blog\/wp-content\/uploads\/medicina-768x507.jpg 768w, https:\/\/miltonmarchioli.com.br\/blog\/wp-content\/uploads\/medicina.jpg 971w\" sizes=\"auto, (max-width: 300px) 100vw, 300px\" \/><\/a><\/p>\n<p>Dados preocupantes assolam os cursos de medicina do Brasil.<\/p>\n<p>Dos 42 munic\u00edpios que receberam escolas m\u00e9dicas de 2013 a julho de 2015, 60% (25) n\u00e3o atendem ao crit\u00e9rio de cinco leitos do Sistema \u00danico de Sa\u00fade (SUS) para cada aluno de medicina matriculado.<\/p>\n<p>Este balizador est\u00e1 previsto em diretrizes do Minist\u00e9rio da Educa\u00e7\u00e3o que estabelece regras para a abertura de escolas m\u00e9dicas, como a exist\u00eancia de leitos SUS e de equipes de aten\u00e7\u00e3o b\u00e1sica em quantidade menor ou igual a tr\u00eas por cada estudante.<\/p>\n<p>Mas este n\u00e3o \u00e9 o \u00fanico problema existente no segmento.<\/p>\n<p>De acordo com o levantamento do CFM, 42% (18) desses munic\u00edpios tamb\u00e9m n\u00e3o t\u00eam Equipes de Sa\u00fade da Fam\u00edlia (ESF) em quantidade suficiente para acolher os alunos dentro do processo de ensino-aprendizagem.<\/p>\n<p>Se o crit\u00e9rio da Portaria 2\/2013 fosse aplicado nos 157 munic\u00edpios que abrigam escolas m\u00e9dicas (independentemente da data de cria\u00e7\u00e3o), 74 deles n\u00e3o disporiam de leitos SUS em n\u00famero suficiente e 68 n\u00e3o disponibilizariam as equipes ESF dentro dos par\u00e2metros recomendados.<\/p>\n<p>Para atender as regras, seria necess\u00e1ria a cria\u00e7\u00e3o de 15 mil leitos hospitalares e de 1.290 equipes de ESF<\/p>\n<p><strong>Mais M\u00e9dicos <\/strong><\/p>\n<p>Em fevereiro de 2013, quando anunciou a Portaria 02\/2013 com regras para a abertura de faculdades de medicina, o ministro da Educa\u00e7\u00e3o \u00e0 \u00e9poca, Aloizio Mercadante, anunciou que estava &#8220;moralizando&#8221; [desde quando algu\u00e9m do PT tem essa ilibada conduta] a abertura de escolas m\u00e9dicas.<\/p>\n<p>A fal\u00e1cia se diluiu entre dados que indicam que as regras propostas n\u00e3o t\u00eam sido obedecidas.<\/p>\n<p>E para o governo da &#8220;Esquerda Rolex&#8221; as falas sempre mudam&#8230;<\/p>\n<p>Depende do interlocutor !<\/p>\n<p>De acordo com a esta\u00e7\u00e3o do ano&#8230;<\/p>\n<p>Os par\u00e2metros constantes na Portaria 2\/2013 valeriam para os estabelecimentos que tivessem protocolados os pedidos de abertura de curso at\u00e9 31 de janeiro de 2013.<\/p>\n<p>Na esteira da Lei do Mais M\u00e9dicos (12.871\/13), a partir de julho de 2013 foram estabelecidas novas regras pela Portaria 13\/2013, que manteve os mesmos crit\u00e9rios quanto ao n\u00famero de leitos e de ESF, por\u00e9m em n\u00edvel regional, e n\u00e3o mais municipal.<\/p>\n<p>Diante do impasse, o Governo mudou os crit\u00e9rios sem o alarde feito na edi\u00e7\u00e3o das Portarias 2\/2013 e 13\/2003.<\/p>\n<p>Assim, o Minist\u00e9rio da Educa\u00e7\u00e3o publicou a Portaria 5\/2015, \u00a0flexibilizando os crit\u00e9rios anteriores e tornou mais subjetivo \u00e0s exig\u00eancias contidas nas normas anteriores.<\/p>\n<p>De acordo com levantamento do CFM, se a Portaria 13\/2013 fosse aplicada na avalia\u00e7\u00e3o dos 36 munic\u00edpios selecionados recentemente para receber escolas m\u00e9dicas, 20 deles n\u00e3o atenderiam o crit\u00e9rio de alunos versus o n\u00famero de leitos.<\/p>\n<p>E 12 deles n\u00e3o teriam equipes de sa\u00fade em n\u00famero suficiente.<\/p>\n<p>Outrossim. os munic\u00edpios selecionados de acordo pelas regras do Mais M\u00e9dicos n\u00e3o ter\u00e3o de cumprir os crit\u00e9rios de n\u00famero de leitos e de equipes de sa\u00fade da fam\u00edlia.<\/p>\n<p>J\u00e1 as outras escolas m\u00e9dicas credenciadas de acordo com a Portaria 2\/2013 continuam, em tese, obrigadas a atender os requisitos, pois ela n\u00e3o foi revogada pela Portaria 5\/2015.<\/p>\n<p>Mais uma flexibilizada do governo do PT.<\/p>\n<p>Tudo para estimular mais cursos de medicina pelo Brasil !<\/p>\n<p>Antes mesmo da edi\u00e7\u00e3o da Portaria 5\/2015 o governo j\u00e1 buscava uma alternativa para n\u00e3o ter de obedecer as regras que o mesmo criou.<\/p>\n<p>A primeira tentativa foi de mudar um detalhe: enquanto na Portaria 2\/2013 a exig\u00eancia de n\u00fameros de leitos e de equipes de sa\u00fade era feita por munic\u00edpios, a Portaria 13\/2013 estabelecia que \u201cpara fins de verifica\u00e7\u00e3o de disponibilidade da infraestrutura de equipamentos p\u00fablicos e programas de sa\u00fade\u201d, podiam-se considerar os dados da Regi\u00e3o de Sa\u00fade na qual estava inserido o munic\u00edpio de oferta do curso.<\/p>\n<p>Em rela\u00e7\u00e3o aos hospitais universit\u00e1rios, tamb\u00e9m h\u00e1 diferen\u00e7as entre as duas portarias.<\/p>\n<p>Enquanto a 2\/2013 prev\u00ea v\u00ednculos com hospitais de ensino, as Portaria 13\/13 e 5\/15 estabelecem que sejam considerados, tamb\u00e9m, hospitais \u201ccom potencial para ensino\u201d.<\/p>\n<p>Enfim, o Mais M\u00e9dicos tornou-se o Menos Medicina de Qualidade !<\/p>\n<p><a href=\"https:\/\/miltonmarchioli.com.br\/blog\/wp-content\/uploads\/escolas-medicas-alunos-e-leitos-sus-e-alunos-e-esf.jpg\"><img loading=\"lazy\" decoding=\"async\" class=\"aligncenter wp-image-9138\" src=\"https:\/\/miltonmarchioli.com.br\/blog\/wp-content\/uploads\/escolas-medicas-alunos-e-leitos-sus-e-alunos-e-esf.jpg\" alt=\"escolas medicas - alunos e leitos sus e alunos e esf\" width=\"611\" height=\"749\" srcset=\"https:\/\/miltonmarchioli.com.br\/blog\/wp-content\/uploads\/escolas-medicas-alunos-e-leitos-sus-e-alunos-e-esf.jpg 685w, https:\/\/miltonmarchioli.com.br\/blog\/wp-content\/uploads\/escolas-medicas-alunos-e-leitos-sus-e-alunos-e-esf-245x300.jpg 245w\" sizes=\"auto, (max-width: 611px) 100vw, 611px\" \/><\/a><\/p>\n","protected":false},"excerpt":{"rendered":"<p>Dados preocupantes assolam os cursos de medicina do Brasil. Dos 42 munic\u00edpios que receberam escolas m\u00e9dicas de 2013 a julho de 2015, 60% (25) n\u00e3o atendem ao crit\u00e9rio de cinco leitos do Sistema \u00danico de Sa\u00fade (SUS) para cada aluno de medicina matriculado. Este balizador est\u00e1 previsto em diretrizes do Minist\u00e9rio da Educa\u00e7\u00e3o que estabelece &hellip; <a href=\"https:\/\/miltonmarchioli.com.br\/blog\/cfm-revela-insuficiencia-de-leitos-publicos-de-equipes-de-esf-e-de-hospitais-de-ensino-em-cidades-que-possuem-cursos-de-medicina\/\" class=\"more-link\">Continue lendo <span class=\"screen-reader-text\">CFM revela insufici\u00eancia de leitos p\u00fablicos, de equipes de ESF e de hospitais de ensino em cidades que possuem cursos de medicina<\/span> <span class=\"meta-nav\">&rarr;<\/span><\/a><\/p>\n","protected":false},"author":2,"featured_media":0,"comment_status":"open","ping_status":"open","sticky":false,"template":"","format":"standard","meta":{"rop_custom_images_group":[],"rop_custom_messages_group":[],"rop_publish_now":"initial","rop_publish_now_accounts":[],"rop_publish_now_history":[],"rop_publish_now_status":"pending","footnotes":""},"categories":[8,332,13,366],"tags":[549],"class_list":["post-9136","post","type-post","status-publish","format-standard","hentry","category-direito-e-saude","category-educacao","category-opiniao","category-politica","tag-conselho-federal-de-medicina-programa-mais-medicos"],"_links":{"self":[{"href":"https:\/\/miltonmarchioli.com.br\/blog\/wp-json\/wp\/v2\/posts\/9136","targetHints":{"allow":["GET"]}}],"collection":[{"href":"https:\/\/miltonmarchioli.com.br\/blog\/wp-json\/wp\/v2\/posts"}],"about":[{"href":"https:\/\/miltonmarchioli.com.br\/blog\/wp-json\/wp\/v2\/types\/post"}],"author":[{"embeddable":true,"href":"https:\/\/miltonmarchioli.com.br\/blog\/wp-json\/wp\/v2\/users\/2"}],"replies":[{"embeddable":true,"href":"https:\/\/miltonmarchioli.com.br\/blog\/wp-json\/wp\/v2\/comments?post=9136"}],"version-history":[{"count":7,"href":"https:\/\/miltonmarchioli.com.br\/blog\/wp-json\/wp\/v2\/posts\/9136\/revisions"}],"predecessor-version":[{"id":13868,"href":"https:\/\/miltonmarchioli.com.br\/blog\/wp-json\/wp\/v2\/posts\/9136\/revisions\/13868"}],"wp:attachment":[{"href":"https:\/\/miltonmarchioli.com.br\/blog\/wp-json\/wp\/v2\/media?parent=9136"}],"wp:term":[{"taxonomy":"category","embeddable":true,"href":"https:\/\/miltonmarchioli.com.br\/blog\/wp-json\/wp\/v2\/categories?post=9136"},{"taxonomy":"post_tag","embeddable":true,"href":"https:\/\/miltonmarchioli.com.br\/blog\/wp-json\/wp\/v2\/tags?post=9136"}],"curies":[{"name":"wp","href":"https:\/\/api.w.org\/{rel}","templated":true}]}}