{"id":9160,"date":"2015-09-01T23:49:30","date_gmt":"2015-09-02T02:49:30","guid":{"rendered":"http:\/\/miltonmarchioli.com.br\/blog\/?p=9160"},"modified":"2022-02-11T10:29:28","modified_gmt":"2022-02-11T13:29:28","slug":"a-caixa-pedagogica-de-pandora-e-a-independencia-verdadeira-do-brasil","status":"publish","type":"post","link":"https:\/\/miltonmarchioli.com.br\/blog\/a-caixa-pedagogica-de-pandora-e-a-independencia-verdadeira-do-brasil\/","title":{"rendered":"A Caixa pedag\u00f3gica de Pandora e a independ\u00eancia verdadeira do Brasil"},"content":{"rendered":"<p dir=\"ltr\"><a href=\"https:\/\/miltonmarchioli.com.br\/blog\/wp-content\/uploads\/caixa-de-pandora.jpg\"><img loading=\"lazy\" decoding=\"async\" class=\"alignleft wp-image-9161\" src=\"https:\/\/miltonmarchioli.com.br\/blog\/wp-content\/uploads\/caixa-de-pandora.jpg\" alt=\"caixa de pandora\" width=\"237\" height=\"188\" srcset=\"https:\/\/miltonmarchioli.com.br\/blog\/wp-content\/uploads\/caixa-de-pandora.jpg 400w, https:\/\/miltonmarchioli.com.br\/blog\/wp-content\/uploads\/caixa-de-pandora-300x237.jpg 300w\" sizes=\"auto, (max-width: 237px) 100vw, 237px\" \/><\/a><strong><em>Recebi e publico o belo texto do escritor e psiquiatra Jos\u00e9 Ademar, formado pela Universidade de S\u00e3o Paulo.<br \/>\n<\/em><\/strong><\/p>\n<p dir=\"ltr\"><strong><em>Ademar me manda essa missiva (ainda que por e-mail), a qual publico com todas as v\u00eanias para o nobre escritor:<\/em><\/strong><\/p>\n<p dir=\"ltr\">Caro amigo Milton,<\/p>\n<p dir=\"ltr\">(boa sorte para voc\u00ea, seus familiares, seus amigos, seus colaboradores, seus alunos e todos n\u00f3s!)<\/p>\n<p dir=\"ltr\">A Caixa de Pandora cont\u00e9m, segundo a mitologia grega,todos \u00a0os males do mundo, sendo aberta parcial ou totalmente \u00a0pela ordem natural dos fatos e das verdades sempre que este mister de vida se fa\u00e7a necess\u00e1rio para a amplia\u00e7\u00e3o da qualidade de nossa permuta com a ess\u00eancia da realidade que diz respeito a todos n\u00f3s; restando, segundo a lenda, sempre a esperan\u00e7a como est\u00edmulo para a sintonia com o resplendor da renova\u00e7\u00e3o que se aproxima.<\/p>\n<p>Estamos atravessando um momento cr\u00edtico da \u00a0hist\u00f3ria humana \u00a0neste \u00a0planeta, que nos prepara para um salto intr\u00ednseco de qualidade atrav\u00e9s da passagem para um n\u00edvel de consci\u00eancia mais amplo\u00a0sobre quem somos n\u00f3s e quem o Outro realmente \u00e9.<\/p>\n<p>Esta\u00a0situa\u00e7\u00e3o, que atinge em cheio o ser essencial e o ser social\u00a0do homem, diz respeito n\u00e3o apenas ao que representamos\u00a0em esp\u00edrito e verdade, mas tamb\u00e9m ao funcionamento b\u00e1sico das leis da vida.<\/p>\n<p>Como sabemos, as leis da vida n\u00e3o falham. H\u00e1 tr\u00eas delas que chamam nossa aten\u00e7\u00e3o pela amplitude de seu significado intr\u00ednseco: a) tudo se relaciona; b) tudo se\u00a0 transforma; c) lei de causa e efeito, ou de a\u00e7\u00e3o e rea\u00e7\u00e3o, ou do choque de retorno.<\/p>\n<p>Quando um ciclo de evolu\u00e7\u00e3o menor vai dar lugar a um ciclo de evolu\u00e7\u00e3o maior, o dinamismo de express\u00e3o extr\u00ednseca das leis da vida se acelera, para que o salto intr\u00ednseco de qualidade, que vai se processar, exija a participa\u00e7\u00e3o de toda a potencialidade criativa e amorosa de nosso ser interior.<\/p>\n<p>Tendo sido convidados a participar, ao lado de nossos pares essenciais, da frente desta luta individual e coletiva que, em n\u00edvel\u00a0planet\u00e1rio, j\u00e1 se iniciou, estamos testemunhando, segundo\u00a0as evid\u00eancias t\u00e3o claras que se apresentam, a amplia\u00e7\u00e3o dos sinais reveladores que indicam, tanto por dentro como por fora, a eclos\u00e3o de todas as virtudes da grande transforma\u00e7\u00e3o que est\u00e1 chegando.<\/p>\n<p>Sendo o Brasil reconhecido por todos, mesmo por aqueles que aparentam o m\u00e9rito desta verdade n\u00e3o perceber, como o &#8220;pa\u00eds do sexto sentido planet\u00e1rio&#8221;, cabe \u00e0 comunidade brasileira estar \u00e0 altura do significado\u00a0da miss\u00e3o espec\u00edfica \u00a0que o Brasil passa, a partir de agora, a representar na \u00a0hist\u00f3ria do conhecimento\u00a0e no concerto libert\u00e1rio das na\u00e7\u00f5es \u00a0irmanadas pela express\u00e3o majest\u00e1tica do amor universal; apesar de um r\u00e1pido golpe de vista superficial parecer n\u00e3o confirmar a autenticidade ineg\u00e1vel desta verdade insofism\u00e1vel.<\/p>\n<p>Para que este processo redentor que envolve a todos n\u00f3s se acelere, est\u00e1 sendo totalmente aberta, a partir de agora, pela \u00a0Natureza m\u00e3e a Caixa de Pandora em sua pedag\u00f3gica vers\u00e3o modernizada, situa\u00e7\u00e3o especial de vida esta que vai determinar a intensifica\u00e7\u00e3o dos abalos e das contradi\u00e7\u00f5es de fundo renovador em todo o planeta.<\/p>\n<p>Na pr\u00e1tica, mais do que assistirmos com surpresa ao que est\u00e1 chegando, vamos participar com determina\u00e7\u00e3o de\u00a0um espet\u00e1culo singular e glorioso para todos n\u00f3s: a) a chamada classe m\u00e9dia brasileira libertando-se de sua m\u00f3rbida passividade\u00a0an\u00edmica; b)\u00a0as elites profanas brasileiras sendo destronadas, ao lado das elites profanas mundiais, da majestade pecaminosa\u00a0de seu poder predador \u00a0e \u00a0venal; c) as classes\u00a0populares\u00a0brasileiras libertando-se \u00a0de \u00a0sua estarrecedora\u00a0aliena\u00e7\u00e3o secular de alma.<\/p>\n<p>\u00c9\u00a0 verdade que o pecaminoso e selv\u00e1tico sistema mercantilista mundial est\u00e1 com seus dias contados. trav\u00e9s do resplendor pedag\u00f3gico da efus\u00e3o de tantas contradi\u00e7\u00f5es naturais e atrav\u00e9s do manancial\u00a0incontido de tantas como\u00e7\u00f5es \u00a0de fundo terap\u00eautico, vamos participar diretamente da luta gloriosa pela independ\u00eancia verdadeira do Brasil. Esta situa\u00e7\u00e3o de vida privilegiada tem liga\u00e7\u00e3o essencial com a pr\u00f3pria alma sagrada do planeta e atingir\u00e1 diretamente as\u00a0almas sagradas de todas as na\u00e7\u00f5es e de todos n\u00f3s.<\/p>\n<p>Que estejamos \u00e0 altura, pela realeza da coragem l\u00facida e pelo desprendimento essencial de alma, da primazia desta vener\u00e1vel convoca\u00e7\u00e3o por parte da Natureza m\u00e3e!<\/p>\n<p>Grato pela sua aten\u00e7\u00e3o especial, caro amigo Milton.<\/p>\n<p>Boa sorte para todos n\u00f3s. Abra\u00e7o caloroso.<\/p>\n<p>Jos\u00e9 Ademar <a href=\"https:\/\/miltonmarchioli.com.br\/blog\/wp-content\/uploads\/caixa-de-pandora-2.png\"><img loading=\"lazy\" decoding=\"async\" class=\" aligncenter\" src=\"https:\/\/miltonmarchioli.com.br\/blog\/wp-content\/uploads\/caixa-de-pandora-2.png\" alt=\"caixa de pandora -2\" width=\"618\" height=\"480\" \/><\/a><\/p>\n","protected":false},"excerpt":{"rendered":"<p>Recebi e publico o belo texto do escritor e psiquiatra Jos\u00e9 Ademar, formado pela Universidade de S\u00e3o Paulo. Ademar me manda essa missiva (ainda que por e-mail), a qual publico com todas as v\u00eanias para o nobre escritor: Caro amigo Milton, (boa sorte para voc\u00ea, seus familiares, seus amigos, seus colaboradores, seus alunos e todos &hellip; <a href=\"https:\/\/miltonmarchioli.com.br\/blog\/a-caixa-pedagogica-de-pandora-e-a-independencia-verdadeira-do-brasil\/\" class=\"more-link\">Continue lendo <span class=\"screen-reader-text\">A Caixa pedag\u00f3gica de Pandora e a independ\u00eancia verdadeira do Brasil<\/span> <span class=\"meta-nav\">&rarr;<\/span><\/a><\/p>\n","protected":false},"author":2,"featured_media":0,"comment_status":"open","ping_status":"open","sticky":false,"template":"","format":"standard","meta":{"rop_custom_images_group":[],"rop_custom_messages_group":[],"rop_publish_now":"initial","rop_publish_now_accounts":[],"rop_publish_now_history":[],"rop_publish_now_status":"pending","footnotes":""},"categories":[13,366],"tags":[470],"class_list":["post-9160","post","type-post","status-publish","format-standard","hentry","category-opiniao","category-politica","tag-jose-ademar-a-caixa-pedagogica-de-pandora-e-a-independencia-verdadeira-do-brasil"],"_links":{"self":[{"href":"https:\/\/miltonmarchioli.com.br\/blog\/wp-json\/wp\/v2\/posts\/9160","targetHints":{"allow":["GET"]}}],"collection":[{"href":"https:\/\/miltonmarchioli.com.br\/blog\/wp-json\/wp\/v2\/posts"}],"about":[{"href":"https:\/\/miltonmarchioli.com.br\/blog\/wp-json\/wp\/v2\/types\/post"}],"author":[{"embeddable":true,"href":"https:\/\/miltonmarchioli.com.br\/blog\/wp-json\/wp\/v2\/users\/2"}],"replies":[{"embeddable":true,"href":"https:\/\/miltonmarchioli.com.br\/blog\/wp-json\/wp\/v2\/comments?post=9160"}],"version-history":[{"count":14,"href":"https:\/\/miltonmarchioli.com.br\/blog\/wp-json\/wp\/v2\/posts\/9160\/revisions"}],"predecessor-version":[{"id":9993,"href":"https:\/\/miltonmarchioli.com.br\/blog\/wp-json\/wp\/v2\/posts\/9160\/revisions\/9993"}],"wp:attachment":[{"href":"https:\/\/miltonmarchioli.com.br\/blog\/wp-json\/wp\/v2\/media?parent=9160"}],"wp:term":[{"taxonomy":"category","embeddable":true,"href":"https:\/\/miltonmarchioli.com.br\/blog\/wp-json\/wp\/v2\/categories?post=9160"},{"taxonomy":"post_tag","embeddable":true,"href":"https:\/\/miltonmarchioli.com.br\/blog\/wp-json\/wp\/v2\/tags?post=9160"}],"curies":[{"name":"wp","href":"https:\/\/api.w.org\/{rel}","templated":true}]}}