{"id":9176,"date":"2015-09-04T10:16:57","date_gmt":"2015-09-04T13:16:57","guid":{"rendered":"http:\/\/miltonmarchioli.com.br\/blog\/?p=9176"},"modified":"2022-02-11T10:34:32","modified_gmt":"2022-02-11T13:34:32","slug":"ainda-repercute-a-batalha-judicial-entre-ministerio-publico-federal-e-famema","status":"publish","type":"post","link":"https:\/\/miltonmarchioli.com.br\/blog\/ainda-repercute-a-batalha-judicial-entre-ministerio-publico-federal-e-famema\/","title":{"rendered":"Batalha judicial entre Minist\u00e9rio P\u00fablico Federal e Famema"},"content":{"rendered":"<p><a href=\"https:\/\/miltonmarchioli.com.br\/blog\/wp-content\/uploads\/esculapio-2.jpg\"><img loading=\"lazy\" decoding=\"async\" class=\"alignleft wp-image-8755\" src=\"https:\/\/miltonmarchioli.com.br\/blog\/wp-content\/uploads\/esculapio-2.jpg\" alt=\"esculapio 2\" width=\"246\" height=\"246\" srcset=\"https:\/\/miltonmarchioli.com.br\/blog\/wp-content\/uploads\/esculapio-2.jpg 300w, https:\/\/miltonmarchioli.com.br\/blog\/wp-content\/uploads\/esculapio-2-150x150.jpg 150w\" sizes=\"auto, (max-width: 246px) 100vw, 246px\" \/><\/a>Neste dia 04 de setembro de 2015, o Jornal do Povo, da cidade de Mar\u00edlia e regi\u00e3o, traz como capa do peri\u00f3dico a batalha judicial que ocorre entre o Minist\u00e9rio P\u00fablico Federal e a Famema (Faculdade de Medicina de Mar\u00edlia) para extinguir a Famar (Funda\u00e7\u00e3o de Apoio \u00e0 Faculdade de Medicina de Mar\u00edlia).<\/p>\n<p>Ap\u00f3s a realiza\u00e7\u00e3o da Opera\u00e7\u00e3o Escul\u00e1pio, ocorrida no dia 08 de julho de 2015, houve a devolu\u00e7\u00e3o de somente 5% dos objetos apreendidos, e n\u00e3o 100% conforme alega a assessoria de imprensa da Famema.<\/p>\n<p>Opera\u00e7\u00e3o Escul\u00e1pio investiga contratos terceirizados nas \u00e1reas de oftalmologia, nefrologia, e radioterapia.<\/p>\n<p>A A\u00e7\u00e3o Civil P\u00fablica proposta pelo Minist\u00e9rio P\u00fablico\u00a0 Federal aguarda recurso de Agravo de Instrumento para que a mesma possa transitar na Justi\u00e7a Federal.<\/p>\n<p>Caso isso n\u00e3o ocorra, dever\u00e1 ser deslocada para a justi\u00e7a estadual, o que em tese, depender\u00e1 do decl\u00ednio da Uni\u00e3o, Advocacia Geral da Uni\u00e3o, para a mesma ocorra na Justi\u00e7a Estadual.<\/p>\n<p><a href=\"http:\/\/jornaldopovomarilia.com\/2016\/05\/investigacoes-sobre-a-famema-viram-queda-de-braco\/\">O Jornal do Povo divulgou o impasse jur\u00eddico entre o Minist\u00e9rio P\u00fablico Federal e a Famema.<\/a><\/p>\n<p>A Opera\u00e7\u00e3o Escul\u00e1pio \u00e9 um divisor de \u00e1guas na Sa\u00fade P\u00fablica de Mar\u00edlia !<\/p>\n<p>A Opera\u00e7\u00e3o Escul\u00e1pio \u00e9 um divisor de \u00e1guas na Sa\u00fade P\u00fablica no interior do Estado de S\u00e3o Paulo !<\/p>\n<p><a href=\"https:\/\/miltonmarchioli.com.br\/blog\/wp-content\/uploads\/jornal-do-povo-04-09-2015.jpg\"><img loading=\"lazy\" decoding=\"async\" class=\"aligncenter size-full wp-image-9180\" src=\"https:\/\/miltonmarchioli.com.br\/blog\/wp-content\/uploads\/jornal-do-povo-04-09-2015.jpg\" alt=\"jornal do povo - 04-09-2015\" width=\"439\" height=\"836\" srcset=\"https:\/\/miltonmarchioli.com.br\/blog\/wp-content\/uploads\/jornal-do-povo-04-09-2015.jpg 439w, https:\/\/miltonmarchioli.com.br\/blog\/wp-content\/uploads\/jornal-do-povo-04-09-2015-158x300.jpg 158w\" sizes=\"auto, (max-width: 439px) 100vw, 439px\" \/><\/a><\/p>\n","protected":false},"excerpt":{"rendered":"<p>Neste dia 04 de setembro de 2015, o Jornal do Povo, da cidade de Mar\u00edlia e regi\u00e3o, traz como capa do peri\u00f3dico a batalha judicial que ocorre entre o Minist\u00e9rio P\u00fablico Federal e a Famema (Faculdade de Medicina de Mar\u00edlia) para extinguir a Famar (Funda\u00e7\u00e3o de Apoio \u00e0 Faculdade de Medicina de Mar\u00edlia). Ap\u00f3s a &hellip; <a href=\"https:\/\/miltonmarchioli.com.br\/blog\/ainda-repercute-a-batalha-judicial-entre-ministerio-publico-federal-e-famema\/\" class=\"more-link\">Continue lendo <span class=\"screen-reader-text\">Batalha judicial entre Minist\u00e9rio P\u00fablico Federal e Famema<\/span> <span class=\"meta-nav\">&rarr;<\/span><\/a><\/p>\n","protected":false},"author":2,"featured_media":0,"comment_status":"open","ping_status":"open","sticky":false,"template":"","format":"standard","meta":{"rop_custom_images_group":[],"rop_custom_messages_group":[],"rop_publish_now":"initial","rop_publish_now_accounts":[],"rop_publish_now_history":[],"rop_publish_now_status":"pending","footnotes":""},"categories":[18,8,9],"tags":[459,758,1288],"class_list":["post-9176","post","type-post","status-publish","format-standard","hentry","category-direito","category-direito-e-saude","category-saude-publica","tag-acao-civil-publica-famema-operacao-esculapio","tag-ministerio-publico-do-estado-de-sao-paulo","tag-ministerio-publico-federal"],"_links":{"self":[{"href":"https:\/\/miltonmarchioli.com.br\/blog\/wp-json\/wp\/v2\/posts\/9176","targetHints":{"allow":["GET"]}}],"collection":[{"href":"https:\/\/miltonmarchioli.com.br\/blog\/wp-json\/wp\/v2\/posts"}],"about":[{"href":"https:\/\/miltonmarchioli.com.br\/blog\/wp-json\/wp\/v2\/types\/post"}],"author":[{"embeddable":true,"href":"https:\/\/miltonmarchioli.com.br\/blog\/wp-json\/wp\/v2\/users\/2"}],"replies":[{"embeddable":true,"href":"https:\/\/miltonmarchioli.com.br\/blog\/wp-json\/wp\/v2\/comments?post=9176"}],"version-history":[{"count":12,"href":"https:\/\/miltonmarchioli.com.br\/blog\/wp-json\/wp\/v2\/posts\/9176\/revisions"}],"predecessor-version":[{"id":13873,"href":"https:\/\/miltonmarchioli.com.br\/blog\/wp-json\/wp\/v2\/posts\/9176\/revisions\/13873"}],"wp:attachment":[{"href":"https:\/\/miltonmarchioli.com.br\/blog\/wp-json\/wp\/v2\/media?parent=9176"}],"wp:term":[{"taxonomy":"category","embeddable":true,"href":"https:\/\/miltonmarchioli.com.br\/blog\/wp-json\/wp\/v2\/categories?post=9176"},{"taxonomy":"post_tag","embeddable":true,"href":"https:\/\/miltonmarchioli.com.br\/blog\/wp-json\/wp\/v2\/tags?post=9176"}],"curies":[{"name":"wp","href":"https:\/\/api.w.org\/{rel}","templated":true}]}}